{"id":121068,"date":"2026-03-04T21:23:44","date_gmt":"2026-03-05T00:23:44","guid":{"rendered":"https:\/\/cebb.org.br\/?p=121068"},"modified":"2026-03-16T16:57:17","modified_gmt":"2026-03-16T19:57:17","slug":"gestao-mandalas-joinville","status":"publish","type":"post","link":"https:\/\/cebb.org.br\/fr\/gestao-mandalas-joinville\/","title":{"rendered":"Gest\u00e3o por mandalas: o que \u00e9, seus desafios e como ilumin\u00e1-los"},"content":{"rendered":"<p>Na sexta-feira, dia 13, \u00e0s 19h30, receberemos a tutora Polliana Zocche no CEBB Joinville para uma palestra presencial, com transmiss\u00e3o online.<\/p>\n<p><!--more--><\/p>\n<p>&nbsp;<\/p>\n<p><em>&#8220;As mandalas n\u00e3o s\u00e3o simplesmente o lugar onde vamos fazer as coisas. S\u00e3o o lugar onde treinamos nossa mente, nossa energia, nosso foco, nossas rela\u00e7\u00f5es.&#8221; <\/em><br \/>\n\u2014Lama Padma Samten<\/p>\n<p>&nbsp;<\/p>\n<p>A opera\u00e7\u00e3o por mandalas muitas vezes \u00e9 vista como conectada a um aspecto pr\u00e1tico, de como vamos nos reunir em sanga para realizar alguma atividade. No entanto, isso est\u00e1 longe de ser o objetivo desta abordagem. O m\u00e9todo da opera\u00e7\u00e3o por mandalas \u00e9 a frui\u00e7\u00e3o da vis\u00e3o de forma coletiva, ancorada na pr\u00e1tica e na vis\u00e3o de cada ser e da sanga como um todo. Ent\u00e3o o que seria a opera\u00e7\u00e3o por mandalas e por que \u00e9 importante reconhec\u00ea-la? O que \u00e9 necess\u00e1rio para que ela realmente aconte\u00e7a? Como sustentar a mandala quando ela surge? E como lidar com os obst\u00e1culos que brotam em meio \u00e0s rela\u00e7\u00f5es e circunst\u00e2ncias conflitantes?<\/p>\n<p>&nbsp;<\/p>\n<p>Neste encontro com a tutora Polliana Zocche vamos iniciar um caminho de contempla\u00e7\u00e3o deste m\u00e9todo que \u00e9 oferecido pelo Lama Padma Samten como um campo de pr\u00e1tica de a\u00e7\u00e3o no mundo, ver os aspectos fundamentais para a opera\u00e7\u00e3o por mandalas e reconhecer o olhar que est\u00e1 na base da manifesta\u00e7\u00e3o das mandalas.<\/p>\n<p>&nbsp;<\/p>\n<p><strong>\ud83d\uddd3\ufe0f Informa\u00e7\u00f5es gerais:<\/strong><br \/>\n* Data: 13 de mar\u00e7o, sexta<br \/>\n* Modalidades: presencial ou on-line<br \/>\n* Hor\u00e1rio: 19h30 \u00e0s 21h30<br \/>\n* Contribui\u00e7\u00e3o sugerida: R$50<br \/>\n* Participa\u00e7\u00e3o presencial: CEBB Joinville (Rua Pedro Mayerle, 107 &#8211; Anita Garibaldi)<br \/>\n* \u2060Participa\u00e7\u00e3o on-line: o link ser\u00e1 enviado aos inscritos por e-mail<\/p>\n<p>\u27a1\ufe0f Inscreva-se aqui: <a href=\"https:\/\/forms.gle\/y26s3Q794qToCd769\"><strong>https:\/\/forms.gle\/y26s3Q794qToCd769<\/strong><\/a><\/p>\n<p>&nbsp;<\/p>\n<p><em>Indicado para quem j\u00e1 conhece o m\u00e9todo de opera\u00e7\u00e3o por mandalas praticado nos CEBBs e tamb\u00e9m para as pessoas interessadas em uma abordagem de auto-organiza\u00e7\u00e3o e a\u00e7\u00e3o coletiva ancorada na vis\u00e3o contemplativa da vida e da realidade. N\u00e3o \u00e9 indicado para quem quer respostas r\u00e1pidas, solu\u00e7\u00f5es objetivas ou n\u00e3o quer olhar para a pr\u00f3pria mente e suas rela\u00e7\u00f5es.<\/em><\/p>","protected":false},"excerpt":{"rendered":"<p>Na sexta-feira, dia 13, \u00e0s 19h30, receberemos a tutora Polliana Zocche no CEBB Joinville para uma palestra presencial, com transmiss\u00e3o online.<\/p>","protected":false},"author":41,"featured_media":121070,"comment_status":"open","ping_status":"open","sticky":false,"template":"","format":"standard","meta":{"footnotes":""},"categories":[719,392,336],"tags":[],"class_list":["post-121068","post","type-post","status-publish","format-standard","has-post-thumbnail","hentry","category-online","category-joinville","category-cursos-com-tutores"],"yoast_head":"<!-- This site is optimized with the Yoast SEO plugin v27.5 - https:\/\/yoast.com\/product\/yoast-seo-wordpress\/ -->\n<title>Gest\u00e3o por mandalas: o que \u00e9, seus desafios e como ilumin\u00e1-los - Centro de Estudos Budistas Bodisatva<\/title>\n<meta name=\"description\" content=\"Na sexta-feira, dia 13, \u00e0s 19h30, receberemos a tutora Polliana Zocche no CEBB Joinville para uma palestra presencial, com transmiss\u00e3o online.\" \/>\n<meta name=\"robots\" content=\"index, follow, max-snippet:-1, max-image-preview:large, max-video-preview:-1\" \/>\n<link rel=\"canonical\" href=\"https:\/\/cebb.org.br\/fr\/gestao-mandalas-joinville\/\" \/>\n<meta property=\"og:locale\" content=\"fr_FR\" \/>\n<meta property=\"og:type\" content=\"article\" \/>\n<meta property=\"og:title\" content=\"Gest\u00e3o por mandalas: o que \u00e9, seus desafios e como ilumin\u00e1-los - Centro de Estudos Budistas Bodisatva\" \/>\n<meta property=\"og:description\" content=\"Na sexta-feira, dia 13, \u00e0s 19h30, receberemos a tutora Polliana Zocche no CEBB Joinville para uma palestra presencial, com transmiss\u00e3o online.\" \/>\n<meta property=\"og:url\" content=\"https:\/\/cebb.org.br\/fr\/gestao-mandalas-joinville\/\" \/>\n<meta property=\"og:site_name\" content=\"Centro de Estudos Budistas Bodisatva\" \/>\n<meta property=\"article:publisher\" content=\"https:\/\/pt-br.facebook.com\/cebb108\" \/>\n<meta property=\"article:published_time\" content=\"2026-03-05T00:23:44+00:00\" \/>\n<meta property=\"article:modified_time\" content=\"2026-03-16T19:57:17+00:00\" \/>\n<meta property=\"og:image\" content=\"https:\/\/cebb.org.br\/wp-content\/uploads\/2026\/03\/gestao-por-mandalas.jpeg\" \/>\n\t<meta property=\"og:image:width\" content=\"1025\" \/>\n\t<meta property=\"og:image:height\" content=\"1280\" \/>\n\t<meta property=\"og:image:type\" content=\"image\/jpeg\" \/>\n<meta name=\"author\" content=\"polliana\" \/>\n<meta name=\"twitter:card\" content=\"summary_large_image\" \/>\n<meta name=\"twitter:label1\" content=\"\u00c9crit par\" \/>\n\t<meta name=\"twitter:data1\" content=\"polliana\" \/>\n\t<meta name=\"twitter:label2\" content=\"Dur\u00e9e de lecture estim\u00e9e\" \/>\n\t<meta name=\"twitter:data2\" content=\"2 minutes\" \/>\n<script type=\"application\/ld+json\" class=\"yoast-schema-graph\">{\"@context\":\"https:\\\/\\\/schema.org\",\"@graph\":[{\"@type\":\"Article\",\"@id\":\"https:\\\/\\\/cebb.org.br\\\/gestao-mandalas-joinville\\\/#article\",\"isPartOf\":{\"@id\":\"https:\\\/\\\/cebb.org.br\\\/gestao-mandalas-joinville\\\/\"},\"author\":{\"name\":\"polliana\",\"@id\":\"https:\\\/\\\/cebb.org.br\\\/#\\\/schema\\\/person\\\/2123fd62b5ce97d67a4cc0849bd7b645\"},\"headline\":\"Gest\u00e3o por mandalas: o que \u00e9, seus desafios e como ilumin\u00e1-los\",\"datePublished\":\"2026-03-05T00:23:44+00:00\",\"dateModified\":\"2026-03-16T19:57:17+00:00\",\"mainEntityOfPage\":{\"@id\":\"https:\\\/\\\/cebb.org.br\\\/gestao-mandalas-joinville\\\/\"},\"wordCount\":370,\"commentCount\":0,\"publisher\":{\"@id\":\"https:\\\/\\\/cebb.org.br\\\/#organization\"},\"image\":{\"@id\":\"https:\\\/\\\/cebb.org.br\\\/gestao-mandalas-joinville\\\/#primaryimage\"},\"thumbnailUrl\":\"https:\\\/\\\/cebb.org.br\\\/wp-content\\\/uploads\\\/2026\\\/03\\\/gestao-por-mandalas.jpeg\",\"articleSection\":[\".online\",\"CEBB Joinville\",\"Cursos com tutores\"],\"inLanguage\":\"fr-FR\",\"potentialAction\":[{\"@type\":\"CommentAction\",\"name\":\"Comment\",\"target\":[\"https:\\\/\\\/cebb.org.br\\\/gestao-mandalas-joinville\\\/#respond\"]}]},{\"@type\":\"WebPage\",\"@id\":\"https:\\\/\\\/cebb.org.br\\\/gestao-mandalas-joinville\\\/\",\"url\":\"https:\\\/\\\/cebb.org.br\\\/gestao-mandalas-joinville\\\/\",\"name\":\"Gest\u00e3o por mandalas: o que \u00e9, seus desafios e como ilumin\u00e1-los - Centro de Estudos Budistas Bodisatva\",\"isPartOf\":{\"@id\":\"https:\\\/\\\/cebb.org.br\\\/#website\"},\"primaryImageOfPage\":{\"@id\":\"https:\\\/\\\/cebb.org.br\\\/gestao-mandalas-joinville\\\/#primaryimage\"},\"image\":{\"@id\":\"https:\\\/\\\/cebb.org.br\\\/gestao-mandalas-joinville\\\/#primaryimage\"},\"thumbnailUrl\":\"https:\\\/\\\/cebb.org.br\\\/wp-content\\\/uploads\\\/2026\\\/03\\\/gestao-por-mandalas.jpeg\",\"datePublished\":\"2026-03-05T00:23:44+00:00\",\"dateModified\":\"2026-03-16T19:57:17+00:00\",\"description\":\"Na sexta-feira, dia 13, \u00e0s 19h30, receberemos a tutora Polliana Zocche no CEBB Joinville para uma palestra presencial, com transmiss\u00e3o online.\",\"breadcrumb\":{\"@id\":\"https:\\\/\\\/cebb.org.br\\\/gestao-mandalas-joinville\\\/#breadcrumb\"},\"inLanguage\":\"fr-FR\",\"potentialAction\":[{\"@type\":\"ReadAction\",\"target\":[\"https:\\\/\\\/cebb.org.br\\\/gestao-mandalas-joinville\\\/\"]}]},{\"@type\":\"ImageObject\",\"inLanguage\":\"fr-FR\",\"@id\":\"https:\\\/\\\/cebb.org.br\\\/gestao-mandalas-joinville\\\/#primaryimage\",\"url\":\"https:\\\/\\\/cebb.org.br\\\/wp-content\\\/uploads\\\/2026\\\/03\\\/gestao-por-mandalas.jpeg\",\"contentUrl\":\"https:\\\/\\\/cebb.org.br\\\/wp-content\\\/uploads\\\/2026\\\/03\\\/gestao-por-mandalas.jpeg\",\"width\":1025,\"height\":1280},{\"@type\":\"BreadcrumbList\",\"@id\":\"https:\\\/\\\/cebb.org.br\\\/gestao-mandalas-joinville\\\/#breadcrumb\",\"itemListElement\":[{\"@type\":\"ListItem\",\"position\":1,\"name\":\"Home\",\"item\":\"https:\\\/\\\/cebb.org.br\\\/\"},{\"@type\":\"ListItem\",\"position\":2,\"name\":\"Gest\u00e3o por mandalas: o que \u00e9, seus desafios e como ilumin\u00e1-los\"}]},{\"@type\":\"WebSite\",\"@id\":\"https:\\\/\\\/cebb.org.br\\\/#website\",\"url\":\"https:\\\/\\\/cebb.org.br\\\/\",\"name\":\"Centro de Estudos Budistas Bodisatva\",\"description\":\"Budismo, medita\u00e7\u00e3o e cultura de paz | Lama Padma Samten\",\"publisher\":{\"@id\":\"https:\\\/\\\/cebb.org.br\\\/#organization\"},\"potentialAction\":[{\"@type\":\"SearchAction\",\"target\":{\"@type\":\"EntryPoint\",\"urlTemplate\":\"https:\\\/\\\/cebb.org.br\\\/?s={search_term_string}\"},\"query-input\":{\"@type\":\"PropertyValueSpecification\",\"valueRequired\":true,\"valueName\":\"search_term_string\"}}],\"inLanguage\":\"fr-FR\"},{\"@type\":\"Organization\",\"@id\":\"https:\\\/\\\/cebb.org.br\\\/#organization\",\"name\":\"Centro de Estudos Budistas Bodisatva\",\"url\":\"https:\\\/\\\/cebb.org.br\\\/\",\"logo\":{\"@type\":\"ImageObject\",\"inLanguage\":\"fr-FR\",\"@id\":\"https:\\\/\\\/cebb.org.br\\\/#\\\/schema\\\/logo\\\/image\\\/\",\"url\":\"http:\\\/\\\/18.230.164.79\\\/wp-content\\\/uploads\\\/2011\\\/03\\\/logosalvador-peq-e1660064979551.jpg\",\"contentUrl\":\"http:\\\/\\\/18.230.164.79\\\/wp-content\\\/uploads\\\/2011\\\/03\\\/logosalvador-peq-e1660064979551.jpg\",\"width\":280,\"height\":231,\"caption\":\"Centro de Estudos Budistas Bodisatva\"},\"image\":{\"@id\":\"https:\\\/\\\/cebb.org.br\\\/#\\\/schema\\\/logo\\\/image\\\/\"},\"sameAs\":[\"https:\\\/\\\/pt-br.facebook.com\\\/cebb108\",\"https:\\\/\\\/www.instagram.com\\\/cebbcaminhodomeio\\\/\"]},{\"@type\":\"Person\",\"@id\":\"https:\\\/\\\/cebb.org.br\\\/#\\\/schema\\\/person\\\/2123fd62b5ce97d67a4cc0849bd7b645\",\"name\":\"polliana\",\"image\":{\"@type\":\"ImageObject\",\"inLanguage\":\"fr-FR\",\"@id\":\"https:\\\/\\\/secure.gravatar.com\\\/avatar\\\/48e49773e97caa564e8e265beba0401f438954d77e33d1a2663f8eba92920800?s=96&d=mm&r=g\",\"url\":\"https:\\\/\\\/secure.gravatar.com\\\/avatar\\\/48e49773e97caa564e8e265beba0401f438954d77e33d1a2663f8eba92920800?s=96&d=mm&r=g\",\"contentUrl\":\"https:\\\/\\\/secure.gravatar.com\\\/avatar\\\/48e49773e97caa564e8e265beba0401f438954d77e33d1a2663f8eba92920800?s=96&d=mm&r=g\",\"caption\":\"polliana\"},\"url\":\"https:\\\/\\\/cebb.org.br\\\/fr\\\/author\\\/polliana\\\/\"}]}<\/script>\n<!-- \/ Yoast SEO plugin. -->","yoast_head_json":{"title":"Gest\u00e3o por mandalas: o que \u00e9, seus desafios e como ilumin\u00e1-los - Centro de Estudos Budistas Bodisatva","description":"Na sexta-feira, dia 13, \u00e0s 19h30, receberemos a tutora Polliana Zocche no CEBB Joinville para uma palestra presencial, com transmiss\u00e3o online.","robots":{"index":"index","follow":"follow","max-snippet":"max-snippet:-1","max-image-preview":"max-image-preview:large","max-video-preview":"max-video-preview:-1"},"canonical":"https:\/\/cebb.org.br\/fr\/gestao-mandalas-joinville\/","og_locale":"fr_FR","og_type":"article","og_title":"Gest\u00e3o por mandalas: o que \u00e9, seus desafios e como ilumin\u00e1-los - Centro de Estudos Budistas Bodisatva","og_description":"Na sexta-feira, dia 13, \u00e0s 19h30, receberemos a tutora Polliana Zocche no CEBB Joinville para uma palestra presencial, com transmiss\u00e3o online.","og_url":"https:\/\/cebb.org.br\/fr\/gestao-mandalas-joinville\/","og_site_name":"Centro de Estudos Budistas Bodisatva","article_publisher":"https:\/\/pt-br.facebook.com\/cebb108","article_published_time":"2026-03-05T00:23:44+00:00","article_modified_time":"2026-03-16T19:57:17+00:00","og_image":[{"width":1025,"height":1280,"url":"https:\/\/cebb.org.br\/wp-content\/uploads\/2026\/03\/gestao-por-mandalas.jpeg","type":"image\/jpeg"}],"author":"polliana","twitter_card":"summary_large_image","twitter_misc":{"\u00c9crit par":"polliana","Dur\u00e9e de lecture estim\u00e9e":"2 minutes"},"schema":{"@context":"https:\/\/schema.org","@graph":[{"@type":"Article","@id":"https:\/\/cebb.org.br\/gestao-mandalas-joinville\/#article","isPartOf":{"@id":"https:\/\/cebb.org.br\/gestao-mandalas-joinville\/"},"author":{"name":"polliana","@id":"https:\/\/cebb.org.br\/#\/schema\/person\/2123fd62b5ce97d67a4cc0849bd7b645"},"headline":"Gest\u00e3o por mandalas: o que \u00e9, seus desafios e como ilumin\u00e1-los","datePublished":"2026-03-05T00:23:44+00:00","dateModified":"2026-03-16T19:57:17+00:00","mainEntityOfPage":{"@id":"https:\/\/cebb.org.br\/gestao-mandalas-joinville\/"},"wordCount":370,"commentCount":0,"publisher":{"@id":"https:\/\/cebb.org.br\/#organization"},"image":{"@id":"https:\/\/cebb.org.br\/gestao-mandalas-joinville\/#primaryimage"},"thumbnailUrl":"https:\/\/cebb.org.br\/wp-content\/uploads\/2026\/03\/gestao-por-mandalas.jpeg","articleSection":[".online","CEBB Joinville","Cursos com tutores"],"inLanguage":"fr-FR","potentialAction":[{"@type":"CommentAction","name":"Comment","target":["https:\/\/cebb.org.br\/gestao-mandalas-joinville\/#respond"]}]},{"@type":"WebPage","@id":"https:\/\/cebb.org.br\/gestao-mandalas-joinville\/","url":"https:\/\/cebb.org.br\/gestao-mandalas-joinville\/","name":"Gest\u00e3o por mandalas: o que \u00e9, seus desafios e como ilumin\u00e1-los - Centro de Estudos Budistas Bodisatva","isPartOf":{"@id":"https:\/\/cebb.org.br\/#website"},"primaryImageOfPage":{"@id":"https:\/\/cebb.org.br\/gestao-mandalas-joinville\/#primaryimage"},"image":{"@id":"https:\/\/cebb.org.br\/gestao-mandalas-joinville\/#primaryimage"},"thumbnailUrl":"https:\/\/cebb.org.br\/wp-content\/uploads\/2026\/03\/gestao-por-mandalas.jpeg","datePublished":"2026-03-05T00:23:44+00:00","dateModified":"2026-03-16T19:57:17+00:00","description":"Na sexta-feira, dia 13, \u00e0s 19h30, receberemos a tutora Polliana Zocche no CEBB Joinville para uma palestra presencial, com transmiss\u00e3o online.","breadcrumb":{"@id":"https:\/\/cebb.org.br\/gestao-mandalas-joinville\/#breadcrumb"},"inLanguage":"fr-FR","potentialAction":[{"@type":"ReadAction","target":["https:\/\/cebb.org.br\/gestao-mandalas-joinville\/"]}]},{"@type":"ImageObject","inLanguage":"fr-FR","@id":"https:\/\/cebb.org.br\/gestao-mandalas-joinville\/#primaryimage","url":"https:\/\/cebb.org.br\/wp-content\/uploads\/2026\/03\/gestao-por-mandalas.jpeg","contentUrl":"https:\/\/cebb.org.br\/wp-content\/uploads\/2026\/03\/gestao-por-mandalas.jpeg","width":1025,"height":1280},{"@type":"BreadcrumbList","@id":"https:\/\/cebb.org.br\/gestao-mandalas-joinville\/#breadcrumb","itemListElement":[{"@type":"ListItem","position":1,"name":"Home","item":"https:\/\/cebb.org.br\/"},{"@type":"ListItem","position":2,"name":"Gest\u00e3o por mandalas: o que \u00e9, seus desafios e como ilumin\u00e1-los"}]},{"@type":"WebSite","@id":"https:\/\/cebb.org.br\/#website","url":"https:\/\/cebb.org.br\/","name":"Centre d\u2019\u00c9tudes Bouddhistes Bodisatva (CEBB)","description":"Budismo, medita\u00e7\u00e3o e cultura de paz | Lama Padma Samten","publisher":{"@id":"https:\/\/cebb.org.br\/#organization"},"potentialAction":[{"@type":"SearchAction","target":{"@type":"EntryPoint","urlTemplate":"https:\/\/cebb.org.br\/?s={search_term_string}"},"query-input":{"@type":"PropertyValueSpecification","valueRequired":true,"valueName":"search_term_string"}}],"inLanguage":"fr-FR"},{"@type":"Organization","@id":"https:\/\/cebb.org.br\/#organization","name":"Centre d\u2019\u00c9tudes Bouddhistes Bodisatva (CEBB)","url":"https:\/\/cebb.org.br\/","logo":{"@type":"ImageObject","inLanguage":"fr-FR","@id":"https:\/\/cebb.org.br\/#\/schema\/logo\/image\/","url":"http:\/\/18.230.164.79\/wp-content\/uploads\/2011\/03\/logosalvador-peq-e1660064979551.jpg","contentUrl":"http:\/\/18.230.164.79\/wp-content\/uploads\/2011\/03\/logosalvador-peq-e1660064979551.jpg","width":280,"height":231,"caption":"Centro de Estudos Budistas Bodisatva"},"image":{"@id":"https:\/\/cebb.org.br\/#\/schema\/logo\/image\/"},"sameAs":["https:\/\/pt-br.facebook.com\/cebb108","https:\/\/www.instagram.com\/cebbcaminhodomeio\/"]},{"@type":"Person","@id":"https:\/\/cebb.org.br\/#\/schema\/person\/2123fd62b5ce97d67a4cc0849bd7b645","name":"polliana","image":{"@type":"ImageObject","inLanguage":"fr-FR","@id":"https:\/\/secure.gravatar.com\/avatar\/48e49773e97caa564e8e265beba0401f438954d77e33d1a2663f8eba92920800?s=96&d=mm&r=g","url":"https:\/\/secure.gravatar.com\/avatar\/48e49773e97caa564e8e265beba0401f438954d77e33d1a2663f8eba92920800?s=96&d=mm&r=g","contentUrl":"https:\/\/secure.gravatar.com\/avatar\/48e49773e97caa564e8e265beba0401f438954d77e33d1a2663f8eba92920800?s=96&d=mm&r=g","caption":"polliana"},"url":"https:\/\/cebb.org.br\/fr\/author\/polliana\/"}]}},"_links":{"self":[{"href":"https:\/\/cebb.org.br\/fr\/wp-json\/wp\/v2\/posts\/121068","targetHints":{"allow":["GET"]}}],"collection":[{"href":"https:\/\/cebb.org.br\/fr\/wp-json\/wp\/v2\/posts"}],"about":[{"href":"https:\/\/cebb.org.br\/fr\/wp-json\/wp\/v2\/types\/post"}],"author":[{"embeddable":true,"href":"https:\/\/cebb.org.br\/fr\/wp-json\/wp\/v2\/users\/41"}],"replies":[{"embeddable":true,"href":"https:\/\/cebb.org.br\/fr\/wp-json\/wp\/v2\/comments?post=121068"}],"version-history":[{"count":3,"href":"https:\/\/cebb.org.br\/fr\/wp-json\/wp\/v2\/posts\/121068\/revisions"}],"predecessor-version":[{"id":121081,"href":"https:\/\/cebb.org.br\/fr\/wp-json\/wp\/v2\/posts\/121068\/revisions\/121081"}],"wp:featuredmedia":[{"embeddable":true,"href":"https:\/\/cebb.org.br\/fr\/wp-json\/wp\/v2\/media\/121070"}],"wp:attachment":[{"href":"https:\/\/cebb.org.br\/fr\/wp-json\/wp\/v2\/media?parent=121068"}],"wp:term":[{"taxonomy":"category","embeddable":true,"href":"https:\/\/cebb.org.br\/fr\/wp-json\/wp\/v2\/categories?post=121068"},{"taxonomy":"post_tag","embeddable":true,"href":"https:\/\/cebb.org.br\/fr\/wp-json\/wp\/v2\/tags?post=121068"}],"curies":[{"name":"wp","href":"https:\/\/api.w.org\/{rel}","templated":true}]}}