{"id":121274,"date":"2026-03-15T11:28:20","date_gmt":"2026-03-15T14:28:20","guid":{"rendered":"https:\/\/cebb.org.br\/?p=121274"},"modified":"2026-03-15T13:09:19","modified_gmt":"2026-03-15T16:09:19","slug":"palestra-dissipando-a-confusao","status":"publish","type":"post","link":"https:\/\/cebb.org.br\/fr\/palestra-dissipando-a-confusao\/","title":{"rendered":"Palestra: Dissipando a Confus\u00e3o"},"content":{"rendered":"<h2 style=\"text-align: center;\"><strong>O Discernimento Vital para Nosso Tempo<\/strong><\/h2>\n<p style=\"text-align: center;\"><strong>\u00a0&#8211; <\/strong>26 de mar\u00e7o (quinta-feira) &#8211;\u00a0 19h30 &#8211;<\/p>\n<p>&nbsp;<\/p>\n<p>Vivemos tempos de excesso de informa\u00e7\u00e3o, polariza\u00e7\u00f5es e ansiedade coletiva. Em meio a tanto ru\u00eddo, torna-se dif\u00edcil distinguir realidade de interpreta\u00e7\u00e3o, percep\u00e7\u00e3o de proje\u00e7\u00e3o.<\/p>\n<p>Inspirada no Sutra do Cora\u00e7\u00e3o, esta palestra prop\u00f5e uma investiga\u00e7\u00e3o sobre a natureza da mente e os mecanismos que sustentam a confus\u00e3o. A sabedoria da Praj\u00f1\u0101 P\u0101ramit\u0101 \u00e9 um treinamento de discernimento: um convite a reconhecer como surgem medo, apego e reatividade e como desenvolver clareza, presen\u00e7a e estabilidade interior.<\/p>\n<p>Mais do que acumular conceitos, trata-se de cultivar lucidez.<\/p>\n<p>A palestra tamb\u00e9m ser\u00e1 uma introdu\u00e7\u00e3o ao retiro O Caminho da Lucidez em Meio ao Ru\u00eddo do Mundo, que acontecer\u00e1 no fim de semana no CEBB Rec\u00f4ncavo, aprofundando o coment\u00e1rio do mestre Taranatha ao Sutra do Cora\u00e7\u00e3o.<\/p>\n<p>&nbsp;<\/p>\n<h2 style=\"text-align: center;\"><strong>Sobre o Lama Jigme Lhawang<\/strong><\/h2>\n<p style=\"text-align: center;\">Lama Jigme Lhawang \u00e9 professor, tradutor, terapeuta e Lama no budismo dos Himalaias. Fundador e diretor do Instituto de Ci\u00eancias Contemplativas, desenvolve um trabalho que integra ci\u00eancia, psicoeduca\u00e7\u00e3o e pr\u00e1ticas contemplativas, reunindo saberes da antropologia, filosofia, psicologia e espiritualidade.<br \/>\nIniciou seu treinamento no budismo em 1995, como aluno de Lama Padma Samten e Chagdud Tulku Rinpoche. Entre 2003 e 2013, realizou um intenso treinamento mon\u00e1stico nos Himalaias, sendo posteriormente reconhecido como Lama por Sua Santidade Gyalwang Drukpa, l\u00edder da linhagem Drukpa do Budismo Himalaico.<\/p>\n<p>&nbsp;<\/p>\n<p>\ud83d\udcc5 Data: 26 de mar\u00e7o (quinta-feira)<br \/>\n\ud83d\udd62 Hor\u00e1rio: 19h30<br \/>\n\ud83d\udccd Local: N\u00facleo do Desenvolvimento<br \/>\nRua Baipendi, 222, Ondina \u2013 Salvador\/BA<br \/>\n\ud83d\udcb0 Contribui\u00e7\u00e3o sugerida: R$ 60,00<br \/>\n\ud83d\udd17 Inscri\u00e7\u00e3o obrigat\u00f3ria pelo link abaixo:<\/p>\n<p><a href=\"https:\/\/forms.gle\/CcbTqZ37eKpEcPmG9\">https:\/\/forms.gle\/CcbTqZ37eKpEcPmG9<\/a><\/p>\n<p>Em caso de d\u00favidas, entre em contato pelo WhatsApp: (71) 99121-9662<\/p>","protected":false},"excerpt":{"rendered":"<p>O Discernimento Vital para Nosso Tempo \u00a0&#8211; 26 de mar\u00e7o (quinta-feira) &#8211;\u00a0 19h30 &#8211; &nbsp; Vivemos tempos de excesso de informa\u00e7\u00e3o, polariza\u00e7\u00f5es e ansiedade coletiva. Em meio a tanto ru\u00eddo, torna-se dif\u00edcil distinguir realidade de interpreta\u00e7\u00e3o, percep\u00e7\u00e3o de proje\u00e7\u00e3o. Inspirada no Sutra do Cora\u00e7\u00e3o, esta palestra prop\u00f5e uma investiga\u00e7\u00e3o sobre a natureza da mente e [&hellip;]<\/p>\n","protected":false},"author":111,"featured_media":121276,"comment_status":"open","ping_status":"open","sticky":false,"template":"","format":"standard","meta":{"footnotes":""},"categories":[410],"tags":[],"class_list":["post-121274","post","type-post","status-publish","format-standard","has-post-thumbnail","hentry","category-salvador"],"yoast_head":"<!-- This site is optimized with the Yoast SEO plugin v27.5 - https:\/\/yoast.com\/product\/yoast-seo-wordpress\/ -->\n<title>Palestra: Dissipando a Confus\u00e3o - Centro de Estudos Budistas Bodisatva<\/title>\n<meta name=\"robots\" content=\"index, follow, max-snippet:-1, max-image-preview:large, max-video-preview:-1\" \/>\n<link rel=\"canonical\" href=\"https:\/\/cebb.org.br\/fr\/palestra-dissipando-a-confusao\/\" \/>\n<meta property=\"og:locale\" content=\"fr_FR\" \/>\n<meta property=\"og:type\" content=\"article\" \/>\n<meta property=\"og:title\" content=\"Palestra: Dissipando a Confus\u00e3o - Centro de Estudos Budistas Bodisatva\" \/>\n<meta property=\"og:description\" content=\"O Discernimento Vital para Nosso Tempo \u00a0&#8211; 26 de mar\u00e7o (quinta-feira) &#8211;\u00a0 19h30 &#8211; &nbsp; Vivemos tempos de excesso de informa\u00e7\u00e3o, polariza\u00e7\u00f5es e ansiedade coletiva. Em meio a tanto ru\u00eddo, torna-se dif\u00edcil distinguir realidade de interpreta\u00e7\u00e3o, percep\u00e7\u00e3o de proje\u00e7\u00e3o. Inspirada no Sutra do Cora\u00e7\u00e3o, esta palestra prop\u00f5e uma investiga\u00e7\u00e3o sobre a natureza da mente e [&hellip;]\" \/>\n<meta property=\"og:url\" content=\"https:\/\/cebb.org.br\/fr\/palestra-dissipando-a-confusao\/\" \/>\n<meta property=\"og:site_name\" content=\"Centro de Estudos Budistas Bodisatva\" \/>\n<meta property=\"article:publisher\" content=\"https:\/\/pt-br.facebook.com\/cebb108\" \/>\n<meta property=\"article:published_time\" content=\"2026-03-15T14:28:20+00:00\" \/>\n<meta property=\"article:modified_time\" content=\"2026-03-15T16:09:19+00:00\" \/>\n<meta property=\"og:image\" content=\"https:\/\/cebb.org.br\/wp-content\/uploads\/2026\/03\/WhatsApp-Image-2026-03-15-at-11.24.18.webp\" \/>\n\t<meta property=\"og:image:width\" content=\"800\" \/>\n\t<meta property=\"og:image:height\" content=\"566\" \/>\n\t<meta property=\"og:image:type\" content=\"image\/webp\" \/>\n<meta name=\"author\" content=\"cebbssa\" \/>\n<meta name=\"twitter:card\" content=\"summary_large_image\" \/>\n<meta name=\"twitter:label1\" content=\"\u00c9crit par\" \/>\n\t<meta name=\"twitter:data1\" content=\"cebbssa\" \/>\n\t<meta name=\"twitter:label2\" content=\"Dur\u00e9e de lecture estim\u00e9e\" \/>\n\t<meta name=\"twitter:data2\" content=\"2 minutes\" \/>\n<script type=\"application\/ld+json\" class=\"yoast-schema-graph\">{\"@context\":\"https:\\\/\\\/schema.org\",\"@graph\":[{\"@type\":\"Article\",\"@id\":\"https:\\\/\\\/cebb.org.br\\\/palestra-dissipando-a-confusao\\\/#article\",\"isPartOf\":{\"@id\":\"https:\\\/\\\/cebb.org.br\\\/palestra-dissipando-a-confusao\\\/\"},\"author\":{\"name\":\"cebbssa\",\"@id\":\"https:\\\/\\\/cebb.org.br\\\/#\\\/schema\\\/person\\\/ef6583db1b85b0f56b32845dee6b1f41\"},\"headline\":\"Palestra: Dissipando a Confus\u00e3o\",\"datePublished\":\"2026-03-15T14:28:20+00:00\",\"dateModified\":\"2026-03-15T16:09:19+00:00\",\"mainEntityOfPage\":{\"@id\":\"https:\\\/\\\/cebb.org.br\\\/palestra-dissipando-a-confusao\\\/\"},\"wordCount\":296,\"commentCount\":0,\"publisher\":{\"@id\":\"https:\\\/\\\/cebb.org.br\\\/#organization\"},\"image\":{\"@id\":\"https:\\\/\\\/cebb.org.br\\\/palestra-dissipando-a-confusao\\\/#primaryimage\"},\"thumbnailUrl\":\"https:\\\/\\\/cebb.org.br\\\/wp-content\\\/uploads\\\/2026\\\/03\\\/WhatsApp-Image-2026-03-15-at-11.24.18.webp\",\"articleSection\":[\"CEBB Salvador\"],\"inLanguage\":\"fr-FR\",\"potentialAction\":[{\"@type\":\"CommentAction\",\"name\":\"Comment\",\"target\":[\"https:\\\/\\\/cebb.org.br\\\/palestra-dissipando-a-confusao\\\/#respond\"]}]},{\"@type\":\"WebPage\",\"@id\":\"https:\\\/\\\/cebb.org.br\\\/palestra-dissipando-a-confusao\\\/\",\"url\":\"https:\\\/\\\/cebb.org.br\\\/palestra-dissipando-a-confusao\\\/\",\"name\":\"Palestra: Dissipando a Confus\u00e3o - Centro de Estudos Budistas Bodisatva\",\"isPartOf\":{\"@id\":\"https:\\\/\\\/cebb.org.br\\\/#website\"},\"primaryImageOfPage\":{\"@id\":\"https:\\\/\\\/cebb.org.br\\\/palestra-dissipando-a-confusao\\\/#primaryimage\"},\"image\":{\"@id\":\"https:\\\/\\\/cebb.org.br\\\/palestra-dissipando-a-confusao\\\/#primaryimage\"},\"thumbnailUrl\":\"https:\\\/\\\/cebb.org.br\\\/wp-content\\\/uploads\\\/2026\\\/03\\\/WhatsApp-Image-2026-03-15-at-11.24.18.webp\",\"datePublished\":\"2026-03-15T14:28:20+00:00\",\"dateModified\":\"2026-03-15T16:09:19+00:00\",\"breadcrumb\":{\"@id\":\"https:\\\/\\\/cebb.org.br\\\/palestra-dissipando-a-confusao\\\/#breadcrumb\"},\"inLanguage\":\"fr-FR\",\"potentialAction\":[{\"@type\":\"ReadAction\",\"target\":[\"https:\\\/\\\/cebb.org.br\\\/palestra-dissipando-a-confusao\\\/\"]}]},{\"@type\":\"ImageObject\",\"inLanguage\":\"fr-FR\",\"@id\":\"https:\\\/\\\/cebb.org.br\\\/palestra-dissipando-a-confusao\\\/#primaryimage\",\"url\":\"https:\\\/\\\/cebb.org.br\\\/wp-content\\\/uploads\\\/2026\\\/03\\\/WhatsApp-Image-2026-03-15-at-11.24.18.webp\",\"contentUrl\":\"https:\\\/\\\/cebb.org.br\\\/wp-content\\\/uploads\\\/2026\\\/03\\\/WhatsApp-Image-2026-03-15-at-11.24.18.webp\",\"width\":800,\"height\":566},{\"@type\":\"BreadcrumbList\",\"@id\":\"https:\\\/\\\/cebb.org.br\\\/palestra-dissipando-a-confusao\\\/#breadcrumb\",\"itemListElement\":[{\"@type\":\"ListItem\",\"position\":1,\"name\":\"Home\",\"item\":\"https:\\\/\\\/cebb.org.br\\\/\"},{\"@type\":\"ListItem\",\"position\":2,\"name\":\"Palestra: Dissipando a Confus\u00e3o\"}]},{\"@type\":\"WebSite\",\"@id\":\"https:\\\/\\\/cebb.org.br\\\/#website\",\"url\":\"https:\\\/\\\/cebb.org.br\\\/\",\"name\":\"Centro de Estudos Budistas Bodisatva\",\"description\":\"Budismo, medita\u00e7\u00e3o e cultura de paz | Lama Padma Samten\",\"publisher\":{\"@id\":\"https:\\\/\\\/cebb.org.br\\\/#organization\"},\"potentialAction\":[{\"@type\":\"SearchAction\",\"target\":{\"@type\":\"EntryPoint\",\"urlTemplate\":\"https:\\\/\\\/cebb.org.br\\\/?s={search_term_string}\"},\"query-input\":{\"@type\":\"PropertyValueSpecification\",\"valueRequired\":true,\"valueName\":\"search_term_string\"}}],\"inLanguage\":\"fr-FR\"},{\"@type\":\"Organization\",\"@id\":\"https:\\\/\\\/cebb.org.br\\\/#organization\",\"name\":\"Centro de Estudos Budistas Bodisatva\",\"url\":\"https:\\\/\\\/cebb.org.br\\\/\",\"logo\":{\"@type\":\"ImageObject\",\"inLanguage\":\"fr-FR\",\"@id\":\"https:\\\/\\\/cebb.org.br\\\/#\\\/schema\\\/logo\\\/image\\\/\",\"url\":\"http:\\\/\\\/18.230.164.79\\\/wp-content\\\/uploads\\\/2011\\\/03\\\/logosalvador-peq-e1660064979551.jpg\",\"contentUrl\":\"http:\\\/\\\/18.230.164.79\\\/wp-content\\\/uploads\\\/2011\\\/03\\\/logosalvador-peq-e1660064979551.jpg\",\"width\":280,\"height\":231,\"caption\":\"Centro de Estudos Budistas Bodisatva\"},\"image\":{\"@id\":\"https:\\\/\\\/cebb.org.br\\\/#\\\/schema\\\/logo\\\/image\\\/\"},\"sameAs\":[\"https:\\\/\\\/pt-br.facebook.com\\\/cebb108\",\"https:\\\/\\\/www.instagram.com\\\/cebbcaminhodomeio\\\/\"]},{\"@type\":\"Person\",\"@id\":\"https:\\\/\\\/cebb.org.br\\\/#\\\/schema\\\/person\\\/ef6583db1b85b0f56b32845dee6b1f41\",\"name\":\"cebbssa\",\"image\":{\"@type\":\"ImageObject\",\"inLanguage\":\"fr-FR\",\"@id\":\"https:\\\/\\\/secure.gravatar.com\\\/avatar\\\/d0b03286ce7fedb63ce84ec3a157797e1245d21b41de79fb4a8da6e671426bf4?s=96&d=mm&r=g\",\"url\":\"https:\\\/\\\/secure.gravatar.com\\\/avatar\\\/d0b03286ce7fedb63ce84ec3a157797e1245d21b41de79fb4a8da6e671426bf4?s=96&d=mm&r=g\",\"contentUrl\":\"https:\\\/\\\/secure.gravatar.com\\\/avatar\\\/d0b03286ce7fedb63ce84ec3a157797e1245d21b41de79fb4a8da6e671426bf4?s=96&d=mm&r=g\",\"caption\":\"cebbssa\"},\"url\":\"https:\\\/\\\/cebb.org.br\\\/fr\\\/author\\\/cebbssa\\\/\"}]}<\/script>\n<!-- \/ Yoast SEO plugin. -->","yoast_head_json":{"title":"Palestra: Dissipando a Confus\u00e3o - Centro de Estudos Budistas Bodisatva","robots":{"index":"index","follow":"follow","max-snippet":"max-snippet:-1","max-image-preview":"max-image-preview:large","max-video-preview":"max-video-preview:-1"},"canonical":"https:\/\/cebb.org.br\/fr\/palestra-dissipando-a-confusao\/","og_locale":"fr_FR","og_type":"article","og_title":"Palestra: Dissipando a Confus\u00e3o - Centro de Estudos Budistas Bodisatva","og_description":"O Discernimento Vital para Nosso Tempo \u00a0&#8211; 26 de mar\u00e7o (quinta-feira) &#8211;\u00a0 19h30 &#8211; &nbsp; Vivemos tempos de excesso de informa\u00e7\u00e3o, polariza\u00e7\u00f5es e ansiedade coletiva. Em meio a tanto ru\u00eddo, torna-se dif\u00edcil distinguir realidade de interpreta\u00e7\u00e3o, percep\u00e7\u00e3o de proje\u00e7\u00e3o. Inspirada no Sutra do Cora\u00e7\u00e3o, esta palestra prop\u00f5e uma investiga\u00e7\u00e3o sobre a natureza da mente e [&hellip;]","og_url":"https:\/\/cebb.org.br\/fr\/palestra-dissipando-a-confusao\/","og_site_name":"Centro de Estudos Budistas Bodisatva","article_publisher":"https:\/\/pt-br.facebook.com\/cebb108","article_published_time":"2026-03-15T14:28:20+00:00","article_modified_time":"2026-03-15T16:09:19+00:00","og_image":[{"width":800,"height":566,"url":"https:\/\/cebb.org.br\/wp-content\/uploads\/2026\/03\/WhatsApp-Image-2026-03-15-at-11.24.18.webp","type":"image\/webp"}],"author":"cebbssa","twitter_card":"summary_large_image","twitter_misc":{"\u00c9crit par":"cebbssa","Dur\u00e9e de lecture estim\u00e9e":"2 minutes"},"schema":{"@context":"https:\/\/schema.org","@graph":[{"@type":"Article","@id":"https:\/\/cebb.org.br\/palestra-dissipando-a-confusao\/#article","isPartOf":{"@id":"https:\/\/cebb.org.br\/palestra-dissipando-a-confusao\/"},"author":{"name":"cebbssa","@id":"https:\/\/cebb.org.br\/#\/schema\/person\/ef6583db1b85b0f56b32845dee6b1f41"},"headline":"Palestra: Dissipando a Confus\u00e3o","datePublished":"2026-03-15T14:28:20+00:00","dateModified":"2026-03-15T16:09:19+00:00","mainEntityOfPage":{"@id":"https:\/\/cebb.org.br\/palestra-dissipando-a-confusao\/"},"wordCount":296,"commentCount":0,"publisher":{"@id":"https:\/\/cebb.org.br\/#organization"},"image":{"@id":"https:\/\/cebb.org.br\/palestra-dissipando-a-confusao\/#primaryimage"},"thumbnailUrl":"https:\/\/cebb.org.br\/wp-content\/uploads\/2026\/03\/WhatsApp-Image-2026-03-15-at-11.24.18.webp","articleSection":["CEBB Salvador"],"inLanguage":"fr-FR","potentialAction":[{"@type":"CommentAction","name":"Comment","target":["https:\/\/cebb.org.br\/palestra-dissipando-a-confusao\/#respond"]}]},{"@type":"WebPage","@id":"https:\/\/cebb.org.br\/palestra-dissipando-a-confusao\/","url":"https:\/\/cebb.org.br\/palestra-dissipando-a-confusao\/","name":"Palestra: Dissipando a Confus\u00e3o - Centro de Estudos Budistas Bodisatva","isPartOf":{"@id":"https:\/\/cebb.org.br\/#website"},"primaryImageOfPage":{"@id":"https:\/\/cebb.org.br\/palestra-dissipando-a-confusao\/#primaryimage"},"image":{"@id":"https:\/\/cebb.org.br\/palestra-dissipando-a-confusao\/#primaryimage"},"thumbnailUrl":"https:\/\/cebb.org.br\/wp-content\/uploads\/2026\/03\/WhatsApp-Image-2026-03-15-at-11.24.18.webp","datePublished":"2026-03-15T14:28:20+00:00","dateModified":"2026-03-15T16:09:19+00:00","breadcrumb":{"@id":"https:\/\/cebb.org.br\/palestra-dissipando-a-confusao\/#breadcrumb"},"inLanguage":"fr-FR","potentialAction":[{"@type":"ReadAction","target":["https:\/\/cebb.org.br\/palestra-dissipando-a-confusao\/"]}]},{"@type":"ImageObject","inLanguage":"fr-FR","@id":"https:\/\/cebb.org.br\/palestra-dissipando-a-confusao\/#primaryimage","url":"https:\/\/cebb.org.br\/wp-content\/uploads\/2026\/03\/WhatsApp-Image-2026-03-15-at-11.24.18.webp","contentUrl":"https:\/\/cebb.org.br\/wp-content\/uploads\/2026\/03\/WhatsApp-Image-2026-03-15-at-11.24.18.webp","width":800,"height":566},{"@type":"BreadcrumbList","@id":"https:\/\/cebb.org.br\/palestra-dissipando-a-confusao\/#breadcrumb","itemListElement":[{"@type":"ListItem","position":1,"name":"Home","item":"https:\/\/cebb.org.br\/"},{"@type":"ListItem","position":2,"name":"Palestra: Dissipando a Confus\u00e3o"}]},{"@type":"WebSite","@id":"https:\/\/cebb.org.br\/#website","url":"https:\/\/cebb.org.br\/","name":"Centre d\u2019\u00c9tudes Bouddhistes Bodisatva (CEBB)","description":"Budismo, medita\u00e7\u00e3o e cultura de paz | Lama Padma Samten","publisher":{"@id":"https:\/\/cebb.org.br\/#organization"},"potentialAction":[{"@type":"SearchAction","target":{"@type":"EntryPoint","urlTemplate":"https:\/\/cebb.org.br\/?s={search_term_string}"},"query-input":{"@type":"PropertyValueSpecification","valueRequired":true,"valueName":"search_term_string"}}],"inLanguage":"fr-FR"},{"@type":"Organization","@id":"https:\/\/cebb.org.br\/#organization","name":"Centre d\u2019\u00c9tudes Bouddhistes Bodisatva (CEBB)","url":"https:\/\/cebb.org.br\/","logo":{"@type":"ImageObject","inLanguage":"fr-FR","@id":"https:\/\/cebb.org.br\/#\/schema\/logo\/image\/","url":"http:\/\/18.230.164.79\/wp-content\/uploads\/2011\/03\/logosalvador-peq-e1660064979551.jpg","contentUrl":"http:\/\/18.230.164.79\/wp-content\/uploads\/2011\/03\/logosalvador-peq-e1660064979551.jpg","width":280,"height":231,"caption":"Centro de Estudos Budistas Bodisatva"},"image":{"@id":"https:\/\/cebb.org.br\/#\/schema\/logo\/image\/"},"sameAs":["https:\/\/pt-br.facebook.com\/cebb108","https:\/\/www.instagram.com\/cebbcaminhodomeio\/"]},{"@type":"Person","@id":"https:\/\/cebb.org.br\/#\/schema\/person\/ef6583db1b85b0f56b32845dee6b1f41","name":"cebbssa","image":{"@type":"ImageObject","inLanguage":"fr-FR","@id":"https:\/\/secure.gravatar.com\/avatar\/d0b03286ce7fedb63ce84ec3a157797e1245d21b41de79fb4a8da6e671426bf4?s=96&d=mm&r=g","url":"https:\/\/secure.gravatar.com\/avatar\/d0b03286ce7fedb63ce84ec3a157797e1245d21b41de79fb4a8da6e671426bf4?s=96&d=mm&r=g","contentUrl":"https:\/\/secure.gravatar.com\/avatar\/d0b03286ce7fedb63ce84ec3a157797e1245d21b41de79fb4a8da6e671426bf4?s=96&d=mm&r=g","caption":"cebbssa"},"url":"https:\/\/cebb.org.br\/fr\/author\/cebbssa\/"}]}},"_links":{"self":[{"href":"https:\/\/cebb.org.br\/fr\/wp-json\/wp\/v2\/posts\/121274","targetHints":{"allow":["GET"]}}],"collection":[{"href":"https:\/\/cebb.org.br\/fr\/wp-json\/wp\/v2\/posts"}],"about":[{"href":"https:\/\/cebb.org.br\/fr\/wp-json\/wp\/v2\/types\/post"}],"author":[{"embeddable":true,"href":"https:\/\/cebb.org.br\/fr\/wp-json\/wp\/v2\/users\/111"}],"replies":[{"embeddable":true,"href":"https:\/\/cebb.org.br\/fr\/wp-json\/wp\/v2\/comments?post=121274"}],"version-history":[{"count":3,"href":"https:\/\/cebb.org.br\/fr\/wp-json\/wp\/v2\/posts\/121274\/revisions"}],"predecessor-version":[{"id":121280,"href":"https:\/\/cebb.org.br\/fr\/wp-json\/wp\/v2\/posts\/121274\/revisions\/121280"}],"wp:featuredmedia":[{"embeddable":true,"href":"https:\/\/cebb.org.br\/fr\/wp-json\/wp\/v2\/media\/121276"}],"wp:attachment":[{"href":"https:\/\/cebb.org.br\/fr\/wp-json\/wp\/v2\/media?parent=121274"}],"wp:term":[{"taxonomy":"category","embeddable":true,"href":"https:\/\/cebb.org.br\/fr\/wp-json\/wp\/v2\/categories?post=121274"},{"taxonomy":"post_tag","embeddable":true,"href":"https:\/\/cebb.org.br\/fr\/wp-json\/wp\/v2\/tags?post=121274"}],"curies":[{"name":"wp","href":"https:\/\/api.w.org\/{rel}","templated":true}]}}