{"id":121869,"date":"2026-04-28T09:18:44","date_gmt":"2026-04-28T12:18:44","guid":{"rendered":"https:\/\/cebb.org.br\/?p=121869"},"modified":"2026-04-28T09:18:44","modified_gmt":"2026-04-28T12:18:44","slug":"retiro-lama-lhawang","status":"publish","type":"post","link":"https:\/\/cebb.org.br\/fr\/retiro-lama-lhawang\/","title":{"rendered":"Retiro com Lama Lhawang no CEBB Darmata\/PE"},"content":{"rendered":"<h2 style=\"color: #8c0000;\">Do apego \u00e0 liberdade: um caminho para viver com mais clareza e leveza<\/h2>\n<p><strong>Com Lama Lhawang no CEBB Darmata \u2013 Timba\u00faba\/PE<\/strong><\/p>\n<p>Em nossa experi\u00eancia cotidiana, \u00e9 comum nos vermos presos a apegos \u2014 a ideias, emo\u00e7\u00f5es, rela\u00e7\u00f5es e expectativas sobre como a vida deveria ser. Esses movimentos, muitas vezes sutis, acabam gerando tens\u00e3o, frustra\u00e7\u00e3o e sofrimento. Este retiro \u00e9 um convite para reconhecer esses padr\u00f5es com gentileza e desenvolver uma nova forma de se relacionar com a experi\u00eancia, abrindo espa\u00e7o para mais leveza, clareza e liberdade interior.<\/p>\n<p>Neste retiro, Lama Lhawang nos conduzir\u00e1 na contempla\u00e7\u00e3o dos Quatro Dharmas de Gampopa que s\u00e3o um conjunto de ensinamentos fundamentais do mestre tibetano Gampopa (1079\u20131153) que resumem todo o caminho budista em quatro fases progressivas.\u00a0 \u00c9 um guia completo para o caminho espiritual, desde o reconhecimento do sofrimento e do apego at\u00e9 a realiza\u00e7\u00e3o da liberdade que n\u00e3o depende de circunst\u00e2ncias.<\/p>\n<p>Ao longo do retiro, o Lama Lhawang ir\u00e1 conduzir ensinamentos e pr\u00e1ticas que integram vis\u00e3o e experi\u00eancia, apoiando-nos a:<\/p>\n<ul>\n<li aria-level=\"1\">direcionar a mente ao Darma<\/li>\n<li aria-level=\"1\">transformar o caminho em pr\u00e1tica viva<\/li>\n<li aria-level=\"1\">dissolver os padr\u00f5es de apego e fixa\u00e7\u00e3o<\/li>\n<li aria-level=\"1\">transformar a ilus\u00e3o em sabedoria<\/li>\n<\/ul>\n<p>Praticantes de todos os n\u00edveis s\u00e3o bem-vindos. O CEBB Darmata oferece um ambiente de acolhimento, contempla\u00e7\u00e3o e sil\u00eancio, favorecendo o aprofundamento da pr\u00e1tica e da escuta interior.<\/p>\n<p>Venha com disponibilidade e presen\u00e7a, cultivando a motiva\u00e7\u00e3o sincera de praticar e beneficiar a si e aos outros.<\/p>\n<p>&nbsp;<\/p>\n<p><img decoding=\"async\" class=\"size-full wp-image-83907 aligncenter\" src=\"https:\/\/cebb.org.br\/wp-content\/uploads\/2021\/05\/linha-com-no-infinto.png\" alt=\"\" width=\"150\" height=\"23\" \/><\/p>\n<p>&nbsp;<\/p>\n<h3 style=\"color: #8c0000;\"><strong><strong>Per\u00edodo:<\/strong><\/strong><\/h3>\n<p>de 04\/06 (quinta) a 07\/06 (domingo) no feriado de Corpus Christi<\/p>\n<h3 style=\"color: #8c0000;\"><strong><br \/>\nPrograma\u00e7\u00e3o*:<\/strong><\/h3>\n<p>Check-in: quinta, 04\/06 das 09h \u00e0s 11h<br \/>\nIn\u00edcio: quinta, 04\/06 \u00e0s 12h (com o almo\u00e7o).<br \/>\nT\u00e9rmino: domingo, dia 07\/06 \u00e0s 12h.<\/p>\n<p><em>*Os hor\u00e1rios est\u00e3o sujeito a altera\u00e7\u00f5es<\/em><\/p>\n<p><b>Quinta-feira, 04 de junho<\/b><b><br \/>\n<\/b> 09h \u2013 11h: Check-in<br \/>\n12h \u2013 12h45: Almo\u00e7o<br \/>\n14h &#8211; 17h: Pr\u00e1tica de medita\u00e7\u00e3o<br \/>\n19h \u2013 20h: Puja<br \/>\n20h \u2013 21h: Perguntas e Respostas<\/p>\n<p><b>Sexta-feira, 05 de junho<\/b><b><br \/>\n<\/b> 5h30 \u2013 6h: Medita\u00e7\u00e3o Silenciosa<br \/>\n6h \u2013 7h: Puja Chuva de Ben\u00e7\u00e3os<br \/>\n7h \u2013 7h45: Caf\u00e9 da Manh\u00e3<br \/>\n9h \u2013 12h: Ensinamentos<br \/>\n12h \u2013 12h45: Almo\u00e7o<br \/>\n14h \u2013 17h: Ensinamentos<br \/>\n17h \u2013 18h: Atividade f\u00edsica<br \/>\n18h \u2013 18h45: Jantar<br \/>\n19h \u2013 20h: Puja<br \/>\n20h \u2013 21h30: Perguntas e Respostas<\/p>\n<p><b>S\u00e1bado, 06 de junho<\/b><b><br \/>\n<\/b>5h30 \u2013 6h: Medita\u00e7\u00e3o Silenciosa<br \/>\n6h \u2013 7h: Puja Chuva de Ben\u00e7\u00e3os<br \/>\n7h \u2013 7h45: Caf\u00e9 da Manh\u00e3<br \/>\n9h \u2013 12h: Ensinamentos<br \/>\n12h \u2013 12h45: Almo\u00e7o<br \/>\n14h \u2013 17h: Ensinamentos<br \/>\n17h \u2013 18h: Atividade f\u00edsica<br \/>\n18h \u2013 18h45: Jantar<br \/>\n19h \u2013 20h: Puja<br \/>\n20h \u2013 21h30: Perguntas e Respostas<\/p>\n<p><b>Domingo, 07 de junho<\/b><b><br \/>\n<\/b>5h30 \u2013 6h: Medita\u00e7\u00e3o Silenciosa<br \/>\n6h \u2013 7h: Puja Chuva de Ben\u00e7\u00e3os<br \/>\n7h \u2013 7h45: Caf\u00e9 da Manh\u00e3<br \/>\n9h \u2013 12h: Ensinamentos<br \/>\n12h \u2013 12h45: Encerramento e Almo\u00e7o<\/p>\n<h3 style=\"color: #8c0000;\"><strong>Facilitador<\/strong><\/h3>\n<p><strong>Jigme Lhawang<\/strong> \u00e9 diretor-fundador do Instituto de Ci\u00eancias Contemplativas e iniciou seus estudos no budismo em 1995, sob orienta\u00e7\u00e3o de nomes como Padma Samten e Chagdud Tulku Rinpoche. Anos depois, aprofundou sua forma\u00e7\u00e3o em mosteiros da \u00cdndia e do Nepal, onde permaneceu por uma d\u00e9cada em treinamento mon\u00e1stico, sendo ordenado lama por Gyalwang Drukpa, uma das principais autoridades do budismo himalaico.<\/p>\n<p>&nbsp;<\/p>\n<h3 style=\"color: #8c0000;\"><strong>Contribui\u00e7\u00f5es e Inscri\u00e7\u00f5es<\/strong><\/h3>\n<h4><b><i>&gt;&gt; RETIRO PRESENCIAL<\/i><\/b><\/h4>\n<p><b><i>Retiro com hospedagem em alojamento<\/i><\/b><b><i><br \/>\n<\/i><\/b>Contribui\u00e7\u00e3o sugerida: R$750<\/p>\n<p><b><i>\u00a0Retiro em camping ou sem hospedagem<\/i><\/b><b><i><br \/>\n<\/i><\/b> Contribui\u00e7\u00e3o sugerida: R$640<\/p>\n<p><b><i> Retiro sem hospedagem, sem alimenta\u00e7\u00e3o<\/i><\/b><b><i><br \/>\n<\/i><\/b> Contribui\u00e7\u00e3o sugerida: R$550<\/p>\n<p>&nbsp;<\/p>\n<p><a style=\"display: inline-block; background-color: #b8190d; color: #ffffff; font-size: 14px; font-weight: bold; padding: 10px 18px 10px 18px; text-align: center; border-radius: 15px; text-decoration: none; transition: background 0.3s ease-in-out; line-height: 1;\" href=\"https:\/\/forms.gle\/494evm1FG9Bh9WxK7\" target=\"_blank\" rel=\"noopener\">Clique para fazer sua inscri\u00e7\u00e3o<br \/>\n<\/a><\/p>\n<p>&nbsp;<\/p>\n<p><strong>Sustenta\u00e7\u00e3o das Atividades do CEBB<\/strong><\/p>\n<p>A sustenta\u00e7\u00e3o das atividades do CEBB em todo o Brasil \u00e9 realizada unicamente pelo meio tradicional de sustenta\u00e7\u00e3o das sangas budistas: a doa\u00e7\u00e3o espont\u00e2nea dos seus frequentadores. Ao mesmo tempo, praticamos o princ\u00edpio de que ningu\u00e9m deve deixar de ter acesso ao Darma por limita\u00e7\u00f5es financeiras. Se voc\u00ea quer participar do retiro mas n\u00e3o tem condi\u00e7\u00f5es de cobrir suas despesas, entre em contato conosco (conexaodarmata@gmail.com).<\/p>\n<p>&nbsp;<\/p>\n<h3 style=\"color: #8c0000;\"><strong>Local<\/strong><\/h3>\n<p><strong>CEBB Darmata<\/strong><\/p>\n<p>Mais informa\u00e7\u00f5es de como chegar: <a href=\"https:\/\/cebb.org.br\/fr\/como-chegar-ao-darmata\/\">http:\/\/www.cebb.org.br\/como-chegar-ao-darmata\/<\/a><\/p>\n<p><iframe style=\"border: 0;\" src=\"https:\/\/www.google.com\/maps\/embed?pb=!1m18!1m12!1m3!1d3956.0934667085885!2d-35.31403668545891!3d-7.454911575540852!2m3!1f0!2f0!3f0!3m2!1i1024!2i768!4f13.1!3m3!1m2!1s0x7ac79505b7a9249%3A0x343b724dcefa2852!2sCEBB%20Darmata!5e0!3m2!1spt-BR!2sbr!4v1672685899175!5m2!1spt-BR!2sbr\" width=\"600\" height=\"450\" allowfullscreen=\"allowfullscreen\" data-mce-fragment=\"1\"><\/iframe><\/p>\n<p>&nbsp;<\/p>\n<h3 style=\"color: #8c0000;\"><strong>Mais Informa\u00e7\u00f5es<\/strong><\/h3>\n<p><strong>Refei\u00e7\u00f5es:<\/strong> A alimenta\u00e7\u00e3o na cozinha do CEBB segue a linha vegetariana. O card\u00e1pio \u00e9 especialmente planejado para promover uma sa\u00fade equilibrada e apoiar as pr\u00e1ticas de estudo e medita\u00e7\u00e3o.<\/p>\n<p>&nbsp;<\/p>\n<p><strong>Hospedagem:<\/strong> Possu\u00edmos um dormit\u00f3rio feminino (65 lugares), um dormit\u00f3rio masculino (20 lugares), e o templo \u00e0 noite \u00e9 utilizado como dormit\u00f3rio misto (30 lugares). A divis\u00e3o dos lugares \u00e9 feita por ordem de prioridades (pessoas idosas e com dificuldade de locomo\u00e7\u00e3o) e por ordem de chegada.<\/p>\n<p>&nbsp;<\/p>\n<p><strong>O que voc\u00ea deve trazer:<\/strong> Travesseiro, roupa de cama e banho, guarda-chuva, lanterna, repelente.<\/p>\n<p>&nbsp;<\/p>\n<p><strong>Atividades volunt\u00e1rias:<\/strong> Os participantes dos eventos no CEBB s\u00e3o convidados a praticar atividades de limpeza e organiza\u00e7\u00e3o. As atividades volunt\u00e1rias para manuten\u00e7\u00e3o dos espa\u00e7os durante os eventos fazem parte do treinamento da mente e da energia e contribuem para a realiza\u00e7\u00e3o dos eventos de forma participativa e coletiva.<\/p>\n<p>&nbsp;<\/p>\n<p><strong>Transporte:<\/strong> Cada participante \u00e9 respons\u00e1vel por seu deslocamento ao CEBB Darmata. No entanto, com o intuito de ajudar os participantes, organizamos a lista de caronas solid\u00e1rias. Na semana do retiro, enviamos aos inscritos a lista de pessoas que oferecem carona e as que precisam de carona para que estas possam entrar em contato entre si.<br \/>\nEm caso de algum transtorno psicol\u00f3gico, \u00e9 imprescind\u00edvel o acompanhamento de um familiar no decorrer do retiro.<\/p>\n<p>&nbsp;<\/p>\n<p><strong>Contato:<\/strong> Em caso de d\u00favidas, entre em contato por email: conexaodarmata@gmail.com<\/p>","protected":false},"excerpt":{"rendered":"<p>Retiro com Lama Lhawang no CEBB Darmata\/PE no per\u00edodo de 04\/06 (quinta) a 07\/06 (domingo) &#8211; feriado de Corpus Christi<\/p>","protected":false},"author":79,"featured_media":121870,"comment_status":"open","ping_status":"open","sticky":false,"template":"","format":"standard","meta":{"footnotes":""},"categories":[382,406,351,356],"tags":[],"class_list":["post-121869","post","type-post","status-publish","format-standard","has-post-thumbnail","hentry","category-darmata","category-recife","category-pe","category-retiro-sanga"],"yoast_head":"<!-- This site is optimized with the Yoast SEO plugin v27.4 - https:\/\/yoast.com\/product\/yoast-seo-wordpress\/ -->\n<title>Retiro com Lama Lhawang no CEBB Darmata\/PE - Centro de Estudos Budistas Bodisatva<\/title>\n<meta name=\"robots\" content=\"index, follow, max-snippet:-1, max-image-preview:large, max-video-preview:-1\" \/>\n<link rel=\"canonical\" href=\"https:\/\/cebb.org.br\/fr\/retiro-lama-lhawang\/\" \/>\n<meta property=\"og:locale\" content=\"fr_FR\" \/>\n<meta property=\"og:type\" content=\"article\" \/>\n<meta property=\"og:title\" content=\"Retiro com Lama Lhawang no CEBB Darmata\/PE - Centro de Estudos Budistas Bodisatva\" \/>\n<meta property=\"og:description\" content=\"Retiro com Lama Lhawang no CEBB Darmata\/PE no per\u00edodo de 04\/06 (quinta) a 07\/06 (domingo) - feriado de Corpus Christi\" \/>\n<meta property=\"og:url\" content=\"https:\/\/cebb.org.br\/fr\/retiro-lama-lhawang\/\" \/>\n<meta property=\"og:site_name\" content=\"Centro de Estudos Budistas Bodisatva\" \/>\n<meta property=\"article:publisher\" content=\"https:\/\/pt-br.facebook.com\/cebb108\" \/>\n<meta property=\"article:published_time\" content=\"2026-04-28T12:18:44+00:00\" \/>\n<meta property=\"og:image\" content=\"https:\/\/cebb.org.br\/wp-content\/uploads\/2026\/04\/Lama-Jigme-Lhawang.webp\" \/>\n\t<meta property=\"og:image:width\" content=\"1181\" \/>\n\t<meta property=\"og:image:height\" content=\"787\" \/>\n\t<meta property=\"og:image:type\" content=\"image\/webp\" \/>\n<meta name=\"author\" content=\"Coletivo Intersomos\" \/>\n<meta name=\"twitter:card\" content=\"summary_large_image\" \/>\n<meta name=\"twitter:label1\" content=\"\u00c9crit par\" \/>\n\t<meta name=\"twitter:data1\" content=\"Coletivo Intersomos\" \/>\n\t<meta name=\"twitter:label2\" content=\"Dur\u00e9e de lecture estim\u00e9e\" \/>\n\t<meta name=\"twitter:data2\" content=\"5 minutes\" \/>\n<script type=\"application\/ld+json\" class=\"yoast-schema-graph\">{\"@context\":\"https:\\\/\\\/schema.org\",\"@graph\":[{\"@type\":\"Article\",\"@id\":\"https:\\\/\\\/cebb.org.br\\\/retiro-lama-lhawang\\\/#article\",\"isPartOf\":{\"@id\":\"https:\\\/\\\/cebb.org.br\\\/retiro-lama-lhawang\\\/\"},\"author\":{\"name\":\"Coletivo Intersomos\",\"@id\":\"https:\\\/\\\/cebb.org.br\\\/#\\\/schema\\\/person\\\/05a696a76f72d472c540f3d7a905f39c\"},\"headline\":\"Retiro com Lama Lhawang no CEBB Darmata\\\/PE\",\"datePublished\":\"2026-04-28T12:18:44+00:00\",\"mainEntityOfPage\":{\"@id\":\"https:\\\/\\\/cebb.org.br\\\/retiro-lama-lhawang\\\/\"},\"wordCount\":913,\"commentCount\":0,\"publisher\":{\"@id\":\"https:\\\/\\\/cebb.org.br\\\/#organization\"},\"image\":{\"@id\":\"https:\\\/\\\/cebb.org.br\\\/retiro-lama-lhawang\\\/#primaryimage\"},\"thumbnailUrl\":\"https:\\\/\\\/cebb.org.br\\\/wp-content\\\/uploads\\\/2026\\\/04\\\/Lama-Jigme-Lhawang.webp\",\"articleSection\":[\"CEBB Darmata\",\"CEBB Recife\",\"PE\",\"Retiro\"],\"inLanguage\":\"fr-FR\",\"potentialAction\":[{\"@type\":\"CommentAction\",\"name\":\"Comment\",\"target\":[\"https:\\\/\\\/cebb.org.br\\\/retiro-lama-lhawang\\\/#respond\"]}]},{\"@type\":\"WebPage\",\"@id\":\"https:\\\/\\\/cebb.org.br\\\/retiro-lama-lhawang\\\/\",\"url\":\"https:\\\/\\\/cebb.org.br\\\/retiro-lama-lhawang\\\/\",\"name\":\"Retiro com Lama Lhawang no CEBB Darmata\\\/PE - Centro de Estudos Budistas Bodisatva\",\"isPartOf\":{\"@id\":\"https:\\\/\\\/cebb.org.br\\\/#website\"},\"primaryImageOfPage\":{\"@id\":\"https:\\\/\\\/cebb.org.br\\\/retiro-lama-lhawang\\\/#primaryimage\"},\"image\":{\"@id\":\"https:\\\/\\\/cebb.org.br\\\/retiro-lama-lhawang\\\/#primaryimage\"},\"thumbnailUrl\":\"https:\\\/\\\/cebb.org.br\\\/wp-content\\\/uploads\\\/2026\\\/04\\\/Lama-Jigme-Lhawang.webp\",\"datePublished\":\"2026-04-28T12:18:44+00:00\",\"breadcrumb\":{\"@id\":\"https:\\\/\\\/cebb.org.br\\\/retiro-lama-lhawang\\\/#breadcrumb\"},\"inLanguage\":\"fr-FR\",\"potentialAction\":[{\"@type\":\"ReadAction\",\"target\":[\"https:\\\/\\\/cebb.org.br\\\/retiro-lama-lhawang\\\/\"]}]},{\"@type\":\"ImageObject\",\"inLanguage\":\"fr-FR\",\"@id\":\"https:\\\/\\\/cebb.org.br\\\/retiro-lama-lhawang\\\/#primaryimage\",\"url\":\"https:\\\/\\\/cebb.org.br\\\/wp-content\\\/uploads\\\/2026\\\/04\\\/Lama-Jigme-Lhawang.webp\",\"contentUrl\":\"https:\\\/\\\/cebb.org.br\\\/wp-content\\\/uploads\\\/2026\\\/04\\\/Lama-Jigme-Lhawang.webp\",\"width\":1181,\"height\":787},{\"@type\":\"BreadcrumbList\",\"@id\":\"https:\\\/\\\/cebb.org.br\\\/retiro-lama-lhawang\\\/#breadcrumb\",\"itemListElement\":[{\"@type\":\"ListItem\",\"position\":1,\"name\":\"Home\",\"item\":\"https:\\\/\\\/cebb.org.br\\\/\"},{\"@type\":\"ListItem\",\"position\":2,\"name\":\"Retiro com Lama Lhawang no CEBB Darmata\\\/PE\"}]},{\"@type\":\"WebSite\",\"@id\":\"https:\\\/\\\/cebb.org.br\\\/#website\",\"url\":\"https:\\\/\\\/cebb.org.br\\\/\",\"name\":\"Centro de Estudos Budistas Bodisatva\",\"description\":\"Budismo, medita\u00e7\u00e3o e cultura de paz | Lama Padma Samten\",\"publisher\":{\"@id\":\"https:\\\/\\\/cebb.org.br\\\/#organization\"},\"potentialAction\":[{\"@type\":\"SearchAction\",\"target\":{\"@type\":\"EntryPoint\",\"urlTemplate\":\"https:\\\/\\\/cebb.org.br\\\/?s={search_term_string}\"},\"query-input\":{\"@type\":\"PropertyValueSpecification\",\"valueRequired\":true,\"valueName\":\"search_term_string\"}}],\"inLanguage\":\"fr-FR\"},{\"@type\":\"Organization\",\"@id\":\"https:\\\/\\\/cebb.org.br\\\/#organization\",\"name\":\"Centro de Estudos Budistas Bodisatva\",\"url\":\"https:\\\/\\\/cebb.org.br\\\/\",\"logo\":{\"@type\":\"ImageObject\",\"inLanguage\":\"fr-FR\",\"@id\":\"https:\\\/\\\/cebb.org.br\\\/#\\\/schema\\\/logo\\\/image\\\/\",\"url\":\"http:\\\/\\\/18.230.164.79\\\/wp-content\\\/uploads\\\/2011\\\/03\\\/logosalvador-peq-e1660064979551.jpg\",\"contentUrl\":\"http:\\\/\\\/18.230.164.79\\\/wp-content\\\/uploads\\\/2011\\\/03\\\/logosalvador-peq-e1660064979551.jpg\",\"width\":280,\"height\":231,\"caption\":\"Centro de Estudos Budistas Bodisatva\"},\"image\":{\"@id\":\"https:\\\/\\\/cebb.org.br\\\/#\\\/schema\\\/logo\\\/image\\\/\"},\"sameAs\":[\"https:\\\/\\\/pt-br.facebook.com\\\/cebb108\",\"https:\\\/\\\/www.instagram.com\\\/cebbcaminhodomeio\\\/\"]},{\"@type\":\"Person\",\"@id\":\"https:\\\/\\\/cebb.org.br\\\/#\\\/schema\\\/person\\\/05a696a76f72d472c540f3d7a905f39c\",\"name\":\"Coletivo Intersomos\",\"image\":{\"@type\":\"ImageObject\",\"inLanguage\":\"fr-FR\",\"@id\":\"https:\\\/\\\/secure.gravatar.com\\\/avatar\\\/5b3268ebf7c1516b7910dc782a9ef52986a33844353256fce20260189c5f6b83?s=96&d=mm&r=g\",\"url\":\"https:\\\/\\\/secure.gravatar.com\\\/avatar\\\/5b3268ebf7c1516b7910dc782a9ef52986a33844353256fce20260189c5f6b83?s=96&d=mm&r=g\",\"contentUrl\":\"https:\\\/\\\/secure.gravatar.com\\\/avatar\\\/5b3268ebf7c1516b7910dc782a9ef52986a33844353256fce20260189c5f6b83?s=96&d=mm&r=g\",\"caption\":\"Coletivo Intersomos\"},\"url\":\"https:\\\/\\\/cebb.org.br\\\/fr\\\/author\\\/coletivo-intersomos\\\/\"}]}<\/script>\n<!-- \/ Yoast SEO plugin. -->","yoast_head_json":{"title":"Retiro com Lama Lhawang no CEBB Darmata\/PE - Centro de Estudos Budistas Bodisatva","robots":{"index":"index","follow":"follow","max-snippet":"max-snippet:-1","max-image-preview":"max-image-preview:large","max-video-preview":"max-video-preview:-1"},"canonical":"https:\/\/cebb.org.br\/fr\/retiro-lama-lhawang\/","og_locale":"fr_FR","og_type":"article","og_title":"Retiro com Lama Lhawang no CEBB Darmata\/PE - Centro de Estudos Budistas Bodisatva","og_description":"Retiro com Lama Lhawang no CEBB Darmata\/PE no per\u00edodo de 04\/06 (quinta) a 07\/06 (domingo) - feriado de Corpus Christi","og_url":"https:\/\/cebb.org.br\/fr\/retiro-lama-lhawang\/","og_site_name":"Centro de Estudos Budistas Bodisatva","article_publisher":"https:\/\/pt-br.facebook.com\/cebb108","article_published_time":"2026-04-28T12:18:44+00:00","og_image":[{"width":1181,"height":787,"url":"https:\/\/cebb.org.br\/wp-content\/uploads\/2026\/04\/Lama-Jigme-Lhawang.webp","type":"image\/webp"}],"author":"Coletivo Intersomos","twitter_card":"summary_large_image","twitter_misc":{"\u00c9crit par":"Coletivo Intersomos","Dur\u00e9e de lecture estim\u00e9e":"5 minutes"},"schema":{"@context":"https:\/\/schema.org","@graph":[{"@type":"Article","@id":"https:\/\/cebb.org.br\/retiro-lama-lhawang\/#article","isPartOf":{"@id":"https:\/\/cebb.org.br\/retiro-lama-lhawang\/"},"author":{"name":"Coletivo Intersomos","@id":"https:\/\/cebb.org.br\/#\/schema\/person\/05a696a76f72d472c540f3d7a905f39c"},"headline":"Retiro com Lama Lhawang no CEBB Darmata\/PE","datePublished":"2026-04-28T12:18:44+00:00","mainEntityOfPage":{"@id":"https:\/\/cebb.org.br\/retiro-lama-lhawang\/"},"wordCount":913,"commentCount":0,"publisher":{"@id":"https:\/\/cebb.org.br\/#organization"},"image":{"@id":"https:\/\/cebb.org.br\/retiro-lama-lhawang\/#primaryimage"},"thumbnailUrl":"https:\/\/cebb.org.br\/wp-content\/uploads\/2026\/04\/Lama-Jigme-Lhawang.webp","articleSection":["CEBB Darmata","CEBB Recife","PE","Retiro"],"inLanguage":"fr-FR","potentialAction":[{"@type":"CommentAction","name":"Comment","target":["https:\/\/cebb.org.br\/retiro-lama-lhawang\/#respond"]}]},{"@type":"WebPage","@id":"https:\/\/cebb.org.br\/retiro-lama-lhawang\/","url":"https:\/\/cebb.org.br\/retiro-lama-lhawang\/","name":"Retiro com Lama Lhawang no CEBB Darmata\/PE - Centro de Estudos Budistas Bodisatva","isPartOf":{"@id":"https:\/\/cebb.org.br\/#website"},"primaryImageOfPage":{"@id":"https:\/\/cebb.org.br\/retiro-lama-lhawang\/#primaryimage"},"image":{"@id":"https:\/\/cebb.org.br\/retiro-lama-lhawang\/#primaryimage"},"thumbnailUrl":"https:\/\/cebb.org.br\/wp-content\/uploads\/2026\/04\/Lama-Jigme-Lhawang.webp","datePublished":"2026-04-28T12:18:44+00:00","breadcrumb":{"@id":"https:\/\/cebb.org.br\/retiro-lama-lhawang\/#breadcrumb"},"inLanguage":"fr-FR","potentialAction":[{"@type":"ReadAction","target":["https:\/\/cebb.org.br\/retiro-lama-lhawang\/"]}]},{"@type":"ImageObject","inLanguage":"fr-FR","@id":"https:\/\/cebb.org.br\/retiro-lama-lhawang\/#primaryimage","url":"https:\/\/cebb.org.br\/wp-content\/uploads\/2026\/04\/Lama-Jigme-Lhawang.webp","contentUrl":"https:\/\/cebb.org.br\/wp-content\/uploads\/2026\/04\/Lama-Jigme-Lhawang.webp","width":1181,"height":787},{"@type":"BreadcrumbList","@id":"https:\/\/cebb.org.br\/retiro-lama-lhawang\/#breadcrumb","itemListElement":[{"@type":"ListItem","position":1,"name":"Home","item":"https:\/\/cebb.org.br\/"},{"@type":"ListItem","position":2,"name":"Retiro com Lama Lhawang no CEBB Darmata\/PE"}]},{"@type":"WebSite","@id":"https:\/\/cebb.org.br\/#website","url":"https:\/\/cebb.org.br\/","name":"Centre d\u2019\u00c9tudes Bouddhistes Bodisatva (CEBB)","description":"Budismo, medita\u00e7\u00e3o e cultura de paz | Lama Padma Samten","publisher":{"@id":"https:\/\/cebb.org.br\/#organization"},"potentialAction":[{"@type":"SearchAction","target":{"@type":"EntryPoint","urlTemplate":"https:\/\/cebb.org.br\/?s={search_term_string}"},"query-input":{"@type":"PropertyValueSpecification","valueRequired":true,"valueName":"search_term_string"}}],"inLanguage":"fr-FR"},{"@type":"Organization","@id":"https:\/\/cebb.org.br\/#organization","name":"Centre d\u2019\u00c9tudes Bouddhistes Bodisatva (CEBB)","url":"https:\/\/cebb.org.br\/","logo":{"@type":"ImageObject","inLanguage":"fr-FR","@id":"https:\/\/cebb.org.br\/#\/schema\/logo\/image\/","url":"http:\/\/18.230.164.79\/wp-content\/uploads\/2011\/03\/logosalvador-peq-e1660064979551.jpg","contentUrl":"http:\/\/18.230.164.79\/wp-content\/uploads\/2011\/03\/logosalvador-peq-e1660064979551.jpg","width":280,"height":231,"caption":"Centro de Estudos Budistas Bodisatva"},"image":{"@id":"https:\/\/cebb.org.br\/#\/schema\/logo\/image\/"},"sameAs":["https:\/\/pt-br.facebook.com\/cebb108","https:\/\/www.instagram.com\/cebbcaminhodomeio\/"]},{"@type":"Person","@id":"https:\/\/cebb.org.br\/#\/schema\/person\/05a696a76f72d472c540f3d7a905f39c","name":"Coletivo Intersomos","image":{"@type":"ImageObject","inLanguage":"fr-FR","@id":"https:\/\/secure.gravatar.com\/avatar\/5b3268ebf7c1516b7910dc782a9ef52986a33844353256fce20260189c5f6b83?s=96&d=mm&r=g","url":"https:\/\/secure.gravatar.com\/avatar\/5b3268ebf7c1516b7910dc782a9ef52986a33844353256fce20260189c5f6b83?s=96&d=mm&r=g","contentUrl":"https:\/\/secure.gravatar.com\/avatar\/5b3268ebf7c1516b7910dc782a9ef52986a33844353256fce20260189c5f6b83?s=96&d=mm&r=g","caption":"Coletivo Intersomos"},"url":"https:\/\/cebb.org.br\/fr\/author\/coletivo-intersomos\/"}]}},"_links":{"self":[{"href":"https:\/\/cebb.org.br\/fr\/wp-json\/wp\/v2\/posts\/121869","targetHints":{"allow":["GET"]}}],"collection":[{"href":"https:\/\/cebb.org.br\/fr\/wp-json\/wp\/v2\/posts"}],"about":[{"href":"https:\/\/cebb.org.br\/fr\/wp-json\/wp\/v2\/types\/post"}],"author":[{"embeddable":true,"href":"https:\/\/cebb.org.br\/fr\/wp-json\/wp\/v2\/users\/79"}],"replies":[{"embeddable":true,"href":"https:\/\/cebb.org.br\/fr\/wp-json\/wp\/v2\/comments?post=121869"}],"version-history":[{"count":1,"href":"https:\/\/cebb.org.br\/fr\/wp-json\/wp\/v2\/posts\/121869\/revisions"}],"predecessor-version":[{"id":121871,"href":"https:\/\/cebb.org.br\/fr\/wp-json\/wp\/v2\/posts\/121869\/revisions\/121871"}],"wp:featuredmedia":[{"embeddable":true,"href":"https:\/\/cebb.org.br\/fr\/wp-json\/wp\/v2\/media\/121870"}],"wp:attachment":[{"href":"https:\/\/cebb.org.br\/fr\/wp-json\/wp\/v2\/media?parent=121869"}],"wp:term":[{"taxonomy":"category","embeddable":true,"href":"https:\/\/cebb.org.br\/fr\/wp-json\/wp\/v2\/categories?post=121869"},{"taxonomy":"post_tag","embeddable":true,"href":"https:\/\/cebb.org.br\/fr\/wp-json\/wp\/v2\/tags?post=121869"}],"curies":[{"name":"wp","href":"https:\/\/api.w.org\/{rel}","templated":true}]}}