{"id":123641,"date":"2026-08-18T23:14:43","date_gmt":"2026-08-19T02:14:43","guid":{"rendered":"https:\/\/cebb.org.br\/?p=123641"},"modified":"2026-08-29T17:36:14","modified_gmt":"2026-08-29T20:36:14","slug":"vida-em-comunidade","status":"publish","type":"post","link":"https:\/\/cebb.org.br\/fr\/vida-em-comunidade\/","title":{"rendered":"Retiro &#8220;Vida em Comunidade: Presen\u00e7a, Cuidado e Coopera\u00e7\u00e3o&#8221; no CEBB Darmata"},"content":{"rendered":"<h2>04 a 07 de setembro<\/h2>\n<p>&nbsp;<\/p>\n<p><strong>Facilita\u00e7\u00e3o:<\/strong> Moradores do CEBB Darmata<\/p>\n<p>&nbsp;<\/p>\n<p><em>\u201cO acordar neste tempo \u00e9 individual e coletivo. Mudamos internamente pela pr\u00e1tica espiritual e mudamos coletivamente pelas iniciativas dos grupos onde nos inserimos. O acordar coletivo j\u00e1 \u00e9 a constru\u00e7\u00e3o de um tecido social compassivo que come\u00e7a com o sentar em roda, com o encontro localizado e focado onde nos olhamos uns aos outros e perguntamos o que est\u00e1 indo bem e o que poder\u00edamos fazer para melhorar.<\/p>\n<p>&nbsp;<\/p>\n<p>\u00c9 um processo convergente: nos alegramos e alegramos a todos\u2014isso \u00e9 reencantamento e auto-organiza\u00e7\u00e3o. Quando sentados em roda nos olhamos diretamente e brilha a intelig\u00eancia compassiva fundadora das redes que d\u00e3o sentido a nossas vidas. Somos ent\u00e3o capazes de entender e acolher as vis\u00f5es e os mundos dos outros. Surgindo o sonho coletivo, surge a auto-organiza\u00e7\u00e3o como a capacidade do grupo de criar solu\u00e7\u00f5es pr\u00e1ticas e a\u00e7\u00f5es em meio ao mundo.<\/p>\n<p>&nbsp;<\/p>\n<p>O reencantamento \u00e9 um aspecto, poder\u00edamos dizer, revolucion\u00e1rio. O nosso cora\u00e7\u00e3o acorda, nos engajamos com alegria e energia. Se estiver preso ao processo econ\u00f4mico, tome a sua vida de volta! Voc\u00ea n\u00e3o precisa vender tamb\u00e9m o restante da sua vida; compre para usar, alegrar os outros e se alegrar!<\/p>\n<p>&nbsp;<\/p>\n<p>O acordar \u00e9 passar a ver tudo ao redor de outro modo, n\u00e3o se trata de uma mudan\u00e7a l\u00f3gica, causal. \u00c9 algo luminoso, verdadeiramente transformador. Como diz o mestre Dogen: \u201cQuando a velha ameixeira de tronco retorcido floresce, \u00e9 primavera\u201d. A flor da ameixeira produz a primavera, o olhar muda para a primavera, e tudo se torna primavera. Em todas as dire\u00e7\u00f5es que se olhe, mesmo que ainda haja frio, mesmo que as plantas n\u00e3o estejam ainda brotadas, todos adivinham a primavera. \u00c9 ent\u00e3o primavera.\u201d<\/em><\/p>\n<p>&nbsp;<br \/>\n\u2014<strong>Lama Padma Samten<\/strong>, no Livro Rela\u00e7\u00f5es e Redes<\/p>\n<p>&nbsp;<\/p>\n<p><img decoding=\"async\" class=\"size-full wp-image-83907 aligncenter\" src=\"https:\/\/cebb.org.br\/wp-content\/uploads\/2021\/05\/linha-com-no-infinto.png\" alt=\"\" width=\"150\" height=\"23\" \/><\/p>\n<p>&nbsp;<\/p>\n<p>A comunidade do CEBB Darmata abre suas portas e seu cora\u00e7\u00e3o para um retiro constru\u00eddo coletivamente neste feriado de <strong>7 de setembro<\/strong>.<\/p>\n<p>&nbsp;<\/p>\n<p>Inspirados pelo livro <strong>Rela\u00e7\u00f5es e Redes<\/strong>, de Lama Padma Samten, vamos criar um espa\u00e7o de encontro para pensar, contemplar e repousar sobre nossos modos de estar no mundo e de nos relacionarmos conosco mesmos e uns com os outros.<\/p>\n<p>&nbsp;<\/p>\n<p>Sentados em roda, vamos tecer uma facilita\u00e7\u00e3o coletiva, compartilhando pr\u00e1ticas e experi\u00eancias que nos convidam a despertar a lucidez que brota de dentro, em meio \u00e0s rela\u00e7\u00f5es e \u00e0s atividades do cotidiano.<\/p>\n<p>&nbsp;<\/p>\n<p><strong>Venha participar conosco. Ser\u00e1 uma alegria receber voc\u00ea e construir este momento de presen\u00e7a, cuidado, escuta e coopera\u00e7\u00e3o!<\/strong><\/p>\n<p>&nbsp;<\/p>\n<p><img decoding=\"async\" class=\"size-full wp-image-83907 aligncenter\" src=\"https:\/\/cebb.org.br\/wp-content\/uploads\/2021\/05\/linha-com-no-infinto.png\" alt=\"\" width=\"150\" height=\"23\" \/><\/p>\n<p>&nbsp;<\/p>\n<p><strong>Per\u00edodo:<\/strong><br \/>\nDe 04\/09 (sexta \u00e0s 18:00) a 07\/09 (segunda \u00e0s 12:00)<\/p>\n<p>&nbsp;<\/p>\n<h3 style=\"color: #8c0000;\"><strong>Programa\u00e7\u00e3o:<\/strong><\/h3>\n<p>Check-in: sexta, 04\/09 das 16h \u00e0s 18h<br \/>\nIn\u00edcio: sexta, 04\/09 \u00e0s 18h.<br \/>\nT\u00e9rmino: segunda, dia 07\/09 \u00e0s 12h.<\/p>\n<p>&nbsp;<\/p>\n<p><strong>Sexta-feira, 04 de setembro<\/strong><br \/>\n6h \u2013 18h: Check-in<br \/>\n18h \u2013 18h45: Jantar<br \/>\n19h \u2013 20h: Puja<br \/>\n20h \u2013 21h: Roda de Conversa inicial<\/p>\n<p>&nbsp;<\/p>\n<p><strong>S\u00e1bado, 05 de setembro<\/strong><br \/>\n5h30 \u2013 6h: Medita\u00e7\u00e3o Silenciosa<br \/>\n6h \u2013 7h: Puja Chuva de B\u00ean\u00e7\u00e3os<br \/>\n7h \u2013 7h45: Caf\u00e9 da Manh\u00e3<br \/>\n9h \u2013 12h: Estudo e Pr\u00e1ticas no Templo<br \/>\n12h \u2013 12h45: Almo\u00e7o<br \/>\n14h \u2013 17h: Estudo e Pr\u00e1ticas no Templo<br \/>\n17h \u2013 18h: Atividade f\u00edsica<br \/>\n18h \u2013 18h45: Jantar<br \/>\n19h \u2013 20h: Puja<br \/>\n20h \u2013 21h30: Roda de Conversa<\/p>\n<p>&nbsp;<\/p>\n<p><strong>Domingo, 06 de setembro<\/strong><br \/>\n5h30 \u2013 6h: Medita\u00e7\u00e3o Silenciosa<br \/>\n6h \u2013 7h: Puja Chuva de B\u00ean\u00e7\u00e3os<br \/>\n7h \u2013 7h45: Caf\u00e9 da Manh\u00e3<br \/>\n9h \u2013 12h: Estudo e Pr\u00e1ticas no Templo<br \/>\n12h \u2013 12h45: Almo\u00e7o<br \/>\n14h \u2013 17h: Estudo e Pr\u00e1ticas no Templo<br \/>\n17h \u2013 18h: Atividade f\u00edsica<br \/>\n18h \u2013 18h45: Jantar<br \/>\n19h \u2013 20h: Puja<br \/>\n20h \u2013 21h30: Roda de Conversa<\/p>\n<p><strong><br \/>\nSegunda, 07 de setembro<\/strong><br \/>\n5h30 \u2013 6h: Medita\u00e7\u00e3o Silenciosa<br \/>\n6h \u2013 7h: Puja Chuva de B\u00ean\u00e7\u00e3os<br \/>\n7h \u2013 7h45: Caf\u00e9 da Manh\u00e3<br \/>\n9h \u2013 12h: Estudo e Pr\u00e1ticas no Templo<br \/>\n12h \u2013 13h: Almo\u00e7o <strong>(Encerramento do retiro) <\/strong><\/p>\n<p>&nbsp;<\/p>\n<h3 style=\"color: #8c0000;\"><strong>Contribui\u00e7\u00f5es e Inscri\u00e7\u00f5es<\/strong><\/h3>\n<h4><strong><i>&gt;&gt; RETIRO PRESENCIAL<\/i><\/strong><\/h4>\n<p><strong>Retiro com hospedagem em alojamento<\/strong><\/p>\n<p><b>Contribui\u00e7\u00e3o sugerida: R$300<\/b><br \/>\nRetiro em camping ou sem hospedagem<br \/>\n<b>Contribui\u00e7\u00e3o sugerida: R$250<\/b><br \/>\nRetiro sem hospedagem, sem alimenta\u00e7\u00e3o<br \/>\n<b>Contribui\u00e7\u00e3o sugerida: R$108<\/b><\/p>\n<p>&nbsp;<\/p>\n<p><strong>Se voc\u00ea mora em Timba\u00faba ou arredores e n\u00e3o precisa de hospedagem, mande um email para n\u00f3s.<\/strong><\/p>\n<p>&nbsp;<\/p>\n<a href=\"https:\/\/forms.gle\/BSG8hs37KshPjw5X6\" class=\"su-button su-button-style-flat\" style=\"color:#FFFFFF;background-color:#b8190d;border-color:#94140b;border-radius:6px\" target=\"_blank\" rel=\"noopener noreferrer\"><span style=\"color:#FFFFFF;padding:6px 18px;font-size:14px;line-height:21px;border-color:#ce5e56;border-radius:6px;text-shadow:none\"><i class=\"sui sui-map-marker\" style=\"font-size:14px;color:#FFFFFF\"><\/i> FA\u00c7A AQUI A SUA INSCRI\u00c7\u00c3O PARA O RETIRO PRESENCIAL!<\/span><\/a>\n<p>&nbsp;<\/p>\n<p><strong>Sustenta\u00e7\u00e3o das Atividades do CEBB<\/strong><\/p>\n<p>A sustenta\u00e7\u00e3o das atividades do CEBB em todo o Brasil \u00e9 realizada unicamente pelo meio tradicional de sustenta\u00e7\u00e3o das sangas budistas: a doa\u00e7\u00e3o espont\u00e2nea dos seus frequentadores. Ao mesmo tempo, praticamos o princ\u00edpio de que ningu\u00e9m deve deixar de ter acesso ao Darma por limita\u00e7\u00f5es financeiras. Se voc\u00ea quer participar do retiro mas n\u00e3o tem condi\u00e7\u00f5es de cobrir os valores sugeridos, entre em contato conosco (conexaodarmata@gmail.com).<\/p>\n<p>&nbsp;<\/p>\n<h3 style=\"color: #8c0000;\"><strong>Local<\/strong><\/h3>\n<p><strong>CEBB Darmata<\/strong><br \/>\nMais informa\u00e7\u00f5es de como chegar: <a href=\"https:\/\/cebb.org.br\/fr\/como-chegar-ao-darmata\/\">http:\/\/www.cebb.org.br\/como-chegar-ao-darmata\/<\/a><\/p>\n<h5><strong>LOCAL<\/strong><\/h5>\n<p><iframe style=\"border: 0;\" src=\"https:\/\/www.google.com\/maps\/embed?pb=!1m18!1m12!1m3!1d3956.0934667085885!2d-35.31403668545891!3d-7.454911575540852!2m3!1f0!2f0!3f0!3m2!1i1024!2i768!4f13.1!3m3!1m2!1s0x7ac79505b7a9249%3A0x343b724dcefa2852!2sCEBB%20Darmata!5e0!3m2!1spt-BR!2sbr!4v1672685899175!5m2!1spt-BR!2sbr\" width=\"600\" height=\"450\" allowfullscreen=\"allowfullscreen\" data-mce-fragment=\"1\"><\/iframe><\/p>\n<p>&nbsp;<\/p>\n<h3 style=\"color: #8c0000;\"><strong>Mais Informa\u00e7\u00f5es<\/strong><\/h3>\n<p><strong>Refei\u00e7\u00f5es:<\/strong> A alimenta\u00e7\u00e3o na cozinha do CEBB segue a linha vegetariana. O card\u00e1pio \u00e9 especialmente planejado para promover uma sa\u00fade equilibrada e apoiar as pr\u00e1ticas de estudo e medita\u00e7\u00e3o.<\/p>\n<p>&nbsp;<\/p>\n<p><strong>Hospedagem:<\/strong> Possu\u00edmos um dormit\u00f3rio feminino (65 lugares), um dormit\u00f3rio masculino (20 lugares), e o templo \u00e0 noite \u00e9 utilizado como dormit\u00f3rio misto (30 lugares). A divis\u00e3o dos lugares \u00e9 feita por ordem de prioridades (pessoas idosas e com dificuldade de locomo\u00e7\u00e3o) e por ordem de chegada.<\/p>\n<p>&nbsp;<\/p>\n<p><strong>O que voc\u00ea deve trazer:<\/strong> Travesseiro, roupa de cama e banho, guarda-chuva, lanterna, repelente.<\/p>\n<p>&nbsp;<\/p>\n<p><strong>Atividades volunt\u00e1rias:<\/strong> Os participantes dos eventos no CEBB s\u00e3o convidados a praticar atividades de limpeza e organiza\u00e7\u00e3o. As atividades volunt\u00e1rias para manuten\u00e7\u00e3o dos espa\u00e7os durante os eventos fazem parte do treinamento da mente e da energia e contribuem para a realiza\u00e7\u00e3o dos eventos de forma participativa e coletiva.<\/p>\n<p>&nbsp;<\/p>\n<p><strong>Transporte:<\/strong> Cada participante \u00e9 respons\u00e1vel por seu deslocamento ao CEBB Darmata. No entanto, com o intuito de ajudar os participantes, organizamos a lista de caronas solid\u00e1rias. Na semana do retiro, enviamos aos inscritos a lista de pessoas que oferecem carona e as que precisam de carona para que estas possam entrar em contato entre si.<br \/>\nEm caso de algum transtorno psicol\u00f3gico, \u00e9 imprescind\u00edvel o acompanhamento de um familiar no decorrer do retiro.<\/p>\n<p>&nbsp;<\/p>\n<p><strong>Contato:<\/strong> Em caso de d\u00favidas, entre em contato por email: conexaodarmata@gmail.com<\/p>","protected":false},"excerpt":{"rendered":"<p>04 a 07 de setembro &nbsp; Facilita\u00e7\u00e3o: Moradores do CEBB Darmata &nbsp; \u201cO acordar neste tempo \u00e9 individual e coletivo. Mudamos internamente pela pr\u00e1tica espiritual e mudamos coletivamente pelas iniciativas dos grupos onde nos inserimos. O acordar coletivo j\u00e1 \u00e9 a constru\u00e7\u00e3o de um tecido social compassivo que come\u00e7a com o sentar em roda, com [&hellip;]<\/p>\n","protected":false},"author":29,"featured_media":123731,"comment_status":"open","ping_status":"open","sticky":false,"template":"","format":"standard","meta":{"footnotes":""},"categories":[382,391,401,406,351,356],"tags":[],"class_list":["post-123641","post","type-post","status-publish","format-standard","has-post-thumbnail","hentry","category-darmata","category-joao-pessoa","category-natal","category-recife","category-pe","category-retiro-sanga"],"yoast_head":"<!-- This site is optimized with the Yoast SEO plugin v28.4 - https:\/\/yoast.com\/product\/yoast-seo-wordpress\/ -->\n<title>Retiro &quot;Vida em Comunidade: Presen\u00e7a, Cuidado e Coopera\u00e7\u00e3o&quot; no CEBB Darmata - Centro de Estudos Budistas Bodisatva<\/title>\n<meta name=\"robots\" content=\"index, follow, max-snippet:-1, max-image-preview:large, max-video-preview:-1\" \/>\n<link rel=\"canonical\" href=\"https:\/\/cebb.org.br\/fr\/vida-em-comunidade\/\" \/>\n<meta property=\"og:locale\" content=\"fr_FR\" \/>\n<meta property=\"og:type\" content=\"article\" \/>\n<meta property=\"og:title\" content=\"Retiro &quot;Vida em Comunidade: Presen\u00e7a, Cuidado e Coopera\u00e7\u00e3o&quot; no CEBB Darmata - Centro de Estudos Budistas Bodisatva\" \/>\n<meta property=\"og:description\" content=\"04 a 07 de setembro &nbsp; Facilita\u00e7\u00e3o: Moradores do CEBB Darmata &nbsp; \u201cO acordar neste tempo \u00e9 individual e coletivo. Mudamos internamente pela pr\u00e1tica espiritual e mudamos coletivamente pelas iniciativas dos grupos onde nos inserimos. O acordar coletivo j\u00e1 \u00e9 a constru\u00e7\u00e3o de um tecido social compassivo que come\u00e7a com o sentar em roda, com [&hellip;]\" \/>\n<meta property=\"og:url\" content=\"https:\/\/cebb.org.br\/fr\/vida-em-comunidade\/\" \/>\n<meta property=\"og:site_name\" content=\"Centro de Estudos Budistas Bodisatva\" \/>\n<meta property=\"article:publisher\" content=\"https:\/\/pt-br.facebook.com\/cebb108\" \/>\n<meta property=\"article:published_time\" content=\"2026-08-19T02:14:43+00:00\" \/>\n<meta property=\"article:modified_time\" content=\"2026-08-29T20:36:14+00:00\" \/>\n<meta property=\"og:image\" content=\"https:\/\/cebb.org.br\/wp-content\/uploads\/2030\/08\/a1a7c81b-f189-47f5-86be-b0bc7e939cbd.jpg\" \/>\n\t<meta property=\"og:image:width\" content=\"2048\" \/>\n\t<meta property=\"og:image:height\" content=\"2560\" \/>\n\t<meta property=\"og:image:type\" content=\"image\/jpeg\" \/>\n<meta name=\"author\" content=\"cebbdarmata\" \/>\n<meta name=\"twitter:card\" content=\"summary_large_image\" \/>\n<meta name=\"twitter:label1\" content=\"\u00c9crit par\" \/>\n\t<meta name=\"twitter:data1\" content=\"cebbdarmata\" \/>\n\t<meta name=\"twitter:label2\" content=\"Dur\u00e9e de lecture estim\u00e9e\" \/>\n\t<meta name=\"twitter:data2\" content=\"6 minutes\" \/>\n<script type=\"application\/ld+json\" class=\"yoast-schema-graph\">{\"@context\":\"https:\\\/\\\/schema.org\",\"@graph\":[{\"@type\":\"Article\",\"@id\":\"https:\\\/\\\/cebb.org.br\\\/vida-em-comunidade\\\/#article\",\"isPartOf\":{\"@id\":\"https:\\\/\\\/cebb.org.br\\\/vida-em-comunidade\\\/\"},\"author\":{\"name\":\"cebbdarmata\",\"@id\":\"https:\\\/\\\/cebb.org.br\\\/#\\\/schema\\\/person\\\/8c49ccfd22d2001bb5931bfe84ac9ae9\"},\"headline\":\"Retiro &#8220;Vida em Comunidade: Presen\u00e7a, Cuidado e Coopera\u00e7\u00e3o&#8221; no CEBB Darmata\",\"datePublished\":\"2026-08-19T02:14:43+00:00\",\"dateModified\":\"2026-08-29T20:36:14+00:00\",\"mainEntityOfPage\":{\"@id\":\"https:\\\/\\\/cebb.org.br\\\/vida-em-comunidade\\\/\"},\"wordCount\":1095,\"commentCount\":0,\"publisher\":{\"@id\":\"https:\\\/\\\/cebb.org.br\\\/#organization\"},\"image\":{\"@id\":\"https:\\\/\\\/cebb.org.br\\\/vida-em-comunidade\\\/#primaryimage\"},\"thumbnailUrl\":\"https:\\\/\\\/cebb.org.br\\\/wp-content\\\/uploads\\\/2030\\\/08\\\/a1a7c81b-f189-47f5-86be-b0bc7e939cbd.jpg\",\"articleSection\":[\"CEBB Darmata\",\"CEBB Jo\u00e3o Pessoa\",\"CEBB Natal\",\"CEBB Recife\",\"PE\",\"Retiro\"],\"inLanguage\":\"fr-FR\",\"potentialAction\":[{\"@type\":\"CommentAction\",\"name\":\"Comment\",\"target\":[\"https:\\\/\\\/cebb.org.br\\\/vida-em-comunidade\\\/#respond\"]}]},{\"@type\":\"WebPage\",\"@id\":\"https:\\\/\\\/cebb.org.br\\\/vida-em-comunidade\\\/\",\"url\":\"https:\\\/\\\/cebb.org.br\\\/vida-em-comunidade\\\/\",\"name\":\"Retiro \\\"Vida em Comunidade: Presen\u00e7a, Cuidado e Coopera\u00e7\u00e3o\\\" no CEBB Darmata - Centro de Estudos Budistas Bodisatva\",\"isPartOf\":{\"@id\":\"https:\\\/\\\/cebb.org.br\\\/#website\"},\"primaryImageOfPage\":{\"@id\":\"https:\\\/\\\/cebb.org.br\\\/vida-em-comunidade\\\/#primaryimage\"},\"image\":{\"@id\":\"https:\\\/\\\/cebb.org.br\\\/vida-em-comunidade\\\/#primaryimage\"},\"thumbnailUrl\":\"https:\\\/\\\/cebb.org.br\\\/wp-content\\\/uploads\\\/2030\\\/08\\\/a1a7c81b-f189-47f5-86be-b0bc7e939cbd.jpg\",\"datePublished\":\"2026-08-19T02:14:43+00:00\",\"dateModified\":\"2026-08-29T20:36:14+00:00\",\"breadcrumb\":{\"@id\":\"https:\\\/\\\/cebb.org.br\\\/vida-em-comunidade\\\/#breadcrumb\"},\"inLanguage\":\"fr-FR\",\"potentialAction\":[{\"@type\":\"ReadAction\",\"target\":[\"https:\\\/\\\/cebb.org.br\\\/vida-em-comunidade\\\/\"]}]},{\"@type\":\"ImageObject\",\"inLanguage\":\"fr-FR\",\"@id\":\"https:\\\/\\\/cebb.org.br\\\/vida-em-comunidade\\\/#primaryimage\",\"url\":\"https:\\\/\\\/cebb.org.br\\\/wp-content\\\/uploads\\\/2030\\\/08\\\/a1a7c81b-f189-47f5-86be-b0bc7e939cbd.jpg\",\"contentUrl\":\"https:\\\/\\\/cebb.org.br\\\/wp-content\\\/uploads\\\/2030\\\/08\\\/a1a7c81b-f189-47f5-86be-b0bc7e939cbd.jpg\",\"width\":2048,\"height\":2560},{\"@type\":\"BreadcrumbList\",\"@id\":\"https:\\\/\\\/cebb.org.br\\\/vida-em-comunidade\\\/#breadcrumb\",\"itemListElement\":[{\"@type\":\"ListItem\",\"position\":1,\"name\":\"Home\",\"item\":\"https:\\\/\\\/cebb.org.br\\\/\"},{\"@type\":\"ListItem\",\"position\":2,\"name\":\"Retiro &#8220;Vida em Comunidade: Presen\u00e7a, Cuidado e Coopera\u00e7\u00e3o&#8221; no CEBB Darmata\"}]},{\"@type\":\"WebSite\",\"@id\":\"https:\\\/\\\/cebb.org.br\\\/#website\",\"url\":\"https:\\\/\\\/cebb.org.br\\\/\",\"name\":\"Centro de Estudos Budistas Bodisatva\",\"description\":\"Budismo, medita\u00e7\u00e3o e cultura de paz | Lama Padma Samten\",\"publisher\":{\"@id\":\"https:\\\/\\\/cebb.org.br\\\/#organization\"},\"potentialAction\":[{\"@type\":\"SearchAction\",\"target\":{\"@type\":\"EntryPoint\",\"urlTemplate\":\"https:\\\/\\\/cebb.org.br\\\/?s={search_term_string}\"},\"query-input\":{\"@type\":\"PropertyValueSpecification\",\"valueRequired\":true,\"valueName\":\"search_term_string\"}}],\"inLanguage\":\"fr-FR\"},{\"@type\":\"Organization\",\"@id\":\"https:\\\/\\\/cebb.org.br\\\/#organization\",\"name\":\"Centro de Estudos Budistas Bodisatva\",\"url\":\"https:\\\/\\\/cebb.org.br\\\/\",\"logo\":{\"@type\":\"ImageObject\",\"inLanguage\":\"fr-FR\",\"@id\":\"https:\\\/\\\/cebb.org.br\\\/#\\\/schema\\\/logo\\\/image\\\/\",\"url\":\"http:\\\/\\\/18.230.164.79\\\/wp-content\\\/uploads\\\/2011\\\/03\\\/logosalvador-peq-e1660064979551.jpg\",\"contentUrl\":\"http:\\\/\\\/18.230.164.79\\\/wp-content\\\/uploads\\\/2011\\\/03\\\/logosalvador-peq-e1660064979551.jpg\",\"width\":280,\"height\":231,\"caption\":\"Centro de Estudos Budistas Bodisatva\"},\"image\":{\"@id\":\"https:\\\/\\\/cebb.org.br\\\/#\\\/schema\\\/logo\\\/image\\\/\"},\"sameAs\":[\"https:\\\/\\\/pt-br.facebook.com\\\/cebb108\",\"https:\\\/\\\/www.instagram.com\\\/cebbcaminhodomeio\\\/\"]},{\"@type\":\"Person\",\"@id\":\"https:\\\/\\\/cebb.org.br\\\/#\\\/schema\\\/person\\\/8c49ccfd22d2001bb5931bfe84ac9ae9\",\"name\":\"cebbdarmata\",\"image\":{\"@type\":\"ImageObject\",\"inLanguage\":\"fr-FR\",\"@id\":\"https:\\\/\\\/secure.gravatar.com\\\/avatar\\\/098f1538ee16b30ab9ef6986e3f6f98ed4f97580107168a3951e259da571c501?s=96&d=mm&r=g\",\"url\":\"https:\\\/\\\/secure.gravatar.com\\\/avatar\\\/098f1538ee16b30ab9ef6986e3f6f98ed4f97580107168a3951e259da571c501?s=96&d=mm&r=g\",\"contentUrl\":\"https:\\\/\\\/secure.gravatar.com\\\/avatar\\\/098f1538ee16b30ab9ef6986e3f6f98ed4f97580107168a3951e259da571c501?s=96&d=mm&r=g\",\"caption\":\"cebbdarmata\"},\"url\":\"https:\\\/\\\/cebb.org.br\\\/fr\\\/author\\\/cebbdarmata\\\/\"}]}<\/script>\n<!-- \/ Yoast SEO plugin. -->","yoast_head_json":{"title":"Retiro \"Vida em Comunidade: Presen\u00e7a, Cuidado e Coopera\u00e7\u00e3o\" no CEBB Darmata - Centro de Estudos Budistas Bodisatva","robots":{"index":"index","follow":"follow","max-snippet":"max-snippet:-1","max-image-preview":"max-image-preview:large","max-video-preview":"max-video-preview:-1"},"canonical":"https:\/\/cebb.org.br\/fr\/vida-em-comunidade\/","og_locale":"fr_FR","og_type":"article","og_title":"Retiro \"Vida em Comunidade: Presen\u00e7a, Cuidado e Coopera\u00e7\u00e3o\" no CEBB Darmata - Centro de Estudos Budistas Bodisatva","og_description":"04 a 07 de setembro &nbsp; Facilita\u00e7\u00e3o: Moradores do CEBB Darmata &nbsp; \u201cO acordar neste tempo \u00e9 individual e coletivo. Mudamos internamente pela pr\u00e1tica espiritual e mudamos coletivamente pelas iniciativas dos grupos onde nos inserimos. O acordar coletivo j\u00e1 \u00e9 a constru\u00e7\u00e3o de um tecido social compassivo que come\u00e7a com o sentar em roda, com [&hellip;]","og_url":"https:\/\/cebb.org.br\/fr\/vida-em-comunidade\/","og_site_name":"Centro de Estudos Budistas Bodisatva","article_publisher":"https:\/\/pt-br.facebook.com\/cebb108","article_published_time":"2026-08-19T02:14:43+00:00","article_modified_time":"2026-08-29T20:36:14+00:00","og_image":[{"width":2048,"height":2560,"url":"https:\/\/cebb.org.br\/wp-content\/uploads\/2030\/08\/a1a7c81b-f189-47f5-86be-b0bc7e939cbd.jpg","type":"image\/jpeg"}],"author":"cebbdarmata","twitter_card":"summary_large_image","twitter_misc":{"\u00c9crit par":"cebbdarmata","Dur\u00e9e de lecture estim\u00e9e":"6 minutes"},"schema":{"@context":"https:\/\/schema.org","@graph":[{"@type":"Article","@id":"https:\/\/cebb.org.br\/vida-em-comunidade\/#article","isPartOf":{"@id":"https:\/\/cebb.org.br\/vida-em-comunidade\/"},"author":{"name":"cebbdarmata","@id":"https:\/\/cebb.org.br\/#\/schema\/person\/8c49ccfd22d2001bb5931bfe84ac9ae9"},"headline":"Retiro &#8220;Vida em Comunidade: Presen\u00e7a, Cuidado e Coopera\u00e7\u00e3o&#8221; no CEBB Darmata","datePublished":"2026-08-19T02:14:43+00:00","dateModified":"2026-08-29T20:36:14+00:00","mainEntityOfPage":{"@id":"https:\/\/cebb.org.br\/vida-em-comunidade\/"},"wordCount":1095,"commentCount":0,"publisher":{"@id":"https:\/\/cebb.org.br\/#organization"},"image":{"@id":"https:\/\/cebb.org.br\/vida-em-comunidade\/#primaryimage"},"thumbnailUrl":"https:\/\/cebb.org.br\/wp-content\/uploads\/2030\/08\/a1a7c81b-f189-47f5-86be-b0bc7e939cbd.jpg","articleSection":["CEBB Darmata","CEBB Jo\u00e3o Pessoa","CEBB Natal","CEBB Recife","PE","Retiro"],"inLanguage":"fr-FR","potentialAction":[{"@type":"CommentAction","name":"Comment","target":["https:\/\/cebb.org.br\/vida-em-comunidade\/#respond"]}]},{"@type":"WebPage","@id":"https:\/\/cebb.org.br\/vida-em-comunidade\/","url":"https:\/\/cebb.org.br\/vida-em-comunidade\/","name":"Retiro \"Vida em Comunidade: Presen\u00e7a, Cuidado e Coopera\u00e7\u00e3o\" no CEBB Darmata - Centro de Estudos Budistas Bodisatva","isPartOf":{"@id":"https:\/\/cebb.org.br\/#website"},"primaryImageOfPage":{"@id":"https:\/\/cebb.org.br\/vida-em-comunidade\/#primaryimage"},"image":{"@id":"https:\/\/cebb.org.br\/vida-em-comunidade\/#primaryimage"},"thumbnailUrl":"https:\/\/cebb.org.br\/wp-content\/uploads\/2030\/08\/a1a7c81b-f189-47f5-86be-b0bc7e939cbd.jpg","datePublished":"2026-08-19T02:14:43+00:00","dateModified":"2026-08-29T20:36:14+00:00","breadcrumb":{"@id":"https:\/\/cebb.org.br\/vida-em-comunidade\/#breadcrumb"},"inLanguage":"fr-FR","potentialAction":[{"@type":"ReadAction","target":["https:\/\/cebb.org.br\/vida-em-comunidade\/"]}]},{"@type":"ImageObject","inLanguage":"fr-FR","@id":"https:\/\/cebb.org.br\/vida-em-comunidade\/#primaryimage","url":"https:\/\/cebb.org.br\/wp-content\/uploads\/2030\/08\/a1a7c81b-f189-47f5-86be-b0bc7e939cbd.jpg","contentUrl":"https:\/\/cebb.org.br\/wp-content\/uploads\/2030\/08\/a1a7c81b-f189-47f5-86be-b0bc7e939cbd.jpg","width":2048,"height":2560},{"@type":"BreadcrumbList","@id":"https:\/\/cebb.org.br\/vida-em-comunidade\/#breadcrumb","itemListElement":[{"@type":"ListItem","position":1,"name":"Home","item":"https:\/\/cebb.org.br\/"},{"@type":"ListItem","position":2,"name":"Retiro &#8220;Vida em Comunidade: Presen\u00e7a, Cuidado e Coopera\u00e7\u00e3o&#8221; no CEBB Darmata"}]},{"@type":"WebSite","@id":"https:\/\/cebb.org.br\/#website","url":"https:\/\/cebb.org.br\/","name":"Centre d\u2019\u00c9tudes Bouddhistes Bodisatva (CEBB)","description":"Budismo, medita\u00e7\u00e3o e cultura de paz | Lama Padma Samten","publisher":{"@id":"https:\/\/cebb.org.br\/#organization"},"potentialAction":[{"@type":"SearchAction","target":{"@type":"EntryPoint","urlTemplate":"https:\/\/cebb.org.br\/?s={search_term_string}"},"query-input":{"@type":"PropertyValueSpecification","valueRequired":true,"valueName":"search_term_string"}}],"inLanguage":"fr-FR"},{"@type":"Organization","@id":"https:\/\/cebb.org.br\/#organization","name":"Centre d\u2019\u00c9tudes Bouddhistes Bodisatva (CEBB)","url":"https:\/\/cebb.org.br\/","logo":{"@type":"ImageObject","inLanguage":"fr-FR","@id":"https:\/\/cebb.org.br\/#\/schema\/logo\/image\/","url":"http:\/\/18.230.164.79\/wp-content\/uploads\/2011\/03\/logosalvador-peq-e1660064979551.jpg","contentUrl":"http:\/\/18.230.164.79\/wp-content\/uploads\/2011\/03\/logosalvador-peq-e1660064979551.jpg","width":280,"height":231,"caption":"Centro de Estudos Budistas Bodisatva"},"image":{"@id":"https:\/\/cebb.org.br\/#\/schema\/logo\/image\/"},"sameAs":["https:\/\/pt-br.facebook.com\/cebb108","https:\/\/www.instagram.com\/cebbcaminhodomeio\/"]},{"@type":"Person","@id":"https:\/\/cebb.org.br\/#\/schema\/person\/8c49ccfd22d2001bb5931bfe84ac9ae9","name":"cebbdarmata","image":{"@type":"ImageObject","inLanguage":"fr-FR","@id":"https:\/\/secure.gravatar.com\/avatar\/098f1538ee16b30ab9ef6986e3f6f98ed4f97580107168a3951e259da571c501?s=96&d=mm&r=g","url":"https:\/\/secure.gravatar.com\/avatar\/098f1538ee16b30ab9ef6986e3f6f98ed4f97580107168a3951e259da571c501?s=96&d=mm&r=g","contentUrl":"https:\/\/secure.gravatar.com\/avatar\/098f1538ee16b30ab9ef6986e3f6f98ed4f97580107168a3951e259da571c501?s=96&d=mm&r=g","caption":"cebbdarmata"},"url":"https:\/\/cebb.org.br\/fr\/author\/cebbdarmata\/"}]}},"_links":{"self":[{"href":"https:\/\/cebb.org.br\/fr\/wp-json\/wp\/v2\/posts\/123641","targetHints":{"allow":["GET"]}}],"collection":[{"href":"https:\/\/cebb.org.br\/fr\/wp-json\/wp\/v2\/posts"}],"about":[{"href":"https:\/\/cebb.org.br\/fr\/wp-json\/wp\/v2\/types\/post"}],"author":[{"embeddable":true,"href":"https:\/\/cebb.org.br\/fr\/wp-json\/wp\/v2\/users\/29"}],"replies":[{"embeddable":true,"href":"https:\/\/cebb.org.br\/fr\/wp-json\/wp\/v2\/comments?post=123641"}],"version-history":[{"count":4,"href":"https:\/\/cebb.org.br\/fr\/wp-json\/wp\/v2\/posts\/123641\/revisions"}],"predecessor-version":[{"id":123734,"href":"https:\/\/cebb.org.br\/fr\/wp-json\/wp\/v2\/posts\/123641\/revisions\/123734"}],"wp:featuredmedia":[{"embeddable":true,"href":"https:\/\/cebb.org.br\/fr\/wp-json\/wp\/v2\/media\/123731"}],"wp:attachment":[{"href":"https:\/\/cebb.org.br\/fr\/wp-json\/wp\/v2\/media?parent=123641"}],"wp:term":[{"taxonomy":"category","embeddable":true,"href":"https:\/\/cebb.org.br\/fr\/wp-json\/wp\/v2\/categories?post=123641"},{"taxonomy":"post_tag","embeddable":true,"href":"https:\/\/cebb.org.br\/fr\/wp-json\/wp\/v2\/tags?post=123641"}],"curies":[{"name":"wp","href":"https:\/\/api.w.org\/{rel}","templated":true}]}}