{"id":123736,"date":"2026-09-04T16:34:08","date_gmt":"2026-09-04T19:34:08","guid":{"rendered":"https:\/\/cebb.org.br\/?p=123736"},"modified":"2026-09-04T16:42:50","modified_gmt":"2026-09-04T19:42:50","slug":"retiro-os-quatro-dharmas-de-gampopa-com-o-lama-jigme-lhawang","status":"publish","type":"post","link":"https:\/\/cebb.org.br\/fr\/retiro-os-quatro-dharmas-de-gampopa-com-o-lama-jigme-lhawang\/","title":{"rendered":"Retiro \u201cOs Quatro Dharmas de Gampopa\u201d com o Lama Jigme Lhawang"},"content":{"rendered":"<p>O Lama Jigme Lhawang retorna, em um retiro mais longo, para dar continuidade aos ensinamentos e \u00e0 medita\u00e7\u00e3o que cultivam o bem-estar e a clareza em meio aos desafios do cotidiano.<\/p>\n<p><!--more--><\/p>\n<h3><\/h3>\n<h3>Data<\/h3>\n<p>9 (sexta-feira) a 12 de outubro de 2026 (segunda-feira).<\/p>\n<p>&nbsp;<\/p>\n<p>&nbsp;<\/p>\n<h3>Local<\/h3>\n<p>CEBB Rec\u00f4ncavo, acesso pela rodovia BR 420 (Santo Amaro a Cachoeira), km 35 (localidade conhecida e identificada como km 25, por raz\u00f5es locais), situado a 700 metros ap\u00f3s entrar na rodovia BA-510 no sentido para a localidade de Pedras.<br \/>\nMais informa\u00e7\u00f5es aqui: <u><a href=\"https:\/\/cebb.org.br\/fr\/reconcavo\/\">CEBB Rec\u00f4ncavo &#8211; Centro de Estudos Budistas Bodisatva<\/a><\/u><\/p>\n<p>&nbsp;<\/p>\n<p>&nbsp;<\/p>\n<h3>Ensinamentos com o Lama Jigme Lhawang<\/h3>\n<p><img decoding=\"async\" class=\"wp-image-123924 alignleft\" src=\"https:\/\/cebb.org.br\/wp-content\/uploads\/2026\/09\/WhatsApp-Image-2026-09-03-at-16.41.46-228x300.jpeg\" alt=\"\" width=\"121\" height=\"159\" \/><\/p>\n<p>&nbsp;<\/p>\n<p>Lama Jigme Lhawang \u00e9 professor, tradutor, terapeuta e Lama no budismo dos Himalaias. \u00c9 diretor-fundador do Instituto de Ci\u00eancias Contemplativas, onde integra ci\u00eancia, psicoeduca\u00e7\u00e3o e pr\u00e1ticas contemplativas, articulando saberes da antropologia, filosofia, psicologia e espiritualidade.<\/p>\n<p>Iniciou seu treinamento no budismo em 1995, como aluno de Lama Padma Samten e Chagdud Tulku Rinpoche. Em 2003, seguiu para \u00cdndia e o Nepal onde desempenhou um treinamento mon\u00e1stico por dez anos nos Himalaias, sendo posteriormente graduado como Lama por Sua Santidade Gyalwang Drukpa, l\u00edder da linhagem Drukpa do Budismo Himalaico.<\/p>\n<p>&nbsp;<\/p>\n<h3><\/h3>\n<h3><\/h3>\n<h1 style=\"text-align: center;\">Retiro \u201c<strong>Os Quatro Dharmas de Gampopa<\/strong>\u201d<\/h1>\n<p>&nbsp;<\/p>\n<p>Os Quatro Dharmas de Gampopa resumem todo o caminho do budismo tibetano em quatro passos essenciais:<\/p>\n<ol>\n<li><strong>q<\/strong><strong>ue a mente se volte para o Dharma<\/strong> \u2013 voc\u00ea pensa na morte e na imperman\u00eancia, v\u00ea que as coisas do mundo n\u00e3o duram e decide praticar verdadeiramente os ensinamentos do Buda;<\/li>\n<li><strong>que o Dharma se torne o caminho<\/strong> \u2013 voc\u00ea desenvolve amor e compaix\u00e3o pelos outros. Entende que o mundo \u00e9 como um sonho ou uma ilus\u00e3o;<\/li>\n<li><strong>que o caminho dissipe a ilus\u00e3o<\/strong> \u2013 voc\u00ea usa a pr\u00e1tica espiritual para limpar a confus\u00e3o da mente. Os problemas e as d\u00favidas come\u00e7am a perder a for\u00e7a;<\/li>\n<li><strong>a ilus\u00e3o surge como sabedoria <\/strong>\u2013 a confus\u00e3o se transforma em sabedoria pura. Voc\u00ea alcan\u00e7a a clareza da mente desperta.<\/li>\n<\/ol>\n<p>A partir desses ensinamentos, o querido Lama Jigme Lhawang conduzir\u00e1 o retiro e oferecer\u00e1 instru\u00e7\u00f5es profundas e diretas, medita\u00e7\u00f5es guiadas e espa\u00e7o para di\u00e1logo e investiga\u00e7\u00e3o. Isso tudo com a alegria e leveza que lhe \u00e9 peculiar.<\/p>\n<p>Aberto a qualquer pessoa interessada na aplica\u00e7\u00e3o pr\u00e1tica dessa sabedoria no cotidiano. Aguardamos voc\u00ea amorosamente.<\/p>\n<p>&nbsp;<\/p>\n<p>&nbsp;<\/p>\n<p style=\"text-align: center;\"><strong>PROGRAMA\u00c7\u00c3O<\/strong><\/p>\n<p><strong>Check-in<\/strong>: Sexta-feira, a partir das 15h<\/p>\n<p><strong>T\u00e9rmino<\/strong>: Segunda-feira, \u00e0s 13h<\/p>\n<p>&nbsp;<\/p>\n<p><strong>Sexta-feira (in\u00edcio)<\/strong><\/p>\n<p>18h \u2013 Jantar<\/p>\n<p>19h \u2013 Puja \u201cO Sutra do Cora\u00e7\u00e3o\u201d<\/p>\n<p>20h \u2013 Palavras iniciais do Lama Jigme Lhawang<\/p>\n<p>21h30 \u2013 Recolhimento<\/p>\n<p><strong>\u00a0<\/strong><\/p>\n<p><strong>S\u00e1bado e Domingo<\/strong><\/p>\n<p>5h30 \u00e0s 6h \u2013 Medita\u00e7\u00e3o<\/p>\n<p>6h \u2013 Puja Chuva de Ben\u00e7\u00e3os<\/p>\n<p>7h \u2013 Caf\u00e9 da manh\u00e3<\/p>\n<p>7h40 \u2013 Atividades volunt\u00e1rias (Samu)<\/p>\n<p>9h \u00e0s 12h \u2013 In\u00edcio dos ensinamentos com o Lama Jigme Lhawang<\/p>\n<p>12h \u2013 Almo\u00e7o<\/p>\n<p>12h40 \u2013 Atividades volunt\u00e1rias (Samu) e descanso<\/p>\n<p>14h \u00e0s 17h \u2013 Continuidade dos ensinamentos com o Lama Jigme Lhawang<\/p>\n<p>17h \u00e0s 18h \u2013 Atividades corporais livres<\/p>\n<p>18h \u2013 Jantar<\/p>\n<p>19h \u2013 Puja \u201cO Sutra do Cora\u00e7\u00e3o\u201d<\/p>\n<p>20h \u2013 Continuidade dos ensinamentos com o Lama Jigme Lhawang<\/p>\n<p>21h30 \u2013 Recolhimento<\/p>\n<p>&nbsp;<\/p>\n<p><strong>Segunda<\/strong><\/p>\n<p>5h30 \u00e0s 6h \u2013 Medita\u00e7\u00e3o<\/p>\n<p>6h \u2013 Puja Chuva de Ben\u00e7\u00e3os<\/p>\n<p>7h \u2013 Caf\u00e9 da manh\u00e3<\/p>\n<p>7h40 \u2013 Atividades volunt\u00e1rias (Samu)<\/p>\n<p>9h \u00e0s 12h \u2013 Continuidade dos ensinamentos com o Lama Jigme Lhawang<\/p>\n<p>12h30 \u2013 Encerramento e almo\u00e7o<\/p>\n<p>&nbsp;<\/p>\n<p><strong>Hor\u00e1rios:<\/strong> Conforme programa\u00e7\u00e3o<\/p>\n<p><strong>Informa\u00e7\u00f5es outras<\/strong><\/p>\n<p><strong>Atividades volunt\u00e1rias: <\/strong>os participantes dos eventos no CEBB s\u00e3o convidados a praticar, desenvolvendo atividades para manter os ambientes comuns arrumados e organizados. As atividades volunt\u00e1rias para manuten\u00e7\u00e3o dos espa\u00e7os durante os eventos fazem parte do treinamento da mente e da energia e contribuem para a realiza\u00e7\u00e3o dos eventos de forma participativa e coletiva.<\/p>\n<p>&nbsp;<\/p>\n<h3>Inscri\u00e7\u00e3o e Pr\u00e1tica de Generosidade<\/h3>\n<p>A pr\u00e1tica da Dana Paramita \u2013 perfei\u00e7\u00e3o da generosidade \u2013 torna poss\u00edvel a continuidade dos ensinamentos desde os tempos do Buda. As seis paramitas \u2013 generosidade, moralidade, paz, energia constante, concentra\u00e7\u00e3o e sabedoria \u2013 inspiram a pr\u00e1tica e s\u00e3o a base geradora e sustentadora dos centros de estudos, medita\u00e7\u00e3o e acolhimento e tamb\u00e9m das iniciativas do CEBB Rec\u00f4ncavo, Bahia.<\/p>\n<p>&nbsp;<\/p>\n<p><em>R$ 850,00 \u2013 com alojamento e com alimenta\u00e7\u00e3o<\/em><br \/>\n<em>R$ 715,00\u2013 Sem hospedagem e com alimenta\u00e7\u00e3o (para alugar quarto, entre em contato antes da inscri\u00e7\u00e3o)<\/em><\/p>\n<p>&nbsp;<\/p>\n<p>Para finalizar a inscri\u00e7\u00e3o para o <strong>RETIRO PRESENCIAL<\/strong> acesse o link abaixo. Entre em contato em caso de d\u00favida. <strong>N\u00e3o haver\u00e1 transmiss\u00e3o online.<\/strong><\/p>\n<p>&nbsp;<\/p>\n<p><a href=\"https:\/\/forms.gle\/RtXrgUxUtYtfdUeJ9\"><span style=\"color: #ff0000;\"><b>INSCREVA-SE AQUI<\/b><\/span><\/a><\/p>\n<p>&nbsp;<\/p>\n<p><strong>Praticamos o princ\u00edpio de que ningu\u00e9m deve deixar de ter acesso ao Darma por limita\u00e7\u00f5es financeiras.\u00a0Se voc\u00ea aspira participar dessa atividade, mas n\u00e3o consegue oferecer o valor sugerido, entre em contato conosco.<\/strong><\/p>\n<p>&nbsp;<\/p>\n<p><strong>Contato<\/strong><\/p>\n<p>cebbreconcavo@gmail.com OU <strong> (71) 99973 6041; (71) 99134 8455<\/strong> (<strong>WhatsApp<\/strong>)\u00a0(atendimento de 2\u00aa a 6\u00aa feira das 14h \u00e0s 18h).<\/p>\n<p><img decoding=\"async\" class=\"alignnone wp-image-116473\" src=\"https:\/\/cebb.org.br\/wp-content\/uploads\/2025\/07\/whatsapp-1.jpg\" alt=\"\" width=\"49\" height=\"49\" srcset=\"https:\/\/cebb.org.br\/wp-content\/uploads\/2025\/07\/whatsapp-1.jpg 169w, https:\/\/cebb.org.br\/wp-content\/uploads\/2025\/07\/whatsapp-1-12x12.jpg 12w\" sizes=\"(max-width: 49px) 100vw, 49px\" \/><\/p>\n<p><strong>Para receber a divulga\u00e7\u00e3o do CEBB Rec\u00f4ncavo por WhatsApp entre no grupo: <a href=\"https:\/\/chat.whatsapp.com\/0qGXDhWr25c5Q4lHeYIDq6\">Divulga\u00e7\u00e3o CEBB Rec\u00f4ncavo<\/a><\/strong><\/p>\n<p>&nbsp;<\/p>\n<p>Vagas limitadas.<br \/>\nAs vagas s\u00e3o reservadas ap\u00f3s a comprova\u00e7\u00e3o da contribui\u00e7\u00e3o.<br \/>\nAs inscri\u00e7\u00f5es ser\u00e3o encerradas dia <strong>05\/10\/26 (segunda-feira)<\/strong><\/p>","protected":false},"excerpt":{"rendered":"<p>O Lama Jigme Lhawang retorna, em um retiro mais longo, para dar continuidade aos ensinamentos e \u00e0 medita\u00e7\u00e3o que cultivam o bem-estar e a clareza em meio aos desafios do cotidiano.<\/p>","protected":false},"author":104,"featured_media":123924,"comment_status":"open","ping_status":"open","sticky":false,"template":"","format":"standard","meta":{"footnotes":""},"categories":[368,407,356],"tags":[522],"class_list":["post-123736","post","type-post","status-publish","format-standard","has-post-thumbnail","hentry","category-ba","category-reconcavo","category-retiro-sanga","tag-eventos"],"yoast_head":"<!-- This site is optimized with the Yoast SEO plugin v28.4 - https:\/\/yoast.com\/product\/yoast-seo-wordpress\/ -->\n<title>Retiro \u201cOs Quatro Dharmas de Gampopa\u201d com o Lama Jigme Lhawang - Centro de Estudos Budistas Bodisatva<\/title>\n<meta name=\"robots\" content=\"index, follow, max-snippet:-1, max-image-preview:large, max-video-preview:-1\" \/>\n<link rel=\"canonical\" href=\"https:\/\/cebb.org.br\/fr\/retiro-os-quatro-dharmas-de-gampopa-com-o-lama-jigme-lhawang\/\" \/>\n<meta property=\"og:locale\" content=\"fr_FR\" \/>\n<meta property=\"og:type\" content=\"article\" \/>\n<meta property=\"og:title\" content=\"Retiro \u201cOs Quatro Dharmas de Gampopa\u201d com o Lama Jigme Lhawang - Centro de Estudos Budistas Bodisatva\" \/>\n<meta property=\"og:description\" content=\"O Lama Jigme Lhawang retorna, em um retiro mais longo, para dar continuidade aos ensinamentos e \u00e0 medita\u00e7\u00e3o que cultivam o bem-estar e a clareza em meio aos desafios do cotidiano.\" \/>\n<meta property=\"og:url\" content=\"https:\/\/cebb.org.br\/fr\/retiro-os-quatro-dharmas-de-gampopa-com-o-lama-jigme-lhawang\/\" \/>\n<meta property=\"og:site_name\" content=\"Centro de Estudos Budistas Bodisatva\" \/>\n<meta property=\"article:publisher\" content=\"https:\/\/pt-br.facebook.com\/cebb108\" \/>\n<meta property=\"article:published_time\" content=\"2026-09-04T19:34:08+00:00\" \/>\n<meta property=\"article:modified_time\" content=\"2026-09-04T19:42:50+00:00\" \/>\n<meta property=\"og:image\" content=\"https:\/\/cebb.org.br\/wp-content\/uploads\/2026\/09\/WhatsApp-Image-2026-09-03-at-16.41.46-e1788550849974.jpeg\" \/>\n\t<meta property=\"og:image:width\" content=\"1213\" \/>\n\t<meta property=\"og:image:height\" content=\"1264\" \/>\n\t<meta property=\"og:image:type\" content=\"image\/jpeg\" \/>\n<meta name=\"author\" content=\"Andreza Lustoza\" \/>\n<meta name=\"twitter:card\" content=\"summary_large_image\" \/>\n<meta name=\"twitter:label1\" content=\"\u00c9crit par\" \/>\n\t<meta name=\"twitter:data1\" content=\"Andreza Lustoza\" \/>\n\t<meta name=\"twitter:label2\" content=\"Dur\u00e9e de lecture estim\u00e9e\" \/>\n\t<meta name=\"twitter:data2\" content=\"5 minutes\" \/>\n<script type=\"application\/ld+json\" class=\"yoast-schema-graph\">{\"@context\":\"https:\\\/\\\/schema.org\",\"@graph\":[{\"@type\":\"Article\",\"@id\":\"https:\\\/\\\/cebb.org.br\\\/retiro-os-quatro-dharmas-de-gampopa-com-o-lama-jigme-lhawang\\\/#article\",\"isPartOf\":{\"@id\":\"https:\\\/\\\/cebb.org.br\\\/retiro-os-quatro-dharmas-de-gampopa-com-o-lama-jigme-lhawang\\\/\"},\"author\":{\"name\":\"Andreza Lustoza\",\"@id\":\"https:\\\/\\\/cebb.org.br\\\/#\\\/schema\\\/person\\\/cf500a35a76166ac91ab8c1e2f8ac638\"},\"headline\":\"Retiro \u201cOs Quatro Dharmas de Gampopa\u201d com o Lama Jigme Lhawang\",\"datePublished\":\"2026-09-04T19:34:08+00:00\",\"dateModified\":\"2026-09-04T19:42:50+00:00\",\"mainEntityOfPage\":{\"@id\":\"https:\\\/\\\/cebb.org.br\\\/retiro-os-quatro-dharmas-de-gampopa-com-o-lama-jigme-lhawang\\\/\"},\"wordCount\":848,\"commentCount\":0,\"publisher\":{\"@id\":\"https:\\\/\\\/cebb.org.br\\\/#organization\"},\"image\":{\"@id\":\"https:\\\/\\\/cebb.org.br\\\/retiro-os-quatro-dharmas-de-gampopa-com-o-lama-jigme-lhawang\\\/#primaryimage\"},\"thumbnailUrl\":\"https:\\\/\\\/cebb.org.br\\\/wp-content\\\/uploads\\\/2026\\\/09\\\/WhatsApp-Image-2026-09-03-at-16.41.46-e1788550849974.jpeg\",\"keywords\":[\"Eventos\"],\"articleSection\":[\"BA\",\"CEBB Rec\u00f4ncavo\",\"Retiro\"],\"inLanguage\":\"fr-FR\",\"potentialAction\":[{\"@type\":\"CommentAction\",\"name\":\"Comment\",\"target\":[\"https:\\\/\\\/cebb.org.br\\\/retiro-os-quatro-dharmas-de-gampopa-com-o-lama-jigme-lhawang\\\/#respond\"]}]},{\"@type\":\"WebPage\",\"@id\":\"https:\\\/\\\/cebb.org.br\\\/retiro-os-quatro-dharmas-de-gampopa-com-o-lama-jigme-lhawang\\\/\",\"url\":\"https:\\\/\\\/cebb.org.br\\\/retiro-os-quatro-dharmas-de-gampopa-com-o-lama-jigme-lhawang\\\/\",\"name\":\"Retiro \u201cOs Quatro Dharmas de Gampopa\u201d com o Lama Jigme Lhawang - Centro de Estudos Budistas Bodisatva\",\"isPartOf\":{\"@id\":\"https:\\\/\\\/cebb.org.br\\\/#website\"},\"primaryImageOfPage\":{\"@id\":\"https:\\\/\\\/cebb.org.br\\\/retiro-os-quatro-dharmas-de-gampopa-com-o-lama-jigme-lhawang\\\/#primaryimage\"},\"image\":{\"@id\":\"https:\\\/\\\/cebb.org.br\\\/retiro-os-quatro-dharmas-de-gampopa-com-o-lama-jigme-lhawang\\\/#primaryimage\"},\"thumbnailUrl\":\"https:\\\/\\\/cebb.org.br\\\/wp-content\\\/uploads\\\/2026\\\/09\\\/WhatsApp-Image-2026-09-03-at-16.41.46-e1788550849974.jpeg\",\"datePublished\":\"2026-09-04T19:34:08+00:00\",\"dateModified\":\"2026-09-04T19:42:50+00:00\",\"breadcrumb\":{\"@id\":\"https:\\\/\\\/cebb.org.br\\\/retiro-os-quatro-dharmas-de-gampopa-com-o-lama-jigme-lhawang\\\/#breadcrumb\"},\"inLanguage\":\"fr-FR\",\"potentialAction\":[{\"@type\":\"ReadAction\",\"target\":[\"https:\\\/\\\/cebb.org.br\\\/retiro-os-quatro-dharmas-de-gampopa-com-o-lama-jigme-lhawang\\\/\"]}]},{\"@type\":\"ImageObject\",\"inLanguage\":\"fr-FR\",\"@id\":\"https:\\\/\\\/cebb.org.br\\\/retiro-os-quatro-dharmas-de-gampopa-com-o-lama-jigme-lhawang\\\/#primaryimage\",\"url\":\"https:\\\/\\\/cebb.org.br\\\/wp-content\\\/uploads\\\/2026\\\/09\\\/WhatsApp-Image-2026-09-03-at-16.41.46-e1788550849974.jpeg\",\"contentUrl\":\"https:\\\/\\\/cebb.org.br\\\/wp-content\\\/uploads\\\/2026\\\/09\\\/WhatsApp-Image-2026-09-03-at-16.41.46-e1788550849974.jpeg\",\"width\":1213,\"height\":1264},{\"@type\":\"BreadcrumbList\",\"@id\":\"https:\\\/\\\/cebb.org.br\\\/retiro-os-quatro-dharmas-de-gampopa-com-o-lama-jigme-lhawang\\\/#breadcrumb\",\"itemListElement\":[{\"@type\":\"ListItem\",\"position\":1,\"name\":\"Home\",\"item\":\"https:\\\/\\\/cebb.org.br\\\/\"},{\"@type\":\"ListItem\",\"position\":2,\"name\":\"Retiro \u201cOs Quatro Dharmas de Gampopa\u201d com o Lama Jigme Lhawang\"}]},{\"@type\":\"WebSite\",\"@id\":\"https:\\\/\\\/cebb.org.br\\\/#website\",\"url\":\"https:\\\/\\\/cebb.org.br\\\/\",\"name\":\"Centro de Estudos Budistas Bodisatva\",\"description\":\"Budismo, medita\u00e7\u00e3o e cultura de paz | Lama Padma Samten\",\"publisher\":{\"@id\":\"https:\\\/\\\/cebb.org.br\\\/#organization\"},\"potentialAction\":[{\"@type\":\"SearchAction\",\"target\":{\"@type\":\"EntryPoint\",\"urlTemplate\":\"https:\\\/\\\/cebb.org.br\\\/?s={search_term_string}\"},\"query-input\":{\"@type\":\"PropertyValueSpecification\",\"valueRequired\":true,\"valueName\":\"search_term_string\"}}],\"inLanguage\":\"fr-FR\"},{\"@type\":\"Organization\",\"@id\":\"https:\\\/\\\/cebb.org.br\\\/#organization\",\"name\":\"Centro de Estudos Budistas Bodisatva\",\"url\":\"https:\\\/\\\/cebb.org.br\\\/\",\"logo\":{\"@type\":\"ImageObject\",\"inLanguage\":\"fr-FR\",\"@id\":\"https:\\\/\\\/cebb.org.br\\\/#\\\/schema\\\/logo\\\/image\\\/\",\"url\":\"http:\\\/\\\/18.230.164.79\\\/wp-content\\\/uploads\\\/2011\\\/03\\\/logosalvador-peq-e1660064979551.jpg\",\"contentUrl\":\"http:\\\/\\\/18.230.164.79\\\/wp-content\\\/uploads\\\/2011\\\/03\\\/logosalvador-peq-e1660064979551.jpg\",\"width\":280,\"height\":231,\"caption\":\"Centro de Estudos Budistas Bodisatva\"},\"image\":{\"@id\":\"https:\\\/\\\/cebb.org.br\\\/#\\\/schema\\\/logo\\\/image\\\/\"},\"sameAs\":[\"https:\\\/\\\/pt-br.facebook.com\\\/cebb108\",\"https:\\\/\\\/www.instagram.com\\\/cebbcaminhodomeio\\\/\"]},{\"@type\":\"Person\",\"@id\":\"https:\\\/\\\/cebb.org.br\\\/#\\\/schema\\\/person\\\/cf500a35a76166ac91ab8c1e2f8ac638\",\"name\":\"Andreza Lustoza\",\"image\":{\"@type\":\"ImageObject\",\"inLanguage\":\"fr-FR\",\"@id\":\"https:\\\/\\\/secure.gravatar.com\\\/avatar\\\/432414e2f1401e0c1757619cc53dd15ec29bd9acd0b057b2f549bfd79b967c3a?s=96&d=mm&r=g\",\"url\":\"https:\\\/\\\/secure.gravatar.com\\\/avatar\\\/432414e2f1401e0c1757619cc53dd15ec29bd9acd0b057b2f549bfd79b967c3a?s=96&d=mm&r=g\",\"contentUrl\":\"https:\\\/\\\/secure.gravatar.com\\\/avatar\\\/432414e2f1401e0c1757619cc53dd15ec29bd9acd0b057b2f549bfd79b967c3a?s=96&d=mm&r=g\",\"caption\":\"Andreza Lustoza\"},\"url\":\"https:\\\/\\\/cebb.org.br\\\/fr\\\/author\\\/andreza\\\/\"}]}<\/script>\n<!-- \/ Yoast SEO plugin. -->","yoast_head_json":{"title":"Retiro \u201cOs Quatro Dharmas de Gampopa\u201d com o Lama Jigme Lhawang - Centro de Estudos Budistas Bodisatva","robots":{"index":"index","follow":"follow","max-snippet":"max-snippet:-1","max-image-preview":"max-image-preview:large","max-video-preview":"max-video-preview:-1"},"canonical":"https:\/\/cebb.org.br\/fr\/retiro-os-quatro-dharmas-de-gampopa-com-o-lama-jigme-lhawang\/","og_locale":"fr_FR","og_type":"article","og_title":"Retiro \u201cOs Quatro Dharmas de Gampopa\u201d com o Lama Jigme Lhawang - Centro de Estudos Budistas Bodisatva","og_description":"O Lama Jigme Lhawang retorna, em um retiro mais longo, para dar continuidade aos ensinamentos e \u00e0 medita\u00e7\u00e3o que cultivam o bem-estar e a clareza em meio aos desafios do cotidiano.","og_url":"https:\/\/cebb.org.br\/fr\/retiro-os-quatro-dharmas-de-gampopa-com-o-lama-jigme-lhawang\/","og_site_name":"Centro de Estudos Budistas Bodisatva","article_publisher":"https:\/\/pt-br.facebook.com\/cebb108","article_published_time":"2026-09-04T19:34:08+00:00","article_modified_time":"2026-09-04T19:42:50+00:00","og_image":[{"width":1213,"height":1264,"url":"https:\/\/cebb.org.br\/wp-content\/uploads\/2026\/09\/WhatsApp-Image-2026-09-03-at-16.41.46-e1788550849974.jpeg","type":"image\/jpeg"}],"author":"Andreza Lustoza","twitter_card":"summary_large_image","twitter_misc":{"\u00c9crit par":"Andreza Lustoza","Dur\u00e9e de lecture estim\u00e9e":"5 minutes"},"schema":{"@context":"https:\/\/schema.org","@graph":[{"@type":"Article","@id":"https:\/\/cebb.org.br\/retiro-os-quatro-dharmas-de-gampopa-com-o-lama-jigme-lhawang\/#article","isPartOf":{"@id":"https:\/\/cebb.org.br\/retiro-os-quatro-dharmas-de-gampopa-com-o-lama-jigme-lhawang\/"},"author":{"name":"Andreza Lustoza","@id":"https:\/\/cebb.org.br\/#\/schema\/person\/cf500a35a76166ac91ab8c1e2f8ac638"},"headline":"Retiro \u201cOs Quatro Dharmas de Gampopa\u201d com o Lama Jigme Lhawang","datePublished":"2026-09-04T19:34:08+00:00","dateModified":"2026-09-04T19:42:50+00:00","mainEntityOfPage":{"@id":"https:\/\/cebb.org.br\/retiro-os-quatro-dharmas-de-gampopa-com-o-lama-jigme-lhawang\/"},"wordCount":848,"commentCount":0,"publisher":{"@id":"https:\/\/cebb.org.br\/#organization"},"image":{"@id":"https:\/\/cebb.org.br\/retiro-os-quatro-dharmas-de-gampopa-com-o-lama-jigme-lhawang\/#primaryimage"},"thumbnailUrl":"https:\/\/cebb.org.br\/wp-content\/uploads\/2026\/09\/WhatsApp-Image-2026-09-03-at-16.41.46-e1788550849974.jpeg","keywords":["Eventos"],"articleSection":["BA","CEBB Rec\u00f4ncavo","Retiro"],"inLanguage":"fr-FR","potentialAction":[{"@type":"CommentAction","name":"Comment","target":["https:\/\/cebb.org.br\/retiro-os-quatro-dharmas-de-gampopa-com-o-lama-jigme-lhawang\/#respond"]}]},{"@type":"WebPage","@id":"https:\/\/cebb.org.br\/retiro-os-quatro-dharmas-de-gampopa-com-o-lama-jigme-lhawang\/","url":"https:\/\/cebb.org.br\/retiro-os-quatro-dharmas-de-gampopa-com-o-lama-jigme-lhawang\/","name":"Retiro \u201cOs Quatro Dharmas de Gampopa\u201d com o Lama Jigme Lhawang - Centro de Estudos Budistas Bodisatva","isPartOf":{"@id":"https:\/\/cebb.org.br\/#website"},"primaryImageOfPage":{"@id":"https:\/\/cebb.org.br\/retiro-os-quatro-dharmas-de-gampopa-com-o-lama-jigme-lhawang\/#primaryimage"},"image":{"@id":"https:\/\/cebb.org.br\/retiro-os-quatro-dharmas-de-gampopa-com-o-lama-jigme-lhawang\/#primaryimage"},"thumbnailUrl":"https:\/\/cebb.org.br\/wp-content\/uploads\/2026\/09\/WhatsApp-Image-2026-09-03-at-16.41.46-e1788550849974.jpeg","datePublished":"2026-09-04T19:34:08+00:00","dateModified":"2026-09-04T19:42:50+00:00","breadcrumb":{"@id":"https:\/\/cebb.org.br\/retiro-os-quatro-dharmas-de-gampopa-com-o-lama-jigme-lhawang\/#breadcrumb"},"inLanguage":"fr-FR","potentialAction":[{"@type":"ReadAction","target":["https:\/\/cebb.org.br\/retiro-os-quatro-dharmas-de-gampopa-com-o-lama-jigme-lhawang\/"]}]},{"@type":"ImageObject","inLanguage":"fr-FR","@id":"https:\/\/cebb.org.br\/retiro-os-quatro-dharmas-de-gampopa-com-o-lama-jigme-lhawang\/#primaryimage","url":"https:\/\/cebb.org.br\/wp-content\/uploads\/2026\/09\/WhatsApp-Image-2026-09-03-at-16.41.46-e1788550849974.jpeg","contentUrl":"https:\/\/cebb.org.br\/wp-content\/uploads\/2026\/09\/WhatsApp-Image-2026-09-03-at-16.41.46-e1788550849974.jpeg","width":1213,"height":1264},{"@type":"BreadcrumbList","@id":"https:\/\/cebb.org.br\/retiro-os-quatro-dharmas-de-gampopa-com-o-lama-jigme-lhawang\/#breadcrumb","itemListElement":[{"@type":"ListItem","position":1,"name":"Home","item":"https:\/\/cebb.org.br\/"},{"@type":"ListItem","position":2,"name":"Retiro \u201cOs Quatro Dharmas de Gampopa\u201d com o Lama Jigme Lhawang"}]},{"@type":"WebSite","@id":"https:\/\/cebb.org.br\/#website","url":"https:\/\/cebb.org.br\/","name":"Centre d\u2019\u00c9tudes Bouddhistes Bodisatva (CEBB)","description":"Budismo, medita\u00e7\u00e3o e cultura de paz | Lama Padma Samten","publisher":{"@id":"https:\/\/cebb.org.br\/#organization"},"potentialAction":[{"@type":"SearchAction","target":{"@type":"EntryPoint","urlTemplate":"https:\/\/cebb.org.br\/?s={search_term_string}"},"query-input":{"@type":"PropertyValueSpecification","valueRequired":true,"valueName":"search_term_string"}}],"inLanguage":"fr-FR"},{"@type":"Organization","@id":"https:\/\/cebb.org.br\/#organization","name":"Centre d\u2019\u00c9tudes Bouddhistes Bodisatva (CEBB)","url":"https:\/\/cebb.org.br\/","logo":{"@type":"ImageObject","inLanguage":"fr-FR","@id":"https:\/\/cebb.org.br\/#\/schema\/logo\/image\/","url":"http:\/\/18.230.164.79\/wp-content\/uploads\/2011\/03\/logosalvador-peq-e1660064979551.jpg","contentUrl":"http:\/\/18.230.164.79\/wp-content\/uploads\/2011\/03\/logosalvador-peq-e1660064979551.jpg","width":280,"height":231,"caption":"Centro de Estudos Budistas Bodisatva"},"image":{"@id":"https:\/\/cebb.org.br\/#\/schema\/logo\/image\/"},"sameAs":["https:\/\/pt-br.facebook.com\/cebb108","https:\/\/www.instagram.com\/cebbcaminhodomeio\/"]},{"@type":"Person","@id":"https:\/\/cebb.org.br\/#\/schema\/person\/cf500a35a76166ac91ab8c1e2f8ac638","name":"Andreza Lustoza","image":{"@type":"ImageObject","inLanguage":"fr-FR","@id":"https:\/\/secure.gravatar.com\/avatar\/432414e2f1401e0c1757619cc53dd15ec29bd9acd0b057b2f549bfd79b967c3a?s=96&d=mm&r=g","url":"https:\/\/secure.gravatar.com\/avatar\/432414e2f1401e0c1757619cc53dd15ec29bd9acd0b057b2f549bfd79b967c3a?s=96&d=mm&r=g","contentUrl":"https:\/\/secure.gravatar.com\/avatar\/432414e2f1401e0c1757619cc53dd15ec29bd9acd0b057b2f549bfd79b967c3a?s=96&d=mm&r=g","caption":"Andreza Lustoza"},"url":"https:\/\/cebb.org.br\/fr\/author\/andreza\/"}]}},"_links":{"self":[{"href":"https:\/\/cebb.org.br\/fr\/wp-json\/wp\/v2\/posts\/123736","targetHints":{"allow":["GET"]}}],"collection":[{"href":"https:\/\/cebb.org.br\/fr\/wp-json\/wp\/v2\/posts"}],"about":[{"href":"https:\/\/cebb.org.br\/fr\/wp-json\/wp\/v2\/types\/post"}],"author":[{"embeddable":true,"href":"https:\/\/cebb.org.br\/fr\/wp-json\/wp\/v2\/users\/104"}],"replies":[{"embeddable":true,"href":"https:\/\/cebb.org.br\/fr\/wp-json\/wp\/v2\/comments?post=123736"}],"version-history":[{"count":10,"href":"https:\/\/cebb.org.br\/fr\/wp-json\/wp\/v2\/posts\/123736\/revisions"}],"predecessor-version":[{"id":123935,"href":"https:\/\/cebb.org.br\/fr\/wp-json\/wp\/v2\/posts\/123736\/revisions\/123935"}],"wp:featuredmedia":[{"embeddable":true,"href":"https:\/\/cebb.org.br\/fr\/wp-json\/wp\/v2\/media\/123924"}],"wp:attachment":[{"href":"https:\/\/cebb.org.br\/fr\/wp-json\/wp\/v2\/media?parent=123736"}],"wp:term":[{"taxonomy":"category","embeddable":true,"href":"https:\/\/cebb.org.br\/fr\/wp-json\/wp\/v2\/categories?post=123736"},{"taxonomy":"post_tag","embeddable":true,"href":"https:\/\/cebb.org.br\/fr\/wp-json\/wp\/v2\/tags?post=123736"}],"curies":[{"name":"wp","href":"https:\/\/api.w.org\/{rel}","templated":true}]}}