{"id":123900,"date":"2026-09-01T12:29:51","date_gmt":"2026-09-01T15:29:51","guid":{"rendered":"https:\/\/cebb.org.br\/?p=123900"},"modified":"2026-09-01T13:36:21","modified_gmt":"2026-09-01T16:36:21","slug":"curso-conselhos-fernando-leao-cebb-campinas","status":"publish","type":"post","link":"https:\/\/cebb.org.br\/fr\/curso-conselhos-fernando-leao-cebb-campinas\/","title":{"rendered":"19\/09\/26 &#8211; Curso \u201cConselhos budistas para bem viver\u201d com Fernando Le\u00e3o | no CEBB Campinas"},"content":{"rendered":"","protected":true},"excerpt":{"rendered":"","protected":true},"author":99,"featured_media":123901,"comment_status":"open","ping_status":"open","sticky":false,"template":"","format":"standard","meta":{"footnotes":""},"categories":[378,336],"tags":[703],"class_list":["post-123900","post","type-post","status-publish","format-standard","post-password-required","hentry","category-campinas","category-cursos-com-tutores","tag-cursos-com-tutores"],"yoast_head":"<!-- This site is optimized with the Yoast SEO plugin v28.4 - https:\/\/yoast.com\/product\/yoast-seo-wordpress\/ -->\n<title>19\/09\/26 - Curso \u201cConselhos budistas para bem viver\u201d com Fernando Le\u00e3o | no CEBB Campinas - Centro de Estudos Budistas Bodisatva<\/title>\n<meta name=\"description\" content=\"Curso de introdu\u00e7\u00e3o \u00e0 medita\u00e7\u00e3o silenciosa, com Denise Barranco.\" \/>\n<meta name=\"robots\" content=\"index, follow, max-snippet:-1, max-image-preview:large, max-video-preview:-1\" \/>\n<link rel=\"canonical\" href=\"https:\/\/cebb.org.br\/fr\/curso-conselhos-fernando-leao-cebb-campinas\/\" \/>\n<meta property=\"og:locale\" content=\"fr_FR\" \/>\n<meta property=\"og:type\" content=\"article\" \/>\n<meta property=\"og:title\" content=\"19\/09\/26 - Curso \u201cConselhos budistas para bem viver\u201d com Fernando Le\u00e3o | no CEBB Campinas - Centro de Estudos Budistas Bodisatva\" \/>\n<meta property=\"og:description\" content=\"Curso de introdu\u00e7\u00e3o \u00e0 medita\u00e7\u00e3o silenciosa, com Denise Barranco.\" \/>\n<meta property=\"og:url\" content=\"https:\/\/cebb.org.br\/fr\/curso-conselhos-fernando-leao-cebb-campinas\/\" \/>\n<meta property=\"og:site_name\" content=\"Centro de Estudos Budistas Bodisatva\" \/>\n<meta property=\"article:publisher\" content=\"https:\/\/pt-br.facebook.com\/cebb108\" \/>\n<meta property=\"article:published_time\" content=\"2026-09-01T15:29:51+00:00\" \/>\n<meta property=\"article:modified_time\" content=\"2026-09-01T16:36:21+00:00\" \/>\n<meta name=\"author\" content=\"jolu.contato@gmail.com\" \/>\n<meta name=\"twitter:card\" content=\"summary_large_image\" \/>\n<meta name=\"twitter:label1\" content=\"\u00c9crit par\" \/>\n\t<meta name=\"twitter:data1\" content=\"jolu.contato@gmail.com\" \/>\n\t<meta name=\"twitter:label2\" content=\"Dur\u00e9e de lecture estim\u00e9e\" \/>\n\t<meta name=\"twitter:data2\" content=\"2 minutes\" \/>\n<script type=\"application\/ld+json\" class=\"yoast-schema-graph\">{\"@context\":\"https:\\\/\\\/schema.org\",\"@graph\":[{\"@type\":\"WebPage\",\"@id\":\"https:\\\/\\\/cebb.org.br\\\/curso-conselhos-fernando-leao-cebb-campinas\\\/\",\"url\":\"https:\\\/\\\/cebb.org.br\\\/curso-conselhos-fernando-leao-cebb-campinas\\\/\",\"name\":\"19\\\/09\\\/26 - Curso \u201cConselhos budistas para bem viver\u201d com Fernando Le\u00e3o | no CEBB Campinas - Centro de Estudos Budistas Bodisatva\",\"isPartOf\":{\"@id\":\"https:\\\/\\\/cebb.org.br\\\/#website\"},\"datePublished\":\"2026-09-01T15:29:51+00:00\",\"dateModified\":\"2026-09-01T16:36:21+00:00\",\"breadcrumb\":{\"@id\":\"https:\\\/\\\/cebb.org.br\\\/curso-conselhos-fernando-leao-cebb-campinas\\\/#breadcrumb\"},\"inLanguage\":\"fr-FR\"},{\"@type\":\"WebSite\",\"@id\":\"https:\\\/\\\/cebb.org.br\\\/#website\",\"url\":\"https:\\\/\\\/cebb.org.br\\\/\",\"name\":\"Centro de Estudos Budistas Bodisatva\",\"description\":\"Budismo, medita\u00e7\u00e3o e cultura de paz | Lama Padma Samten\",\"publisher\":{\"@id\":\"https:\\\/\\\/cebb.org.br\\\/#organization\"},\"potentialAction\":[{\"@type\":\"SearchAction\",\"target\":{\"@type\":\"EntryPoint\",\"urlTemplate\":\"https:\\\/\\\/cebb.org.br\\\/?s={search_term_string}\"},\"query-input\":{\"@type\":\"PropertyValueSpecification\",\"valueRequired\":true,\"valueName\":\"search_term_string\"}}],\"inLanguage\":\"fr-FR\"},{\"@type\":\"Organization\",\"@id\":\"https:\\\/\\\/cebb.org.br\\\/#organization\",\"name\":\"Centro de Estudos Budistas Bodisatva\",\"url\":\"https:\\\/\\\/cebb.org.br\\\/\",\"logo\":{\"@type\":\"ImageObject\",\"inLanguage\":\"fr-FR\",\"@id\":\"https:\\\/\\\/cebb.org.br\\\/#\\\/schema\\\/logo\\\/image\\\/\",\"url\":\"http:\\\/\\\/18.230.164.79\\\/wp-content\\\/uploads\\\/2011\\\/03\\\/logosalvador-peq-e1660064979551.jpg\",\"contentUrl\":\"http:\\\/\\\/18.230.164.79\\\/wp-content\\\/uploads\\\/2011\\\/03\\\/logosalvador-peq-e1660064979551.jpg\",\"width\":280,\"height\":231,\"caption\":\"Centro de Estudos Budistas Bodisatva\"},\"image\":{\"@id\":\"https:\\\/\\\/cebb.org.br\\\/#\\\/schema\\\/logo\\\/image\\\/\"},\"sameAs\":[\"https:\\\/\\\/pt-br.facebook.com\\\/cebb108\",\"https:\\\/\\\/www.instagram.com\\\/cebbcaminhodomeio\\\/\"]}]}<\/script>\n<!-- \/ Yoast SEO plugin. -->","yoast_head_json":{"title":"19\/09\/26 - Curso \u201cConselhos budistas para bem viver\u201d com Fernando Le\u00e3o | no CEBB Campinas - Centro de Estudos Budistas Bodisatva","description":"Curso de introdu\u00e7\u00e3o \u00e0 medita\u00e7\u00e3o silenciosa, com Denise Barranco.","robots":{"index":"index","follow":"follow","max-snippet":"max-snippet:-1","max-image-preview":"max-image-preview:large","max-video-preview":"max-video-preview:-1"},"canonical":"https:\/\/cebb.org.br\/fr\/curso-conselhos-fernando-leao-cebb-campinas\/","og_locale":"fr_FR","og_type":"article","og_title":"19\/09\/26 - Curso \u201cConselhos budistas para bem viver\u201d com Fernando Le\u00e3o | no CEBB Campinas - Centro de Estudos Budistas Bodisatva","og_description":"Curso de introdu\u00e7\u00e3o \u00e0 medita\u00e7\u00e3o silenciosa, com Denise Barranco.","og_url":"https:\/\/cebb.org.br\/fr\/curso-conselhos-fernando-leao-cebb-campinas\/","og_site_name":"Centro de Estudos Budistas Bodisatva","article_publisher":"https:\/\/pt-br.facebook.com\/cebb108","article_published_time":"2026-09-01T15:29:51+00:00","article_modified_time":"2026-09-01T16:36:21+00:00","author":"jolu.contato@gmail.com","twitter_card":"summary_large_image","twitter_misc":{"\u00c9crit par":"jolu.contato@gmail.com","Dur\u00e9e de lecture estim\u00e9e":"2 minutes"},"schema":{"@context":"https:\/\/schema.org","@graph":[{"@type":"WebPage","@id":"https:\/\/cebb.org.br\/curso-conselhos-fernando-leao-cebb-campinas\/","url":"https:\/\/cebb.org.br\/curso-conselhos-fernando-leao-cebb-campinas\/","name":"19\/09\/26 - Curso \u201cConselhos budistas para bem viver\u201d com Fernando Le\u00e3o | no CEBB Campinas - Centro de Estudos Budistas Bodisatva","isPartOf":{"@id":"https:\/\/cebb.org.br\/#website"},"datePublished":"2026-09-01T15:29:51+00:00","dateModified":"2026-09-01T16:36:21+00:00","breadcrumb":{"@id":"https:\/\/cebb.org.br\/curso-conselhos-fernando-leao-cebb-campinas\/#breadcrumb"},"inLanguage":"fr-FR"},{"@type":"WebSite","@id":"https:\/\/cebb.org.br\/#website","url":"https:\/\/cebb.org.br\/","name":"Centre d\u2019\u00c9tudes Bouddhistes Bodisatva (CEBB)","description":"Budismo, medita\u00e7\u00e3o e cultura de paz | Lama Padma Samten","publisher":{"@id":"https:\/\/cebb.org.br\/#organization"},"potentialAction":[{"@type":"SearchAction","target":{"@type":"EntryPoint","urlTemplate":"https:\/\/cebb.org.br\/?s={search_term_string}"},"query-input":{"@type":"PropertyValueSpecification","valueRequired":true,"valueName":"search_term_string"}}],"inLanguage":"fr-FR"},{"@type":"Organization","@id":"https:\/\/cebb.org.br\/#organization","name":"Centre d\u2019\u00c9tudes Bouddhistes Bodisatva (CEBB)","url":"https:\/\/cebb.org.br\/","logo":{"@type":"ImageObject","inLanguage":"fr-FR","@id":"https:\/\/cebb.org.br\/#\/schema\/logo\/image\/","url":"http:\/\/18.230.164.79\/wp-content\/uploads\/2011\/03\/logosalvador-peq-e1660064979551.jpg","contentUrl":"http:\/\/18.230.164.79\/wp-content\/uploads\/2011\/03\/logosalvador-peq-e1660064979551.jpg","width":280,"height":231,"caption":"Centro de Estudos Budistas Bodisatva"},"image":{"@id":"https:\/\/cebb.org.br\/#\/schema\/logo\/image\/"},"sameAs":["https:\/\/pt-br.facebook.com\/cebb108","https:\/\/www.instagram.com\/cebbcaminhodomeio\/"]}]}},"_links":{"self":[{"href":"https:\/\/cebb.org.br\/fr\/wp-json\/wp\/v2\/posts\/123900","targetHints":{"allow":["GET"]}}],"collection":[{"href":"https:\/\/cebb.org.br\/fr\/wp-json\/wp\/v2\/posts"}],"about":[{"href":"https:\/\/cebb.org.br\/fr\/wp-json\/wp\/v2\/types\/post"}],"author":[{"embeddable":true,"href":"https:\/\/cebb.org.br\/fr\/wp-json\/wp\/v2\/users\/99"}],"replies":[{"embeddable":true,"href":"https:\/\/cebb.org.br\/fr\/wp-json\/wp\/v2\/comments?post=123900"}],"version-history":[{"count":5,"href":"https:\/\/cebb.org.br\/fr\/wp-json\/wp\/v2\/posts\/123900\/revisions"}],"predecessor-version":[{"id":123907,"href":"https:\/\/cebb.org.br\/fr\/wp-json\/wp\/v2\/posts\/123900\/revisions\/123907"}],"wp:featuredmedia":[{"embeddable":true,"href":"https:\/\/cebb.org.br\/fr\/wp-json\/wp\/v2\/media\/123901"}],"wp:attachment":[{"href":"https:\/\/cebb.org.br\/fr\/wp-json\/wp\/v2\/media?parent=123900"}],"wp:term":[{"taxonomy":"category","embeddable":true,"href":"https:\/\/cebb.org.br\/fr\/wp-json\/wp\/v2\/categories?post=123900"},{"taxonomy":"post_tag","embeddable":true,"href":"https:\/\/cebb.org.br\/fr\/wp-json\/wp\/v2\/tags?post=123900"}],"curies":[{"name":"wp","href":"https:\/\/api.w.org\/{rel}","templated":true}]}}