{"id":21485,"date":"2015-07-16T18:47:20","date_gmt":"2015-07-16T21:47:20","guid":{"rendered":"http:\/\/www.cebb.org.br\/?p=21485"},"modified":"2015-07-16T18:47:20","modified_gmt":"2015-07-16T21:47:20","slug":"meditando-com-as-aparencias","status":"publish","type":"post","link":"https:\/\/cebb.org.br\/fr\/meditando-com-as-aparencias\/","title":{"rendered":"Meditando com as apar\u00eancias"},"content":{"rendered":"<p><em>por Lama Padma Samten<br \/>\n<\/em><!--more--><br \/>\nCorpo est\u00e1vel e ereto, mente serena. Inspirando e expirando&#8230; inspirando e expirando. Calma e lentamente. Em um certo momento, voc\u00ea ver\u00e1, atr\u00e1s da respira\u00e7\u00e3o que ondula, h\u00e1 algo est\u00e1vel, sereno, vivo. Sua natureza viva e l\u00facida, brilhando. Com os olhos abertos \u00e0 frente, sem fix\u00e1-los em algo de fato, voc\u00ea observa a respira\u00e7\u00e3o, de forma l\u00facida e presente. Pratique assim por uma semana, por um m\u00eas, por um ano, por seis anos&#8230;<br \/>\nEm certo momento voc\u00ea ampliar\u00e1 a medita\u00e7\u00e3o. Tranquilo, sem se mover e nem perder a consci\u00eancia da respira\u00e7\u00e3o, observar\u00e1 o aspecto sutil de cada um dos cinco elementos em seu corpo, energia e mente: a estabilidade \u00e9 o elemento terra. A aus\u00eancia de tens\u00e3o ou rigidez \u00e9 o elemento \u00e1gua. O calor natural \u00e9 o elemento fogo. Sua respira\u00e7\u00e3o fluindo sem esfor\u00e7o \u00e9 o elemento ar. A presen\u00e7a livre da mente, capaz de se deslocar em qualquer dire\u00e7\u00e3o, \u00e9 o elemento \u00e9ter.<br \/>\nSereno, voc\u00ea poder\u00e1 contemplar os elementos um a um, ciclicamente. Quando surgir a sonol\u00eancia, repare, a energia (os tibetanos chamam \u201clung\u201d, na cultura v\u00e9dica seria \u201cprana\u201d, os chineses e japoneses diriam \u201cchi\u201d) do elemento terra entrou em colapso. Voc\u00ea est\u00e1 sentado em medita\u00e7\u00e3o, mas seu corpo perde energia e amolece. Voc\u00ea quer deitar, sente cansa\u00e7o. \u00c9 o lung desaparecendo. Se for h\u00e1bil, a partir de sua natureza viva e l\u00facida, sempre presente, voc\u00ea pode simplesmente ampliar novamente o lung do elemento terra e ver\u00e1 a for\u00e7a ressurgir. Isso \u00e9 muito profundo; a energia \u00e9 dirigida pela mente! Observe!<br \/>\nN\u00e3o retomando o elemento \u00e9ter, a sonol\u00eancia se ampliar\u00e1 para a \u00e1gua. Voc\u00ea perder\u00e1 a posi\u00e7\u00e3o ereta e deitar\u00e1. Sentir\u00e1 seu corpo muito pesado se espalhando no tapete. Nesse momento, se estiver atento, poder\u00e1 tamb\u00e9m reverter o curso e ativar a energia da \u00e1gua e da terra, retomando a medita\u00e7\u00e3o. \u00c9 como acordar em meio a um sonho. Se isso n\u00e3o for feito, sentir\u00e1 frio, buscar\u00e1 uma coberta para manter a temperatura do corpo. Isso mostra o elemento fogo se dissolvendo. Na sequ\u00eancia, sua respira\u00e7\u00e3o se tornar\u00e1 longa, lenta, compassada. \u00c9 a dissolu\u00e7\u00e3o do elemento ar. Quando surgirem imagens atr\u00e1s de seus olhos cerrados e voc\u00ea come\u00e7ar a reagir a elas, \u00e9 o sonho que se inicia, acionado pela energia do \u00e9ter agora conduzido pelas imagens e apar\u00eancias internas e sucessivas da mente. Voc\u00ea se entregou ao movimento das bolhas.<br \/>\nMas, em certo momento, sua mente naturalmente presente e livre brilhar\u00e1 de novo, retomando a lucidez. Seus olhos abrir\u00e3o \u00e0 frente, voc\u00ea ver\u00e1 que o lung do elemento \u00e9ter est\u00e1 novamente ativado. Sua respira\u00e7\u00e3o ressurge intensa, vem calor ao corpo, movimento e for\u00e7a. Voc\u00ea acordou do sonho. Ou saiu do transitar de pensamentos e bolhas. Sem esfor\u00e7o, sem tens\u00e3o, sem artificialidade sua natureza brilha l\u00facida e viva.<br \/>\nPratique a medita\u00e7\u00e3o da mente desperta por uma semana, um m\u00eas, um ano, seis anos, seis vidas&#8230; O Sol dissipa a n\u00e9voa fria do inverno. As apar\u00eancias \u2013 bolhas de sonol\u00eancia, raivas, medos, apegos e car\u00eancias \u2013 se desfazem no espa\u00e7o sempre presente, luminoso e l\u00facido. Cora\u00e7\u00e3o aquecido, olhos \u00famidos.<br \/>\n<em>* Texto originalmente publicado na revista <a href=\"http:\/\/vidasimples.uol.com.br\/noticias\/pensar\/meditando-com-as-aparencias.phtml\">Vida Simples<\/a> em maio de 2015.<\/em><\/p>","protected":false},"excerpt":{"rendered":"<p>por Lama Padma Samten<\/p>","protected":false},"author":114,"featured_media":21487,"comment_status":"closed","ping_status":"open","sticky":false,"template":"","format":"standard","meta":{"footnotes":""},"categories":[417],"tags":[],"class_list":["post-21485","post","type-post","status-publish","format-standard","has-post-thumbnail","hentry","category-ensinamentos"],"yoast_head":"<!-- This site is optimized with the Yoast SEO plugin v27.5 - https:\/\/yoast.com\/product\/yoast-seo-wordpress\/ -->\n<title>Meditando com as apar\u00eancias - Centro de Estudos Budistas Bodisatva<\/title>\n<meta name=\"description\" content=\"Com os olhos abertos \u00e0 frente, sem fix\u00e1-los em algo de fato, voc\u00ea observa a respira\u00e7\u00e3o, de forma l\u00facida e presente. Pratique assim por uma semana, por um m\u00eas, por um ano, por seis anos...\" \/>\n<meta name=\"robots\" content=\"index, follow, max-snippet:-1, max-image-preview:large, max-video-preview:-1\" \/>\n<link rel=\"canonical\" href=\"https:\/\/cebb.org.br\/fr\/meditando-com-as-aparencias\/\" \/>\n<meta property=\"og:locale\" content=\"fr_FR\" \/>\n<meta property=\"og:type\" content=\"article\" \/>\n<meta property=\"og:title\" content=\"Meditando com as apar\u00eancias - Centro de Estudos Budistas Bodisatva\" \/>\n<meta property=\"og:description\" content=\"Com os olhos abertos \u00e0 frente, sem fix\u00e1-los em algo de fato, voc\u00ea observa a respira\u00e7\u00e3o, de forma l\u00facida e presente. Pratique assim por uma semana, por um m\u00eas, por um ano, por seis anos...\" \/>\n<meta property=\"og:url\" content=\"https:\/\/cebb.org.br\/fr\/meditando-com-as-aparencias\/\" \/>\n<meta property=\"og:site_name\" content=\"Centro de Estudos Budistas Bodisatva\" \/>\n<meta property=\"article:publisher\" content=\"https:\/\/pt-br.facebook.com\/cebb108\" \/>\n<meta property=\"article:published_time\" content=\"2015-07-16T21:47:20+00:00\" \/>\n<meta property=\"og:image\" content=\"https:\/\/cebb.org.br\/wp-content\/uploads\/2015\/07\/lama-meditando.jpg\" \/>\n\t<meta property=\"og:image:width\" content=\"1280\" \/>\n\t<meta property=\"og:image:height\" content=\"720\" \/>\n\t<meta property=\"og:image:type\" content=\"image\/jpeg\" \/>\n<meta name=\"twitter:card\" content=\"summary_large_image\" \/>\n<meta name=\"twitter:label1\" content=\"\u00c9crit par\" \/>\n\t<meta name=\"twitter:data1\" content=\"\" \/>\n\t<meta name=\"twitter:label2\" content=\"Dur\u00e9e de lecture estim\u00e9e\" \/>\n\t<meta name=\"twitter:data2\" content=\"3 minutes\" \/>\n<script type=\"application\/ld+json\" class=\"yoast-schema-graph\">{\"@context\":\"https:\\\/\\\/schema.org\",\"@graph\":[{\"@type\":\"Article\",\"@id\":\"https:\\\/\\\/cebb.org.br\\\/meditando-com-as-aparencias\\\/#article\",\"isPartOf\":{\"@id\":\"https:\\\/\\\/cebb.org.br\\\/meditando-com-as-aparencias\\\/\"},\"author\":{\"name\":\"\",\"@id\":\"\"},\"headline\":\"Meditando com as apar\u00eancias\",\"datePublished\":\"2015-07-16T21:47:20+00:00\",\"mainEntityOfPage\":{\"@id\":\"https:\\\/\\\/cebb.org.br\\\/meditando-com-as-aparencias\\\/\"},\"wordCount\":565,\"publisher\":{\"@id\":\"https:\\\/\\\/cebb.org.br\\\/#organization\"},\"image\":{\"@id\":\"https:\\\/\\\/cebb.org.br\\\/meditando-com-as-aparencias\\\/#primaryimage\"},\"thumbnailUrl\":\"https:\\\/\\\/cebb.org.br\\\/wp-content\\\/uploads\\\/2015\\\/07\\\/lama-meditando.jpg\",\"articleSection\":[\"Ensinamentos\"],\"inLanguage\":\"fr-FR\"},{\"@type\":\"WebPage\",\"@id\":\"https:\\\/\\\/cebb.org.br\\\/meditando-com-as-aparencias\\\/\",\"url\":\"https:\\\/\\\/cebb.org.br\\\/meditando-com-as-aparencias\\\/\",\"name\":\"Meditando com as apar\u00eancias - Centro de Estudos Budistas Bodisatva\",\"isPartOf\":{\"@id\":\"https:\\\/\\\/cebb.org.br\\\/#website\"},\"primaryImageOfPage\":{\"@id\":\"https:\\\/\\\/cebb.org.br\\\/meditando-com-as-aparencias\\\/#primaryimage\"},\"image\":{\"@id\":\"https:\\\/\\\/cebb.org.br\\\/meditando-com-as-aparencias\\\/#primaryimage\"},\"thumbnailUrl\":\"https:\\\/\\\/cebb.org.br\\\/wp-content\\\/uploads\\\/2015\\\/07\\\/lama-meditando.jpg\",\"datePublished\":\"2015-07-16T21:47:20+00:00\",\"description\":\"Com os olhos abertos \u00e0 frente, sem fix\u00e1-los em algo de fato, voc\u00ea observa a respira\u00e7\u00e3o, de forma l\u00facida e presente. Pratique assim por uma semana, por um m\u00eas, por um ano, por seis anos...\",\"breadcrumb\":{\"@id\":\"https:\\\/\\\/cebb.org.br\\\/meditando-com-as-aparencias\\\/#breadcrumb\"},\"inLanguage\":\"fr-FR\",\"potentialAction\":[{\"@type\":\"ReadAction\",\"target\":[\"https:\\\/\\\/cebb.org.br\\\/meditando-com-as-aparencias\\\/\"]}]},{\"@type\":\"ImageObject\",\"inLanguage\":\"fr-FR\",\"@id\":\"https:\\\/\\\/cebb.org.br\\\/meditando-com-as-aparencias\\\/#primaryimage\",\"url\":\"https:\\\/\\\/cebb.org.br\\\/wp-content\\\/uploads\\\/2015\\\/07\\\/lama-meditando.jpg\",\"contentUrl\":\"https:\\\/\\\/cebb.org.br\\\/wp-content\\\/uploads\\\/2015\\\/07\\\/lama-meditando.jpg\",\"width\":1280,\"height\":720},{\"@type\":\"BreadcrumbList\",\"@id\":\"https:\\\/\\\/cebb.org.br\\\/meditando-com-as-aparencias\\\/#breadcrumb\",\"itemListElement\":[{\"@type\":\"ListItem\",\"position\":1,\"name\":\"Home\",\"item\":\"https:\\\/\\\/cebb.org.br\\\/\"},{\"@type\":\"ListItem\",\"position\":2,\"name\":\"Meditando com as apar\u00eancias\"}]},{\"@type\":\"WebSite\",\"@id\":\"https:\\\/\\\/cebb.org.br\\\/#website\",\"url\":\"https:\\\/\\\/cebb.org.br\\\/\",\"name\":\"Centro de Estudos Budistas Bodisatva\",\"description\":\"Budismo, medita\u00e7\u00e3o e cultura de paz | Lama Padma Samten\",\"publisher\":{\"@id\":\"https:\\\/\\\/cebb.org.br\\\/#organization\"},\"potentialAction\":[{\"@type\":\"SearchAction\",\"target\":{\"@type\":\"EntryPoint\",\"urlTemplate\":\"https:\\\/\\\/cebb.org.br\\\/?s={search_term_string}\"},\"query-input\":{\"@type\":\"PropertyValueSpecification\",\"valueRequired\":true,\"valueName\":\"search_term_string\"}}],\"inLanguage\":\"fr-FR\"},{\"@type\":\"Organization\",\"@id\":\"https:\\\/\\\/cebb.org.br\\\/#organization\",\"name\":\"Centro de Estudos Budistas Bodisatva\",\"url\":\"https:\\\/\\\/cebb.org.br\\\/\",\"logo\":{\"@type\":\"ImageObject\",\"inLanguage\":\"fr-FR\",\"@id\":\"https:\\\/\\\/cebb.org.br\\\/#\\\/schema\\\/logo\\\/image\\\/\",\"url\":\"http:\\\/\\\/18.230.164.79\\\/wp-content\\\/uploads\\\/2011\\\/03\\\/logosalvador-peq-e1660064979551.jpg\",\"contentUrl\":\"http:\\\/\\\/18.230.164.79\\\/wp-content\\\/uploads\\\/2011\\\/03\\\/logosalvador-peq-e1660064979551.jpg\",\"width\":280,\"height\":231,\"caption\":\"Centro de Estudos Budistas Bodisatva\"},\"image\":{\"@id\":\"https:\\\/\\\/cebb.org.br\\\/#\\\/schema\\\/logo\\\/image\\\/\"},\"sameAs\":[\"https:\\\/\\\/pt-br.facebook.com\\\/cebb108\",\"https:\\\/\\\/www.instagram.com\\\/cebbcaminhodomeio\\\/\"]},{\"@type\":\"Person\",\"@id\":\"\",\"url\":\"https:\\\/\\\/cebb.org.br\\\/fr\\\/author\\\/\"}]}<\/script>\n<!-- \/ Yoast SEO plugin. -->","yoast_head_json":{"title":"Meditando com as apar\u00eancias - Centro de Estudos Budistas Bodisatva","description":"Com os olhos abertos \u00e0 frente, sem fix\u00e1-los em algo de fato, voc\u00ea observa a respira\u00e7\u00e3o, de forma l\u00facida e presente. Pratique assim por uma semana, por um m\u00eas, por um ano, por seis anos...","robots":{"index":"index","follow":"follow","max-snippet":"max-snippet:-1","max-image-preview":"max-image-preview:large","max-video-preview":"max-video-preview:-1"},"canonical":"https:\/\/cebb.org.br\/fr\/meditando-com-as-aparencias\/","og_locale":"fr_FR","og_type":"article","og_title":"Meditando com as apar\u00eancias - Centro de Estudos Budistas Bodisatva","og_description":"Com os olhos abertos \u00e0 frente, sem fix\u00e1-los em algo de fato, voc\u00ea observa a respira\u00e7\u00e3o, de forma l\u00facida e presente. Pratique assim por uma semana, por um m\u00eas, por um ano, por seis anos...","og_url":"https:\/\/cebb.org.br\/fr\/meditando-com-as-aparencias\/","og_site_name":"Centro de Estudos Budistas Bodisatva","article_publisher":"https:\/\/pt-br.facebook.com\/cebb108","article_published_time":"2015-07-16T21:47:20+00:00","og_image":[{"width":1280,"height":720,"url":"https:\/\/cebb.org.br\/wp-content\/uploads\/2015\/07\/lama-meditando.jpg","type":"image\/jpeg"}],"twitter_card":"summary_large_image","twitter_misc":{"\u00c9crit par":"","Dur\u00e9e de lecture estim\u00e9e":"3 minutes"},"schema":{"@context":"https:\/\/schema.org","@graph":[{"@type":"Article","@id":"https:\/\/cebb.org.br\/meditando-com-as-aparencias\/#article","isPartOf":{"@id":"https:\/\/cebb.org.br\/meditando-com-as-aparencias\/"},"author":{"name":"","@id":""},"headline":"Meditando com as apar\u00eancias","datePublished":"2015-07-16T21:47:20+00:00","mainEntityOfPage":{"@id":"https:\/\/cebb.org.br\/meditando-com-as-aparencias\/"},"wordCount":565,"publisher":{"@id":"https:\/\/cebb.org.br\/#organization"},"image":{"@id":"https:\/\/cebb.org.br\/meditando-com-as-aparencias\/#primaryimage"},"thumbnailUrl":"https:\/\/cebb.org.br\/wp-content\/uploads\/2015\/07\/lama-meditando.jpg","articleSection":["Ensinamentos"],"inLanguage":"fr-FR"},{"@type":"WebPage","@id":"https:\/\/cebb.org.br\/meditando-com-as-aparencias\/","url":"https:\/\/cebb.org.br\/meditando-com-as-aparencias\/","name":"Meditando com as apar\u00eancias - Centro de Estudos Budistas Bodisatva","isPartOf":{"@id":"https:\/\/cebb.org.br\/#website"},"primaryImageOfPage":{"@id":"https:\/\/cebb.org.br\/meditando-com-as-aparencias\/#primaryimage"},"image":{"@id":"https:\/\/cebb.org.br\/meditando-com-as-aparencias\/#primaryimage"},"thumbnailUrl":"https:\/\/cebb.org.br\/wp-content\/uploads\/2015\/07\/lama-meditando.jpg","datePublished":"2015-07-16T21:47:20+00:00","description":"Com os olhos abertos \u00e0 frente, sem fix\u00e1-los em algo de fato, voc\u00ea observa a respira\u00e7\u00e3o, de forma l\u00facida e presente. Pratique assim por uma semana, por um m\u00eas, por um ano, por seis anos...","breadcrumb":{"@id":"https:\/\/cebb.org.br\/meditando-com-as-aparencias\/#breadcrumb"},"inLanguage":"fr-FR","potentialAction":[{"@type":"ReadAction","target":["https:\/\/cebb.org.br\/meditando-com-as-aparencias\/"]}]},{"@type":"ImageObject","inLanguage":"fr-FR","@id":"https:\/\/cebb.org.br\/meditando-com-as-aparencias\/#primaryimage","url":"https:\/\/cebb.org.br\/wp-content\/uploads\/2015\/07\/lama-meditando.jpg","contentUrl":"https:\/\/cebb.org.br\/wp-content\/uploads\/2015\/07\/lama-meditando.jpg","width":1280,"height":720},{"@type":"BreadcrumbList","@id":"https:\/\/cebb.org.br\/meditando-com-as-aparencias\/#breadcrumb","itemListElement":[{"@type":"ListItem","position":1,"name":"Home","item":"https:\/\/cebb.org.br\/"},{"@type":"ListItem","position":2,"name":"Meditando com as apar\u00eancias"}]},{"@type":"WebSite","@id":"https:\/\/cebb.org.br\/#website","url":"https:\/\/cebb.org.br\/","name":"Centre d\u2019\u00c9tudes Bouddhistes Bodisatva (CEBB)","description":"Budismo, medita\u00e7\u00e3o e cultura de paz | Lama Padma Samten","publisher":{"@id":"https:\/\/cebb.org.br\/#organization"},"potentialAction":[{"@type":"SearchAction","target":{"@type":"EntryPoint","urlTemplate":"https:\/\/cebb.org.br\/?s={search_term_string}"},"query-input":{"@type":"PropertyValueSpecification","valueRequired":true,"valueName":"search_term_string"}}],"inLanguage":"fr-FR"},{"@type":"Organization","@id":"https:\/\/cebb.org.br\/#organization","name":"Centre d\u2019\u00c9tudes Bouddhistes Bodisatva (CEBB)","url":"https:\/\/cebb.org.br\/","logo":{"@type":"ImageObject","inLanguage":"fr-FR","@id":"https:\/\/cebb.org.br\/#\/schema\/logo\/image\/","url":"http:\/\/18.230.164.79\/wp-content\/uploads\/2011\/03\/logosalvador-peq-e1660064979551.jpg","contentUrl":"http:\/\/18.230.164.79\/wp-content\/uploads\/2011\/03\/logosalvador-peq-e1660064979551.jpg","width":280,"height":231,"caption":"Centro de Estudos Budistas Bodisatva"},"image":{"@id":"https:\/\/cebb.org.br\/#\/schema\/logo\/image\/"},"sameAs":["https:\/\/pt-br.facebook.com\/cebb108","https:\/\/www.instagram.com\/cebbcaminhodomeio\/"]},{"@type":"Person","@id":"","url":"https:\/\/cebb.org.br\/fr\/author\/"}]}},"_links":{"self":[{"href":"https:\/\/cebb.org.br\/fr\/wp-json\/wp\/v2\/posts\/21485","targetHints":{"allow":["GET"]}}],"collection":[{"href":"https:\/\/cebb.org.br\/fr\/wp-json\/wp\/v2\/posts"}],"about":[{"href":"https:\/\/cebb.org.br\/fr\/wp-json\/wp\/v2\/types\/post"}],"author":[{"embeddable":true,"href":"https:\/\/cebb.org.br\/fr\/wp-json\/wp\/v2\/users\/114"}],"replies":[{"embeddable":true,"href":"https:\/\/cebb.org.br\/fr\/wp-json\/wp\/v2\/comments?post=21485"}],"version-history":[{"count":0,"href":"https:\/\/cebb.org.br\/fr\/wp-json\/wp\/v2\/posts\/21485\/revisions"}],"wp:featuredmedia":[{"embeddable":true,"href":"https:\/\/cebb.org.br\/fr\/wp-json\/wp\/v2\/media\/21487"}],"wp:attachment":[{"href":"https:\/\/cebb.org.br\/fr\/wp-json\/wp\/v2\/media?parent=21485"}],"wp:term":[{"taxonomy":"category","embeddable":true,"href":"https:\/\/cebb.org.br\/fr\/wp-json\/wp\/v2\/categories?post=21485"},{"taxonomy":"post_tag","embeddable":true,"href":"https:\/\/cebb.org.br\/fr\/wp-json\/wp\/v2\/tags?post=21485"}],"curies":[{"name":"wp","href":"https:\/\/api.w.org\/{rel}","templated":true}]}}