{"id":21887,"date":"2000-08-03T10:51:55","date_gmt":"2000-08-03T13:51:55","guid":{"rendered":"http:\/\/www.cebb.org.br\/?p=21887"},"modified":"2024-10-05T16:16:29","modified_gmt":"2024-10-05T19:16:29","slug":"a-transformacao-e-possivel-palestra-com-gustavo-gitti-no-cebb-brasilia","status":"publish","type":"post","link":"https:\/\/cebb.org.br\/fr\/a-transformacao-e-possivel-palestra-com-gustavo-gitti-no-cebb-brasilia\/","title":{"rendered":"A transforma\u00e7\u00e3o \u00e9 poss\u00edvel? \u00c1udio da palestra com Gustavo Gitti no CEBB Bras\u00edlia"},"content":{"rendered":"<p>Palestra oferecida por Gustavo Gitti no CEBB Bras\u00edlia em 28 de agosto de 2015.<!--more--><br \/>\nTemas: falta de confian\u00e7a em nosso potencial de transforma\u00e7\u00e3o; vis\u00e3o congelada e restrita de n\u00f3s mesmos; avidya; identidade; fixa\u00e7\u00e3o e ref\u00fagio em impulsos, referenciais e condicionamentos; dukkha; bolhas de realidade e seriedade; mente livre e natureza de Buda; n\u00e3o-causalidade; compaix\u00e3o; caminho pelo desenvolvimento e caminho pelo reconhecimento; linguagem da pessoalidade.<br \/>\nNa edi\u00e7\u00e3o, removemos a medita\u00e7\u00e3o, as preces iniciais e a conversa inicial com a sanga. Perguntas come\u00e7am em 1h14m45s. Para baixar o MP3, clique abaixo com o bot\u00e3o direito em &#8220;Download&#8221; e selecione &#8220;Salvar destino\/link como\u2026&#8221;.<br \/>\n[powerpress]\n[divider]Como apoiar[\/divider]\n<blockquote><p>&#8220;Quando a gente n\u00e3o mendiga, n\u00e3o d\u00e1, ao outro, oportunidade de gerar m\u00e9ritos. A mente dele n\u00e3o muda. Quando dizemos aos outros que eles n\u00e3o precisam contribuir, estamos reduzindo-os a seres que n\u00e3o t\u00eam generosidade, que n\u00e3o t\u00eam possibilidade de ajudar. Quando as pessoas oferecem, elas crescem. O CEBB [Centro de Estudos Budistas Bodisatva, criado pelo Lama Samten e que tem sedes por todo o pa\u00eds] n\u00e3o tem fonte de renda. N\u00e3o tem uma empresa gerando e deslocando recursos. Ele \u00e9 sustentado pelo pr\u00f3prio Buda, no sentido de que ele gera m\u00e9ritos, as pessoas acham que aquilo \u00e9 interessante, e ent\u00e3o elas oferecem&#8221;. \u2014Lama Padma Samten<\/p><\/blockquote>\n<p><strong>Voc\u00ea pode contribuir com a mandala do CEBB Bras\u00edlia:<\/strong><br \/>\nBanco do Brasil<br \/>\nAg\u00eancia: 3475-4<br \/>\nConta: 31563-x<br \/>\nLuciana Oliveira dos Santos<\/p>\n","protected":false},"excerpt":{"rendered":"<p>Palestra oferecida por Gustavo Gitti no CEBB Bras\u00edlia em 28 de agosto de 2015.<\/p>","protected":false},"author":121,"featured_media":20115,"comment_status":"closed","ping_status":"open","sticky":false,"template":"","format":"standard","meta":{"footnotes":""},"categories":[367,417],"tags":[],"class_list":["post-21887","post","type-post","status-publish","format-standard","has-post-thumbnail","hentry","category-podcast","category-ensinamentos"],"yoast_head":"<!-- This site is optimized with the Yoast SEO plugin v27.5 - https:\/\/yoast.com\/product\/yoast-seo-wordpress\/ -->\n<title>A transforma\u00e7\u00e3o \u00e9 poss\u00edvel? \u00c1udio da palestra com Gustavo Gitti no CEBB Bras\u00edlia - Centro de Estudos Budistas Bodisatva<\/title>\n<meta name=\"robots\" content=\"index, follow, max-snippet:-1, max-image-preview:large, max-video-preview:-1\" \/>\n<link rel=\"canonical\" href=\"https:\/\/cebb.org.br\/fr\/a-transformacao-e-possivel-palestra-com-gustavo-gitti-no-cebb-brasilia\/\" \/>\n<meta property=\"og:locale\" content=\"fr_FR\" \/>\n<meta property=\"og:type\" content=\"article\" \/>\n<meta property=\"og:title\" content=\"A transforma\u00e7\u00e3o \u00e9 poss\u00edvel? \u00c1udio da palestra com Gustavo Gitti no CEBB Bras\u00edlia - Centro de Estudos Budistas Bodisatva\" \/>\n<meta property=\"og:description\" content=\"Palestra oferecida por Gustavo Gitti no CEBB Bras\u00edlia em 28 de agosto de 2015.\" \/>\n<meta property=\"og:url\" content=\"https:\/\/cebb.org.br\/fr\/a-transformacao-e-possivel-palestra-com-gustavo-gitti-no-cebb-brasilia\/\" \/>\n<meta property=\"og:site_name\" content=\"Centro de Estudos Budistas Bodisatva\" \/>\n<meta property=\"article:publisher\" content=\"https:\/\/pt-br.facebook.com\/cebb108\" \/>\n<meta property=\"article:published_time\" content=\"2000-08-03T13:51:55+00:00\" \/>\n<meta property=\"article:modified_time\" content=\"2024-10-05T19:16:29+00:00\" \/>\n<meta property=\"og:image\" content=\"https:\/\/cebb.org.br\/wp-content\/uploads\/2015\/05\/gustavo-gitti-olugar-menor.jpg\" \/>\n\t<meta property=\"og:image:width\" content=\"1560\" \/>\n\t<meta property=\"og:image:height\" content=\"1030\" \/>\n\t<meta property=\"og:image:type\" content=\"image\/jpeg\" \/>\n<meta name=\"twitter:card\" content=\"summary_large_image\" \/>\n<meta name=\"twitter:label1\" content=\"\u00c9crit par\" \/>\n\t<meta name=\"twitter:data1\" content=\"\" \/>\n\t<meta name=\"twitter:label2\" content=\"Dur\u00e9e de lecture estim\u00e9e\" \/>\n\t<meta name=\"twitter:data2\" content=\"1 minute\" \/>\n<script type=\"application\/ld+json\" class=\"yoast-schema-graph\">{\"@context\":\"https:\\\/\\\/schema.org\",\"@graph\":[{\"@type\":\"Article\",\"@id\":\"https:\\\/\\\/cebb.org.br\\\/a-transformacao-e-possivel-palestra-com-gustavo-gitti-no-cebb-brasilia\\\/#article\",\"isPartOf\":{\"@id\":\"https:\\\/\\\/cebb.org.br\\\/a-transformacao-e-possivel-palestra-com-gustavo-gitti-no-cebb-brasilia\\\/\"},\"author\":{\"name\":\"\",\"@id\":\"\"},\"headline\":\"A transforma\u00e7\u00e3o \u00e9 poss\u00edvel? \u00c1udio da palestra com Gustavo Gitti no CEBB Bras\u00edlia\",\"datePublished\":\"2000-08-03T13:51:55+00:00\",\"dateModified\":\"2024-10-05T19:16:29+00:00\",\"mainEntityOfPage\":{\"@id\":\"https:\\\/\\\/cebb.org.br\\\/a-transformacao-e-possivel-palestra-com-gustavo-gitti-no-cebb-brasilia\\\/\"},\"wordCount\":275,\"publisher\":{\"@id\":\"https:\\\/\\\/cebb.org.br\\\/#organization\"},\"image\":{\"@id\":\"https:\\\/\\\/cebb.org.br\\\/a-transformacao-e-possivel-palestra-com-gustavo-gitti-no-cebb-brasilia\\\/#primaryimage\"},\"thumbnailUrl\":\"https:\\\/\\\/cebb.org.br\\\/wp-content\\\/uploads\\\/2015\\\/05\\\/gustavo-gitti-olugar-menor.jpg\",\"articleSection\":[\"\u00c1udio\",\"Ensinamentos\"],\"inLanguage\":\"fr-FR\"},{\"@type\":\"WebPage\",\"@id\":\"https:\\\/\\\/cebb.org.br\\\/a-transformacao-e-possivel-palestra-com-gustavo-gitti-no-cebb-brasilia\\\/\",\"url\":\"https:\\\/\\\/cebb.org.br\\\/a-transformacao-e-possivel-palestra-com-gustavo-gitti-no-cebb-brasilia\\\/\",\"name\":\"A transforma\u00e7\u00e3o \u00e9 poss\u00edvel? \u00c1udio da palestra com Gustavo Gitti no CEBB Bras\u00edlia - Centro de Estudos Budistas Bodisatva\",\"isPartOf\":{\"@id\":\"https:\\\/\\\/cebb.org.br\\\/#website\"},\"primaryImageOfPage\":{\"@id\":\"https:\\\/\\\/cebb.org.br\\\/a-transformacao-e-possivel-palestra-com-gustavo-gitti-no-cebb-brasilia\\\/#primaryimage\"},\"image\":{\"@id\":\"https:\\\/\\\/cebb.org.br\\\/a-transformacao-e-possivel-palestra-com-gustavo-gitti-no-cebb-brasilia\\\/#primaryimage\"},\"thumbnailUrl\":\"https:\\\/\\\/cebb.org.br\\\/wp-content\\\/uploads\\\/2015\\\/05\\\/gustavo-gitti-olugar-menor.jpg\",\"datePublished\":\"2000-08-03T13:51:55+00:00\",\"dateModified\":\"2024-10-05T19:16:29+00:00\",\"breadcrumb\":{\"@id\":\"https:\\\/\\\/cebb.org.br\\\/a-transformacao-e-possivel-palestra-com-gustavo-gitti-no-cebb-brasilia\\\/#breadcrumb\"},\"inLanguage\":\"fr-FR\",\"potentialAction\":[{\"@type\":\"ReadAction\",\"target\":[\"https:\\\/\\\/cebb.org.br\\\/a-transformacao-e-possivel-palestra-com-gustavo-gitti-no-cebb-brasilia\\\/\"]}]},{\"@type\":\"ImageObject\",\"inLanguage\":\"fr-FR\",\"@id\":\"https:\\\/\\\/cebb.org.br\\\/a-transformacao-e-possivel-palestra-com-gustavo-gitti-no-cebb-brasilia\\\/#primaryimage\",\"url\":\"https:\\\/\\\/cebb.org.br\\\/wp-content\\\/uploads\\\/2015\\\/05\\\/gustavo-gitti-olugar-menor.jpg\",\"contentUrl\":\"https:\\\/\\\/cebb.org.br\\\/wp-content\\\/uploads\\\/2015\\\/05\\\/gustavo-gitti-olugar-menor.jpg\",\"width\":1560,\"height\":1030},{\"@type\":\"BreadcrumbList\",\"@id\":\"https:\\\/\\\/cebb.org.br\\\/a-transformacao-e-possivel-palestra-com-gustavo-gitti-no-cebb-brasilia\\\/#breadcrumb\",\"itemListElement\":[{\"@type\":\"ListItem\",\"position\":1,\"name\":\"Home\",\"item\":\"https:\\\/\\\/cebb.org.br\\\/\"},{\"@type\":\"ListItem\",\"position\":2,\"name\":\"A transforma\u00e7\u00e3o \u00e9 poss\u00edvel? \u00c1udio da palestra com Gustavo Gitti no CEBB Bras\u00edlia\"}]},{\"@type\":\"WebSite\",\"@id\":\"https:\\\/\\\/cebb.org.br\\\/#website\",\"url\":\"https:\\\/\\\/cebb.org.br\\\/\",\"name\":\"Centro de Estudos Budistas Bodisatva\",\"description\":\"Budismo, medita\u00e7\u00e3o e cultura de paz | Lama Padma Samten\",\"publisher\":{\"@id\":\"https:\\\/\\\/cebb.org.br\\\/#organization\"},\"potentialAction\":[{\"@type\":\"SearchAction\",\"target\":{\"@type\":\"EntryPoint\",\"urlTemplate\":\"https:\\\/\\\/cebb.org.br\\\/?s={search_term_string}\"},\"query-input\":{\"@type\":\"PropertyValueSpecification\",\"valueRequired\":true,\"valueName\":\"search_term_string\"}}],\"inLanguage\":\"fr-FR\"},{\"@type\":\"Organization\",\"@id\":\"https:\\\/\\\/cebb.org.br\\\/#organization\",\"name\":\"Centro de Estudos Budistas Bodisatva\",\"url\":\"https:\\\/\\\/cebb.org.br\\\/\",\"logo\":{\"@type\":\"ImageObject\",\"inLanguage\":\"fr-FR\",\"@id\":\"https:\\\/\\\/cebb.org.br\\\/#\\\/schema\\\/logo\\\/image\\\/\",\"url\":\"http:\\\/\\\/18.230.164.79\\\/wp-content\\\/uploads\\\/2011\\\/03\\\/logosalvador-peq-e1660064979551.jpg\",\"contentUrl\":\"http:\\\/\\\/18.230.164.79\\\/wp-content\\\/uploads\\\/2011\\\/03\\\/logosalvador-peq-e1660064979551.jpg\",\"width\":280,\"height\":231,\"caption\":\"Centro de Estudos Budistas Bodisatva\"},\"image\":{\"@id\":\"https:\\\/\\\/cebb.org.br\\\/#\\\/schema\\\/logo\\\/image\\\/\"},\"sameAs\":[\"https:\\\/\\\/pt-br.facebook.com\\\/cebb108\",\"https:\\\/\\\/www.instagram.com\\\/cebbcaminhodomeio\\\/\"]},{\"@type\":\"Person\",\"@id\":\"\",\"url\":\"https:\\\/\\\/cebb.org.br\\\/fr\\\/author\\\/\"}]}<\/script>\n<!-- \/ Yoast SEO plugin. -->","yoast_head_json":{"title":"A transforma\u00e7\u00e3o \u00e9 poss\u00edvel? \u00c1udio da palestra com Gustavo Gitti no CEBB Bras\u00edlia - Centro de Estudos Budistas Bodisatva","robots":{"index":"index","follow":"follow","max-snippet":"max-snippet:-1","max-image-preview":"max-image-preview:large","max-video-preview":"max-video-preview:-1"},"canonical":"https:\/\/cebb.org.br\/fr\/a-transformacao-e-possivel-palestra-com-gustavo-gitti-no-cebb-brasilia\/","og_locale":"fr_FR","og_type":"article","og_title":"A transforma\u00e7\u00e3o \u00e9 poss\u00edvel? \u00c1udio da palestra com Gustavo Gitti no CEBB Bras\u00edlia - Centro de Estudos Budistas Bodisatva","og_description":"Palestra oferecida por Gustavo Gitti no CEBB Bras\u00edlia em 28 de agosto de 2015.","og_url":"https:\/\/cebb.org.br\/fr\/a-transformacao-e-possivel-palestra-com-gustavo-gitti-no-cebb-brasilia\/","og_site_name":"Centro de Estudos Budistas Bodisatva","article_publisher":"https:\/\/pt-br.facebook.com\/cebb108","article_published_time":"2000-08-03T13:51:55+00:00","article_modified_time":"2024-10-05T19:16:29+00:00","og_image":[{"width":1560,"height":1030,"url":"https:\/\/cebb.org.br\/wp-content\/uploads\/2015\/05\/gustavo-gitti-olugar-menor.jpg","type":"image\/jpeg"}],"twitter_card":"summary_large_image","twitter_misc":{"\u00c9crit par":"","Dur\u00e9e de lecture estim\u00e9e":"1 minute"},"schema":{"@context":"https:\/\/schema.org","@graph":[{"@type":"Article","@id":"https:\/\/cebb.org.br\/a-transformacao-e-possivel-palestra-com-gustavo-gitti-no-cebb-brasilia\/#article","isPartOf":{"@id":"https:\/\/cebb.org.br\/a-transformacao-e-possivel-palestra-com-gustavo-gitti-no-cebb-brasilia\/"},"author":{"name":"","@id":""},"headline":"A transforma\u00e7\u00e3o \u00e9 poss\u00edvel? \u00c1udio da palestra com Gustavo Gitti no CEBB Bras\u00edlia","datePublished":"2000-08-03T13:51:55+00:00","dateModified":"2024-10-05T19:16:29+00:00","mainEntityOfPage":{"@id":"https:\/\/cebb.org.br\/a-transformacao-e-possivel-palestra-com-gustavo-gitti-no-cebb-brasilia\/"},"wordCount":275,"publisher":{"@id":"https:\/\/cebb.org.br\/#organization"},"image":{"@id":"https:\/\/cebb.org.br\/a-transformacao-e-possivel-palestra-com-gustavo-gitti-no-cebb-brasilia\/#primaryimage"},"thumbnailUrl":"https:\/\/cebb.org.br\/wp-content\/uploads\/2015\/05\/gustavo-gitti-olugar-menor.jpg","articleSection":["\u00c1udio","Ensinamentos"],"inLanguage":"fr-FR"},{"@type":"WebPage","@id":"https:\/\/cebb.org.br\/a-transformacao-e-possivel-palestra-com-gustavo-gitti-no-cebb-brasilia\/","url":"https:\/\/cebb.org.br\/a-transformacao-e-possivel-palestra-com-gustavo-gitti-no-cebb-brasilia\/","name":"A transforma\u00e7\u00e3o \u00e9 poss\u00edvel? \u00c1udio da palestra com Gustavo Gitti no CEBB Bras\u00edlia - Centro de Estudos Budistas Bodisatva","isPartOf":{"@id":"https:\/\/cebb.org.br\/#website"},"primaryImageOfPage":{"@id":"https:\/\/cebb.org.br\/a-transformacao-e-possivel-palestra-com-gustavo-gitti-no-cebb-brasilia\/#primaryimage"},"image":{"@id":"https:\/\/cebb.org.br\/a-transformacao-e-possivel-palestra-com-gustavo-gitti-no-cebb-brasilia\/#primaryimage"},"thumbnailUrl":"https:\/\/cebb.org.br\/wp-content\/uploads\/2015\/05\/gustavo-gitti-olugar-menor.jpg","datePublished":"2000-08-03T13:51:55+00:00","dateModified":"2024-10-05T19:16:29+00:00","breadcrumb":{"@id":"https:\/\/cebb.org.br\/a-transformacao-e-possivel-palestra-com-gustavo-gitti-no-cebb-brasilia\/#breadcrumb"},"inLanguage":"fr-FR","potentialAction":[{"@type":"ReadAction","target":["https:\/\/cebb.org.br\/a-transformacao-e-possivel-palestra-com-gustavo-gitti-no-cebb-brasilia\/"]}]},{"@type":"ImageObject","inLanguage":"fr-FR","@id":"https:\/\/cebb.org.br\/a-transformacao-e-possivel-palestra-com-gustavo-gitti-no-cebb-brasilia\/#primaryimage","url":"https:\/\/cebb.org.br\/wp-content\/uploads\/2015\/05\/gustavo-gitti-olugar-menor.jpg","contentUrl":"https:\/\/cebb.org.br\/wp-content\/uploads\/2015\/05\/gustavo-gitti-olugar-menor.jpg","width":1560,"height":1030},{"@type":"BreadcrumbList","@id":"https:\/\/cebb.org.br\/a-transformacao-e-possivel-palestra-com-gustavo-gitti-no-cebb-brasilia\/#breadcrumb","itemListElement":[{"@type":"ListItem","position":1,"name":"Home","item":"https:\/\/cebb.org.br\/"},{"@type":"ListItem","position":2,"name":"A transforma\u00e7\u00e3o \u00e9 poss\u00edvel? \u00c1udio da palestra com Gustavo Gitti no CEBB Bras\u00edlia"}]},{"@type":"WebSite","@id":"https:\/\/cebb.org.br\/#website","url":"https:\/\/cebb.org.br\/","name":"Centre d\u2019\u00c9tudes Bouddhistes Bodisatva (CEBB)","description":"Budismo, medita\u00e7\u00e3o e cultura de paz | Lama Padma Samten","publisher":{"@id":"https:\/\/cebb.org.br\/#organization"},"potentialAction":[{"@type":"SearchAction","target":{"@type":"EntryPoint","urlTemplate":"https:\/\/cebb.org.br\/?s={search_term_string}"},"query-input":{"@type":"PropertyValueSpecification","valueRequired":true,"valueName":"search_term_string"}}],"inLanguage":"fr-FR"},{"@type":"Organization","@id":"https:\/\/cebb.org.br\/#organization","name":"Centre d\u2019\u00c9tudes Bouddhistes Bodisatva (CEBB)","url":"https:\/\/cebb.org.br\/","logo":{"@type":"ImageObject","inLanguage":"fr-FR","@id":"https:\/\/cebb.org.br\/#\/schema\/logo\/image\/","url":"http:\/\/18.230.164.79\/wp-content\/uploads\/2011\/03\/logosalvador-peq-e1660064979551.jpg","contentUrl":"http:\/\/18.230.164.79\/wp-content\/uploads\/2011\/03\/logosalvador-peq-e1660064979551.jpg","width":280,"height":231,"caption":"Centro de Estudos Budistas Bodisatva"},"image":{"@id":"https:\/\/cebb.org.br\/#\/schema\/logo\/image\/"},"sameAs":["https:\/\/pt-br.facebook.com\/cebb108","https:\/\/www.instagram.com\/cebbcaminhodomeio\/"]},{"@type":"Person","@id":"","url":"https:\/\/cebb.org.br\/fr\/author\/"}]}},"_links":{"self":[{"href":"https:\/\/cebb.org.br\/fr\/wp-json\/wp\/v2\/posts\/21887","targetHints":{"allow":["GET"]}}],"collection":[{"href":"https:\/\/cebb.org.br\/fr\/wp-json\/wp\/v2\/posts"}],"about":[{"href":"https:\/\/cebb.org.br\/fr\/wp-json\/wp\/v2\/types\/post"}],"author":[{"embeddable":true,"href":"https:\/\/cebb.org.br\/fr\/wp-json\/wp\/v2\/users\/121"}],"replies":[{"embeddable":true,"href":"https:\/\/cebb.org.br\/fr\/wp-json\/wp\/v2\/comments?post=21887"}],"version-history":[{"count":1,"href":"https:\/\/cebb.org.br\/fr\/wp-json\/wp\/v2\/posts\/21887\/revisions"}],"predecessor-version":[{"id":108538,"href":"https:\/\/cebb.org.br\/fr\/wp-json\/wp\/v2\/posts\/21887\/revisions\/108538"}],"wp:featuredmedia":[{"embeddable":true,"href":"https:\/\/cebb.org.br\/fr\/wp-json\/wp\/v2\/media\/20115"}],"wp:attachment":[{"href":"https:\/\/cebb.org.br\/fr\/wp-json\/wp\/v2\/media?parent=21887"}],"wp:term":[{"taxonomy":"category","embeddable":true,"href":"https:\/\/cebb.org.br\/fr\/wp-json\/wp\/v2\/categories?post=21887"},{"taxonomy":"post_tag","embeddable":true,"href":"https:\/\/cebb.org.br\/fr\/wp-json\/wp\/v2\/tags?post=21887"}],"curies":[{"name":"wp","href":"https:\/\/api.w.org\/{rel}","templated":true}]}}