{"id":24015,"date":"2015-10-01T08:00:27","date_gmt":"2015-10-01T11:00:27","guid":{"rendered":"http:\/\/www.cebb.org.br\/?p=24015"},"modified":"2022-08-22T15:38:15","modified_gmt":"2022-08-22T18:38:15","slug":"carta-lama-samten-aldeias-cebb","status":"publish","type":"post","link":"https:\/\/cebb.org.br\/fr\/carta-lama-samten-aldeias-cebb\/","title":{"rendered":"Carta de Lama Padma Samten sobre as Aldeias CEBB"},"content":{"rendered":"<p>No d\u00e9cimo quinto dia do m\u00eas lunar, enquanto o sol paulatinamente se p\u00f5e no horizonte, a lua se eleva luminosa. Momento perfeito para fazermos nossas acumula\u00e7\u00f5es de m\u00e9ritos de sabedoria e lucidez enquanto praticamos o Prajnaparamita, o Sutra da Perfei\u00e7\u00e3o da Sabedoria, recitamos o mantra e contemplamos as apar\u00eancias.<!--more--><br \/>\nNo final das nossas vidas, enquanto a luminosidade dos nossos olhos desvanesce, o brilho natural incessantemente presente do Darmakaya se eleva no c\u00e9u da nossa mente e pode agora ser reconhecido como tal. Momento perfeito para focamos repetidamente os ensinamentos de Guru Rinpoche sobre o reconhecimento de Darmata atrav\u00e9s dos seis selos e removermos obst\u00e1culos surgidos das fixa\u00e7\u00f5es a carmas e h\u00e1bitos.<br \/>\nAqui a foto da Sanga em Alto Para\u00edso, na sala de medita\u00e7\u00e3o da Aldeia CEBB AP.<br \/>\n<a href=\"http:\/\/www.cebb.org.br\/wp-content\/uploads\/2015\/10\/DSC_02133.jpg\"><img fetchpriority=\"high\" decoding=\"async\" class=\"alignnone wp-image-24046 size-large\" title=\"CEBB Alto Para\u00edso\" src=\"https:\/\/cebb.org.br\/wp-content\/uploads\/2015\/10\/DSC_02133-1024x576.jpg\" alt=\"\" width=\"1024\" height=\"576\" srcset=\"https:\/\/cebb.org.br\/wp-content\/uploads\/2015\/10\/DSC_02133-1024x576.jpg 1024w, https:\/\/cebb.org.br\/wp-content\/uploads\/2015\/10\/DSC_02133-300x169.jpg 300w, https:\/\/cebb.org.br\/wp-content\/uploads\/2015\/10\/DSC_02133-768x432.jpg 768w, https:\/\/cebb.org.br\/wp-content\/uploads\/2015\/10\/DSC_02133-1536x864.jpg 1536w, https:\/\/cebb.org.br\/wp-content\/uploads\/2015\/10\/DSC_02133-2048x1152.jpg 2048w\" sizes=\"(max-width: 1024px) 100vw, 1024px\" \/><\/a><br \/>\nO retiro come\u00e7ou na sexta-feira a noite (25 de setembro de 2015) na cidade e encerrou ao meio dia de domingo. No final da tarde, iniciamos as pr\u00e1ticas de pr\u00e9-inaugura\u00e7\u00e3o do primeiro Templo do Cebb Alto Para\u00edso (150 m<sup>2<\/sup>). Ainda que a sala n\u00e3o esteja completamente finalizada, faltam as janelas e a c\u00fapula central da sala, j\u00e1 est\u00e1 bastante confort\u00e1vel. Enquanto o sol se punha e a lua cheia surgia enorme, brilhante, praticamos o Prajnaparamita. Durante o eclipse, retomamos com a pr\u00e1tica de chuva de b\u00ean\u00e7\u00e3os e acumula\u00e7\u00e3o do mantra do Guru.<br \/>\n<a href=\"http:\/\/www.cebb.org.br\/wp-content\/uploads\/2015\/10\/DSC_0233.jpg\"><img decoding=\"async\" class=\"alignnone wp-image-24047 size-large\" title=\"CEBB Alto Para\u00edso\" src=\"https:\/\/cebb.org.br\/wp-content\/uploads\/2015\/10\/DSC_0233-1024x576.jpg\" alt=\"\" width=\"1024\" height=\"576\" srcset=\"https:\/\/cebb.org.br\/wp-content\/uploads\/2015\/10\/DSC_0233-1024x576.jpg 1024w, https:\/\/cebb.org.br\/wp-content\/uploads\/2015\/10\/DSC_0233-300x169.jpg 300w, https:\/\/cebb.org.br\/wp-content\/uploads\/2015\/10\/DSC_0233-768x432.jpg 768w, https:\/\/cebb.org.br\/wp-content\/uploads\/2015\/10\/DSC_0233-1536x864.jpg 1536w, https:\/\/cebb.org.br\/wp-content\/uploads\/2015\/10\/DSC_0233-2048x1152.jpg 2048w\" sizes=\"(max-width: 1024px) 100vw, 1024px\" \/><\/a><br \/>\n<a href=\"http:\/\/www.cebb.org.br\/wp-content\/uploads\/2015\/10\/DSC_0236.jpg\"><img decoding=\"async\" class=\"alignnone wp-image-24048 size-large\" title=\"CEBB Alto Para\u00edso\" src=\"https:\/\/cebb.org.br\/wp-content\/uploads\/2015\/10\/DSC_0236-1024x576.jpg\" alt=\"\" width=\"1024\" height=\"576\" srcset=\"https:\/\/cebb.org.br\/wp-content\/uploads\/2015\/10\/DSC_0236-1024x576.jpg 1024w, https:\/\/cebb.org.br\/wp-content\/uploads\/2015\/10\/DSC_0236-300x169.jpg 300w, https:\/\/cebb.org.br\/wp-content\/uploads\/2015\/10\/DSC_0236-768x432.jpg 768w, https:\/\/cebb.org.br\/wp-content\/uploads\/2015\/10\/DSC_0236-1536x864.jpg 1536w, https:\/\/cebb.org.br\/wp-content\/uploads\/2015\/10\/DSC_0236-2048x1152.jpg 2048w\" sizes=\"(max-width: 1024px) 100vw, 1024px\" \/><\/a><br \/>\nMuitos m\u00e9ritos \u00e0 Sanga de todas as regi\u00f5es que t\u00eam sonhado o estabelecimento da <a href=\"https:\/\/cebb.org.br\/fr\/centros\/go\/alto-paraiso\/\"><strong>Aldeia CEBB de Alto Para\u00edso<\/strong><\/a>, \u00a0voltada ao aprofundamento da pr\u00e1tica, ao estudo, ao conv\u00edvio harm\u00f4nico, contempla\u00e7\u00e3o e prote\u00e7\u00e3o \u00e0 natureza, \u00e0 educa\u00e7\u00e3o das crian\u00e7as e dos jovens. \u00c9 um lugar realmente maravilhoso, perfumado, equilibrado, silencioso, ornado pelo c\u00e9u, pelo sol, \u00e1guas e plantas do cerrado e pelas montanhas ao redor. Nos sentimos acolhidos e agradecidos e nos sentimos felizes em acolher diariamente na \u00e1rea as crian\u00e7as na <strong><a href=\"http:\/\/vilaverdeescola.wix.com\/escolavilaverde\">Escola Vila Verde<\/a><\/strong>. Al\u00e9m da Escola, a Sanga, atrav\u00e9s do Instituto Caminho do Meio, mant\u00e9m ainda o projeto <em>Investigando a Nossa Natureza<\/em> onde, com apoio do Parque Nacional Chapada dos Veadeiros, os jovens t\u00eam a oportunidade de integrar as experi\u00eancias da exuberante natureza externa e sua natureza interna.<br \/>\n<a href=\"http:\/\/www.cebb.org.br\/wp-content\/uploads\/2015\/10\/12068445_921486687939636_4367542428544473393_o.jpg\"><img loading=\"lazy\" decoding=\"async\" class=\"alignnone wp-image-24146 size-large\" title=\"Escola Vila Verde\" src=\"https:\/\/cebb.org.br\/wp-content\/uploads\/2015\/10\/12068445_921486687939636_4367542428544473393_o-1024x683.jpg\" alt=\"\" width=\"1024\" height=\"683\" srcset=\"https:\/\/cebb.org.br\/wp-content\/uploads\/2015\/10\/12068445_921486687939636_4367542428544473393_o-1024x683.jpg 1024w, https:\/\/cebb.org.br\/wp-content\/uploads\/2015\/10\/12068445_921486687939636_4367542428544473393_o-300x200.jpg 300w, https:\/\/cebb.org.br\/wp-content\/uploads\/2015\/10\/12068445_921486687939636_4367542428544473393_o-768x512.jpg 768w, https:\/\/cebb.org.br\/wp-content\/uploads\/2015\/10\/12068445_921486687939636_4367542428544473393_o-1536x1024.jpg 1536w, https:\/\/cebb.org.br\/wp-content\/uploads\/2015\/10\/12068445_921486687939636_4367542428544473393_o-514x342.jpg 514w, https:\/\/cebb.org.br\/wp-content\/uploads\/2015\/10\/12068445_921486687939636_4367542428544473393_o.jpg 2048w\" sizes=\"(max-width: 1024px) 100vw, 1024px\" \/><\/a><br \/>\n<a href=\"http:\/\/www.cebb.org.br\/wp-content\/uploads\/2015\/10\/12143161_923729567715348_3833925322916783301_n.jpg\"><img loading=\"lazy\" decoding=\"async\" class=\"wp-image-24148  aligncenter\" title=\"Escola Vila Verde\" src=\"https:\/\/cebb.org.br\/wp-content\/uploads\/2015\/10\/12143161_923729567715348_3833925322916783301_n.jpg\" alt=\"\" width=\"1008\" height=\"756\" srcset=\"https:\/\/cebb.org.br\/wp-content\/uploads\/2015\/10\/12143161_923729567715348_3833925322916783301_n.jpg 960w, https:\/\/cebb.org.br\/wp-content\/uploads\/2015\/10\/12143161_923729567715348_3833925322916783301_n-300x225.jpg 300w, https:\/\/cebb.org.br\/wp-content\/uploads\/2015\/10\/12143161_923729567715348_3833925322916783301_n-768x576.jpg 768w\" sizes=\"(max-width: 1008px) 100vw, 1008px\" \/><\/a><br \/>\n<a href=\"http:\/\/www.cebb.org.br\/wp-content\/uploads\/2015\/10\/12068624_926406734114298_5843398012968063156_o.jpg\"><img loading=\"lazy\" decoding=\"async\" class=\"alignnone wp-image-24405 size-large\" title=\"Escola Vila Verde\" src=\"https:\/\/cebb.org.br\/wp-content\/uploads\/2015\/10\/12068624_926406734114298_5843398012968063156_o-1024x768.jpg\" alt=\"\" width=\"1024\" height=\"768\" srcset=\"https:\/\/cebb.org.br\/wp-content\/uploads\/2015\/10\/12068624_926406734114298_5843398012968063156_o-1024x768.jpg 1024w, https:\/\/cebb.org.br\/wp-content\/uploads\/2015\/10\/12068624_926406734114298_5843398012968063156_o-300x225.jpg 300w, https:\/\/cebb.org.br\/wp-content\/uploads\/2015\/10\/12068624_926406734114298_5843398012968063156_o-768x576.jpg 768w, https:\/\/cebb.org.br\/wp-content\/uploads\/2015\/10\/12068624_926406734114298_5843398012968063156_o.jpg 1280w\" sizes=\"(max-width: 1024px) 100vw, 1024px\" \/><\/a><br \/>\nO Budismo, em suas v\u00e1rias express\u00f5es no nosso pa\u00eds e no Ocidente, est\u00e1 realmente vivendo um per\u00edodo m\u00e1gico. Quando nos movemos um passo na dire\u00e7\u00e3o dos Budas, eles, como m\u00e3es e pais amorosos, se movem cem passos na nossa dire\u00e7\u00e3o, derramando b\u00ean\u00e7\u00e3os abundantes nos n\u00edveis grosseiro, interno e secreto. Esse \u00e9 o segredo. Desde seu surgimento, foi sempre atrav\u00e9s do aprofundamento da lucidez, remo\u00e7\u00e3o das negatividades e obst\u00e1culos internos e benef\u00edcio a todos os seres que a Sanga pode seguir sua manifesta\u00e7\u00e3o amorosa e compassiva mesmo em meio a grandes desafios como guerras, persegui\u00e7\u00f5es, destrui\u00e7\u00f5es e choques pol\u00edticos, culturais e ambientais.<br \/>\nNo Brasil, este per\u00edodo est\u00e1 sendo de muitas b\u00ean\u00e7\u00e3os tamb\u00e9m para as pr\u00e1ticas do CEBB. \u00a0No final de outubro de 2015, teremos a <a href=\"https:\/\/cebb.org.br\/fr\/lama-padma-santem-inaugurara-o-templo-no-cebb-rural-mendila-em-canelinha-santa-catarina\/\">inaugura\u00e7\u00e3o do Templo da <strong>Aldeia CEBB Mendil\u00e1<\/strong>,<\/a> o belo <em>Templo do Buda da Medicina<\/em> (320 m<sup>2<\/sup>) na \u00e1rea da <a href=\"https:\/\/cebb.org.br\/fr\/centros\/sc\/mendila\/\">Aldeia CEBB em Canelinha\/SC<\/a>. O eixo ser\u00e1 o retiro de ensinamentos, acumula\u00e7\u00e3o de pr\u00e1ticas e remo\u00e7\u00e3o de obst\u00e1culos baseado nas Seis Perfei\u00e7\u00f5es como apresentadas no Sutra do Diamante. A sanga local tem especialmente o foco de aprofundar em sua pr\u00e1tica, ampliar seus estudos, fazer retiros e poder oferecer acolhimento a pessoas que necessitem de cuidados f\u00edsicos. No grupo h\u00e1 v\u00e1rios terapeutas.<br \/>\n<a href=\"http:\/\/www.cebb.org.br\/wp-content\/uploads\/2015\/10\/Mendil\u00e11.jpg\"><img loading=\"lazy\" decoding=\"async\" class=\"alignnone wp-image-24034 size-thumbnail\" title=\"CEBB Mendil\u00e1 - Templo\" src=\"https:\/\/cebb.org.br\/wp-content\/uploads\/2015\/10\/Mendila1-169x169.jpg\" alt=\"\" width=\"169\" height=\"169\" srcset=\"https:\/\/cebb.org.br\/wp-content\/uploads\/2015\/10\/Mendila1-169x169.jpg 169w, https:\/\/cebb.org.br\/wp-content\/uploads\/2015\/10\/Mendila1-75x75.jpg 75w\" sizes=\"(max-width: 169px) 100vw, 169px\" \/><\/a><br \/>\n<a href=\"http:\/\/www.cebb.org.br\/wp-content\/uploads\/2015\/10\/984211_950817594931936_1315442879477355404_n.jpg\"><img loading=\"lazy\" decoding=\"async\" class=\"alignnone wp-image-24151 size-thumbnail\" title=\"CEBB Mendil\u00e1 - Lago\" src=\"https:\/\/cebb.org.br\/wp-content\/uploads\/2015\/10\/984211_950817594931936_1315442879477355404_n-169x169.jpg\" alt=\"\" width=\"169\" height=\"169\" srcset=\"https:\/\/cebb.org.br\/wp-content\/uploads\/2015\/10\/984211_950817594931936_1315442879477355404_n-169x169.jpg 169w, https:\/\/cebb.org.br\/wp-content\/uploads\/2015\/10\/984211_950817594931936_1315442879477355404_n-75x75.jpg 75w\" sizes=\"(max-width: 169px) 100vw, 169px\" \/><\/a><br \/>\n<a href=\"http:\/\/www.cebb.org.br\/wp-content\/uploads\/2015\/10\/11401195_1109301272416900_2123810690949455859_n.jpg\"><img loading=\"lazy\" decoding=\"async\" class=\"alignnone wp-image-24152 size-thumbnail\" title=\"CEBB Mendil\u00e1 - Refeit\u00f3rio\" src=\"https:\/\/cebb.org.br\/wp-content\/uploads\/2015\/10\/11401195_1109301272416900_2123810690949455859_n-169x169.jpg\" alt=\"\" width=\"169\" height=\"169\" srcset=\"https:\/\/cebb.org.br\/wp-content\/uploads\/2015\/10\/11401195_1109301272416900_2123810690949455859_n-169x169.jpg 169w, https:\/\/cebb.org.br\/wp-content\/uploads\/2015\/10\/11401195_1109301272416900_2123810690949455859_n-75x75.jpg 75w\" sizes=\"(max-width: 169px) 100vw, 169px\" \/><\/a><br \/>\nNo Rec\u00f4ncavo Baiano, a Sanga est\u00e1 em plena atividade de constru\u00e7\u00e3o do amplo Templo da <strong><a href=\"https:\/\/cebb.org.br\/fr\/centros\/ba\/reconcavo\/\">Aldeia CEBB Rec\u00f4ncavo<\/a><\/strong>, em Santo Amaro\/BA. Na \u00e1rea da Aldeia j\u00e1 est\u00e1 consolidada a pr\u00e1tica de retiros, estudos, cursos. A Sanga tem a elevada motiva\u00e7\u00e3o de aprofundar sua realiza\u00e7\u00e3o e lucidez, ampliar sua capacidade de beneficiar os seres em todas as dire\u00e7\u00f5es e de proteger a natureza local e a rica cultura circundante, que manifesta a influ\u00eancia marcante da presen\u00e7a ancestral ind\u00edgena, africana e portuguesa. \u00c9 um lugar lindo, bem estabelecido, muito arrumado, com \u00e1rea plana e de acesso f\u00e1cil. Muitos m\u00e9ritos \u00e0 Sanga que tem sonhado de forma t\u00e3o elevada e amorosa e tem produzido resultados t\u00e3o not\u00e1veis!<br \/>\n<a href=\"http:\/\/www.cebb.org.br\/wp-content\/uploads\/2015\/10\/IMG_2688.jpg\"><img loading=\"lazy\" decoding=\"async\" class=\"alignnone wp-image-24153 size-large\" title=\"CEBB Rec\u00f4ncavo\" src=\"https:\/\/cebb.org.br\/wp-content\/uploads\/2015\/10\/IMG_2688-1024x705.jpg\" alt=\"\" width=\"1024\" height=\"705\" srcset=\"https:\/\/cebb.org.br\/wp-content\/uploads\/2015\/10\/IMG_2688-1024x705.jpg 1024w, https:\/\/cebb.org.br\/wp-content\/uploads\/2015\/10\/IMG_2688-300x207.jpg 300w, https:\/\/cebb.org.br\/wp-content\/uploads\/2015\/10\/IMG_2688-768x529.jpg 768w, https:\/\/cebb.org.br\/wp-content\/uploads\/2015\/10\/IMG_2688-1536x1058.jpg 1536w, https:\/\/cebb.org.br\/wp-content\/uploads\/2015\/10\/IMG_2688-2048x1411.jpg 2048w\" sizes=\"(max-width: 1024px) 100vw, 1024px\" \/><\/a><\/p>\n<figure id=\"attachment_24407\" aria-describedby=\"caption-attachment-24407\" style=\"width: 1024px\" class=\"wp-caption alignnone\"><a href=\"http:\/\/www.cebb.org.br\/wp-content\/uploads\/2015\/10\/image-3.jpeg\"><img loading=\"lazy\" decoding=\"async\" class=\"wp-image-24407 size-large\" title=\"CEBB Rec\u00f4ncavo - In\u00edcio da constru\u00e7\u00e3o do templo\" src=\"https:\/\/cebb.org.br\/wp-content\/uploads\/2015\/10\/image-3-1024x768.jpeg\" alt=\"\" width=\"1024\" height=\"768\" srcset=\"https:\/\/cebb.org.br\/wp-content\/uploads\/2015\/10\/image-3-1024x768.jpeg 1024w, https:\/\/cebb.org.br\/wp-content\/uploads\/2015\/10\/image-3-300x225.jpeg 300w, https:\/\/cebb.org.br\/wp-content\/uploads\/2015\/10\/image-3-768x576.jpeg 768w, https:\/\/cebb.org.br\/wp-content\/uploads\/2015\/10\/image-3-1536x1152.jpeg 1536w, https:\/\/cebb.org.br\/wp-content\/uploads\/2015\/10\/image-3.jpeg 1600w\" sizes=\"(max-width: 1024px) 100vw, 1024px\" \/><\/a><figcaption id=\"caption-attachment-24407\" class=\"wp-caption-text\">In\u00edcio da constru\u00e7\u00e3o do templo no CEBB Rec\u00f4ncavo<\/figcaption><\/figure>\n<p>A Sanga de Curitiba est\u00e1 radiante. Estamos agora na posse integral da \u00e1rea da <a href=\"https:\/\/cebb.org.br\/fr\/centros\/pr\/sukhavati\/\"><strong>Aldeia CEBB Sukhavati<\/strong><\/a>, de 85 ha, onde j\u00e1 h\u00e1 pr\u00e1ticas regulares, retiros, ensinamentos e cursos. Neste momento, h\u00e1 grande movimenta\u00e7\u00e3o. Estamos estudando as alternativas de implanta\u00e7\u00e3o f\u00edsica das v\u00e1rias partes do projeto da aldeia. \u00c9 prov\u00e1vel que j\u00e1 em 2016 tenhamos a inaugura\u00e7\u00e3o do primeiro templo, alojamentos, cozinha, refeit\u00f3rio e do espa\u00e7o para receber o lama e os tutores visitantes. Em 2015, tivemos a b\u00ean\u00e7\u00e3o coletiva da \u00e1rea onde ser\u00e1 constru\u00eddo o templo principal e instalamos os postes com as bandeiras de ora\u00e7\u00e3o. A \u00e1rea \u00e9 especialmente dotada de fontes d\u2019\u00e1gua, vegeta\u00e7\u00e3o nativa abundante, e est\u00e1 situada em uma regi\u00e3o de grande consci\u00eancia ambiental.<br \/>\n<a href=\"http:\/\/www.cebb.org.br\/wp-content\/uploads\/2015\/10\/sukavati-3.jpg\"><img loading=\"lazy\" decoding=\"async\" class=\"size-full wp-image-24033 alignnone\" title=\"CEBB Sukhavati\" src=\"http:\/\/www.cebb.org.br\/wp-content\/uploads\/2015\/10\/sukavati-3.jpg\" alt=\"\" width=\"960\" height=\"639\" srcset=\"https:\/\/cebb.org.br\/wp-content\/uploads\/2015\/10\/sukavati-3.jpg 960w, https:\/\/cebb.org.br\/wp-content\/uploads\/2015\/10\/sukavati-3-300x200.jpg 300w, https:\/\/cebb.org.br\/wp-content\/uploads\/2015\/10\/sukavati-3-768x511.jpg 768w, https:\/\/cebb.org.br\/wp-content\/uploads\/2015\/10\/sukavati-3-514x342.jpg 514w\" sizes=\"(max-width: 960px) 100vw, 960px\" \/><\/a><br \/>\n<a href=\"http:\/\/www.cebb.org.br\/wp-content\/uploads\/2015\/10\/sukavati-4.jpg\"><img loading=\"lazy\" decoding=\"async\" class=\"alignnone wp-image-24185 size-thumbnail\" title=\"CEBB Sukhavati\" src=\"https:\/\/cebb.org.br\/wp-content\/uploads\/2015\/10\/sukavati-4-169x169.jpg\" alt=\"\" width=\"169\" height=\"169\" srcset=\"https:\/\/cebb.org.br\/wp-content\/uploads\/2015\/10\/sukavati-4-169x169.jpg 169w, https:\/\/cebb.org.br\/wp-content\/uploads\/2015\/10\/sukavati-4-75x75.jpg 75w\" sizes=\"(max-width: 169px) 100vw, 169px\" \/><\/a><br \/>\nVeja <a href=\"https:\/\/cebb.org.br\/fr\/inauguracao-do-cebb-sukhavati\/\">aqui<\/a> mais fotos da cerim\u00f4nia de ben\u00e7\u00e3os e inaugura\u00e7\u00e3o do CEBB Sukhavati.<br \/>\nEm Pernambuco h\u00e1 tamb\u00e9m grande efervesc\u00eancia. A Sanga movimenta-se para praticar e estudar em v\u00e1rias diferentes salas\u00a0e participa diretamente das atividades da <a href=\"https:\/\/cebb.org.br\/fr\/centros\/pe\/darmata\/\"><strong>Aldeia CEBB Darmata<\/strong><\/a>, em Timba\u00faba\/PE. L\u00e1 temos espa\u00e7o para retiros longos, m\u00e9dios e curtos. Temos ainda um templo (150 m<sup>2<\/sup>) que est\u00e1 sempre muito cheio nos eventos abertos e um espa\u00e7o especial para receber o lama, que \u00e9 usado tamb\u00e9m como espa\u00e7o para retiros individuais.<br \/>\n<a href=\"http:\/\/www.cebb.org.br\/wp-content\/uploads\/2015\/10\/10496938_362601080609143_150296097671711509_o4.jpg\"><img loading=\"lazy\" decoding=\"async\" class=\"alignnone wp-image-24065 size-large\" title=\"CEBB Darmata \" src=\"https:\/\/cebb.org.br\/wp-content\/uploads\/2015\/10\/10496938_362601080609143_150296097671711509_o4-1024x686.jpg\" alt=\"\" width=\"1024\" height=\"686\" srcset=\"https:\/\/cebb.org.br\/wp-content\/uploads\/2015\/10\/10496938_362601080609143_150296097671711509_o4-1024x686.jpg 1024w, https:\/\/cebb.org.br\/wp-content\/uploads\/2015\/10\/10496938_362601080609143_150296097671711509_o4-300x201.jpg 300w, https:\/\/cebb.org.br\/wp-content\/uploads\/2015\/10\/10496938_362601080609143_150296097671711509_o4-768x514.jpg 768w, https:\/\/cebb.org.br\/wp-content\/uploads\/2015\/10\/10496938_362601080609143_150296097671711509_o4-1536x1028.jpg 1536w, https:\/\/cebb.org.br\/wp-content\/uploads\/2015\/10\/10496938_362601080609143_150296097671711509_o4.jpg 2048w\" sizes=\"(max-width: 1024px) 100vw, 1024px\" \/><\/a><br \/>\n<a href=\"http:\/\/www.cebb.org.br\/wp-content\/uploads\/2015\/10\/DSC_00021.jpg\"><img loading=\"lazy\" decoding=\"async\" class=\"alignnone wp-image-24074 size-thumbnail\" title=\"CEBB Darmata\" src=\"https:\/\/cebb.org.br\/wp-content\/uploads\/2015\/10\/DSC_00021-169x169.jpg\" alt=\"\" width=\"169\" height=\"169\" srcset=\"https:\/\/cebb.org.br\/wp-content\/uploads\/2015\/10\/DSC_00021-169x169.jpg 169w, https:\/\/cebb.org.br\/wp-content\/uploads\/2015\/10\/DSC_00021-75x75.jpg 75w\" sizes=\"(max-width: 169px) 100vw, 169px\" \/><\/a><br \/>\n<a href=\"http:\/\/www.cebb.org.br\/wp-content\/uploads\/2015\/10\/10495984_368117300057521_2937768819604821683_o.jpg\"><img loading=\"lazy\" decoding=\"async\" class=\"alignnone wp-image-24208 size-large\" title=\"CEBB Darmata\" src=\"https:\/\/cebb.org.br\/wp-content\/uploads\/2015\/10\/10495984_368117300057521_2937768819604821683_o-1024x685.jpg\" alt=\"\" width=\"1024\" height=\"685\" srcset=\"https:\/\/cebb.org.br\/wp-content\/uploads\/2015\/10\/10495984_368117300057521_2937768819604821683_o-1024x685.jpg 1024w, https:\/\/cebb.org.br\/wp-content\/uploads\/2015\/10\/10495984_368117300057521_2937768819604821683_o-300x201.jpg 300w, https:\/\/cebb.org.br\/wp-content\/uploads\/2015\/10\/10495984_368117300057521_2937768819604821683_o-768x514.jpg 768w, https:\/\/cebb.org.br\/wp-content\/uploads\/2015\/10\/10495984_368117300057521_2937768819604821683_o-1536x1028.jpg 1536w, https:\/\/cebb.org.br\/wp-content\/uploads\/2015\/10\/10495984_368117300057521_2937768819604821683_o.jpg 1936w\" sizes=\"(max-width: 1024px) 100vw, 1024px\" \/><\/a><br \/>\nO espa\u00e7o do CEBB Darmata surgiu como uma \u00e1rea voltada a trazer benef\u00edcios de forma ampla, recebe apoio da Sanga de todo o pa\u00eds e tem tamb\u00e9m inspirado, recebido e apoiado praticantes de muitas diferentes cidades do Nordeste, da regi\u00e3o Norte e da Amaz\u00f4nia, assim como do Sul, Sudeste e Centro do pa\u00eds. Mesmo alguns praticantes brasileiros que residem em outros pa\u00edses retornam periodicamente ao Darmata para retiros, est\u00e1gios e ensinamentos. Com base nessa atividade surgiram CEBBs em Fortaleza, Natal, Jo\u00e3o Pessoa e Macei\u00f3, e GEBBs em v\u00e1rias outras cidades.<br \/>\n<a href=\"http:\/\/www.cebb.org.br\/wp-content\/uploads\/2015\/10\/10818382_406255676243683_1759739620528326888_o.jpg\"><img loading=\"lazy\" decoding=\"async\" class=\"alignnone wp-image-24236 size-large\" title=\"CEBB Darmata \" src=\"https:\/\/cebb.org.br\/wp-content\/uploads\/2015\/10\/10818382_406255676243683_1759739620528326888_o-1024x685.jpg\" alt=\"\" width=\"1024\" height=\"685\" srcset=\"https:\/\/cebb.org.br\/wp-content\/uploads\/2015\/10\/10818382_406255676243683_1759739620528326888_o-1024x685.jpg 1024w, https:\/\/cebb.org.br\/wp-content\/uploads\/2015\/10\/10818382_406255676243683_1759739620528326888_o-300x201.jpg 300w, https:\/\/cebb.org.br\/wp-content\/uploads\/2015\/10\/10818382_406255676243683_1759739620528326888_o-768x514.jpg 768w, https:\/\/cebb.org.br\/wp-content\/uploads\/2015\/10\/10818382_406255676243683_1759739620528326888_o-1536x1028.jpg 1536w, https:\/\/cebb.org.br\/wp-content\/uploads\/2015\/10\/10818382_406255676243683_1759739620528326888_o.jpg 2048w\" sizes=\"(max-width: 1024px) 100vw, 1024px\" \/><\/a><br \/>\n<a href=\"http:\/\/www.cebb.org.br\/wp-content\/uploads\/2015\/10\/11403073_1613881588881295_6502589720765439386_n.jpg\"><img loading=\"lazy\" decoding=\"async\" class=\"alignnone wp-image-24198 size-thumbnail\" title=\"CEBB Jo\u00e3o Pessoa\/PB\" src=\"https:\/\/cebb.org.br\/wp-content\/uploads\/2015\/10\/11403073_1613881588881295_6502589720765439386_n-169x169.jpg\" alt=\"\" width=\"169\" height=\"169\" srcset=\"https:\/\/cebb.org.br\/wp-content\/uploads\/2015\/10\/11403073_1613881588881295_6502589720765439386_n-169x169.jpg 169w, https:\/\/cebb.org.br\/wp-content\/uploads\/2015\/10\/11403073_1613881588881295_6502589720765439386_n-75x75.jpg 75w\" sizes=\"(max-width: 169px) 100vw, 169px\" \/><\/a><br \/>\nH\u00e1 convites para atividades dos tutores em in\u00fameras cidades novas e tamb\u00e9m no exterior onde praticantes brasileiros se instalaram.<\/p>\n<figure id=\"attachment_24209\" aria-describedby=\"caption-attachment-24209\" style=\"width: 169px\" class=\"wp-caption alignnone\"><a href=\"http:\/\/www.cebb.org.br\/wp-content\/uploads\/2015\/10\/Marcia-Baja-em-Macei\u00f31.jpg\"><img loading=\"lazy\" decoding=\"async\" class=\"wp-image-24209 size-thumbnail\" title=\"Marcia Baja em Macei\u00f3\" src=\"https:\/\/cebb.org.br\/wp-content\/uploads\/2015\/10\/Marcia-Baja-em-Maceio1-169x169.jpg\" alt=\"\" width=\"169\" height=\"169\" srcset=\"https:\/\/cebb.org.br\/wp-content\/uploads\/2015\/10\/Marcia-Baja-em-Maceio1-169x169.jpg 169w, https:\/\/cebb.org.br\/wp-content\/uploads\/2015\/10\/Marcia-Baja-em-Maceio1-75x75.jpg 75w\" sizes=\"(max-width: 169px) 100vw, 169px\" \/><\/a><figcaption id=\"caption-attachment-24209\" class=\"wp-caption-text\">M\u00e1rcia Baja em Macei\u00f3<\/figcaption><\/figure>\n<p>Tivemos tamb\u00e9m no CEBB Darmata a b\u00ean\u00e7\u00e3o da visita de grandes mestres, entre eles de Sua Santidade Sakya Trizin que nos deu a transmiss\u00e3o da sadana de Chuva de Ben\u00e7\u00e3os de Guru Rinpoche e outras inicia\u00e7\u00f5es, como Manjushri e Buda da Medicina.<\/p>\n<figure id=\"attachment_24076\" aria-describedby=\"caption-attachment-24076\" style=\"width: 1024px\" class=\"wp-caption alignnone\"><a href=\"http:\/\/www.cebb.org.br\/wp-content\/uploads\/2015\/10\/DSC00505-12.jpg\"><img loading=\"lazy\" decoding=\"async\" class=\"wp-image-24076 size-large\" title=\"SS Sakya Trizin no CEBB Darmata \" src=\"https:\/\/cebb.org.br\/wp-content\/uploads\/2015\/10\/DSC00505-12-1024x768.jpg\" alt=\"\" width=\"1024\" height=\"768\" srcset=\"https:\/\/cebb.org.br\/wp-content\/uploads\/2015\/10\/DSC00505-12-1024x768.jpg 1024w, https:\/\/cebb.org.br\/wp-content\/uploads\/2015\/10\/DSC00505-12-300x225.jpg 300w, https:\/\/cebb.org.br\/wp-content\/uploads\/2015\/10\/DSC00505-12-768x576.jpg 768w, https:\/\/cebb.org.br\/wp-content\/uploads\/2015\/10\/DSC00505-12-1536x1152.jpg 1536w, https:\/\/cebb.org.br\/wp-content\/uploads\/2015\/10\/DSC00505-12-2048x1536.jpg 2048w\" sizes=\"(max-width: 1024px) 100vw, 1024px\" \/><\/a><figcaption id=\"caption-attachment-24076\" class=\"wp-caption-text\">SS Sakya Trizin no CEBB Darmata<\/figcaption><\/figure>\n<p>Al\u00e9m das atividades do CEBB, h\u00e1 a atua\u00e7\u00e3o da Sanga atrav\u00e9s do <strong>A\u00e7\u00e3o Darmata<\/strong>, uma ONG de a\u00e7\u00e3o social que engajou-se em v\u00e1rios diferentes projetos com muito \u00eaxito.\u00a0Um desses projetos foi o resgate do saber popular de cura pelas ervas na Regi\u00e3o da zona da mata de Timba\u00faba (PE) apoiado pelo <em>Programa das Na\u00e7\u00f5es Unidas para o Desenvolvimento<\/em> (PNUD).<br \/>\n<a href=\"http:\/\/www.cebb.org.br\/wp-content\/uploads\/2015\/10\/267664_381342148607976_1223539742_n.jpg\"><img loading=\"lazy\" decoding=\"async\" class=\"alignnone wp-image-24136 size-thumbnail\" title=\"A\u00e7\u00e3o Darmata \" src=\"https:\/\/cebb.org.br\/wp-content\/uploads\/2015\/10\/267664_381342148607976_1223539742_n-169x169.jpg\" alt=\"\" width=\"169\" height=\"169\" srcset=\"https:\/\/cebb.org.br\/wp-content\/uploads\/2015\/10\/267664_381342148607976_1223539742_n-169x169.jpg 169w, https:\/\/cebb.org.br\/wp-content\/uploads\/2015\/10\/267664_381342148607976_1223539742_n-75x75.jpg 75w\" sizes=\"(max-width: 169px) 100vw, 169px\" \/><\/a><br \/>\n<a href=\"http:\/\/www.cebb.org.br\/wp-content\/uploads\/2015\/10\/427972_372038626204995_804071018_n1.jpg\"><img loading=\"lazy\" decoding=\"async\" class=\"alignnone wp-image-24139 size-thumbnail\" title=\"A\u00e7\u00e3o Darmata \" src=\"https:\/\/cebb.org.br\/wp-content\/uploads\/2015\/10\/427972_372038626204995_804071018_n1-169x169.jpg\" alt=\"\" width=\"169\" height=\"169\" srcset=\"https:\/\/cebb.org.br\/wp-content\/uploads\/2015\/10\/427972_372038626204995_804071018_n1-169x169.jpg 169w, https:\/\/cebb.org.br\/wp-content\/uploads\/2015\/10\/427972_372038626204995_804071018_n1-75x75.jpg 75w\" sizes=\"(max-width: 169px) 100vw, 169px\" \/><\/a><\/p>\n<figure id=\"attachment_24155\" aria-describedby=\"caption-attachment-24155\" style=\"width: 169px\" class=\"wp-caption alignnone\"><a href=\"http:\/\/www.cebb.org.br\/wp-content\/uploads\/2015\/10\/11903772_920554768011551_4397298016795330511_n.jpg\"><img loading=\"lazy\" decoding=\"async\" class=\"wp-image-24155 size-thumbnail\" title=\"Neimfa\" src=\"https:\/\/cebb.org.br\/wp-content\/uploads\/2015\/10\/11903772_920554768011551_4397298016795330511_n-169x169.jpg\" alt=\"\" width=\"169\" height=\"169\" srcset=\"https:\/\/cebb.org.br\/wp-content\/uploads\/2015\/10\/11903772_920554768011551_4397298016795330511_n-169x169.jpg 169w, https:\/\/cebb.org.br\/wp-content\/uploads\/2015\/10\/11903772_920554768011551_4397298016795330511_n-75x75.jpg 75w\" sizes=\"(max-width: 169px) 100vw, 169px\" \/><\/a><figcaption id=\"caption-attachment-24155\" class=\"wp-caption-text\">Lama Samten no NEIMFA, projeto apoiado pela sanga do CEBB.<\/figcaption><\/figure>\n<p>Atualmente, atrav\u00e9s do A\u00e7\u00e3o Darmata, estamos atuando em um projeto de forma\u00e7\u00e3o de jovens em audiovisual e cultura de paz no Cabo de Santo Agostinho, \u00a0na Regi\u00e3o Metropolitana do Recife, um projeto apoiado pela Petrobr\u00e1s.<br \/>\n<a href=\"http:\/\/www.cebb.org.br\/wp-content\/uploads\/2015\/10\/10985208_1551803128413906_7353019020844438210_n.jpg\"><img loading=\"lazy\" decoding=\"async\" class=\"alignnone wp-image-24141 size-thumbnail\" title=\"A\u00e7\u00e3o Darmata - Cabo de Santo Agostinho\" src=\"https:\/\/cebb.org.br\/wp-content\/uploads\/2015\/10\/10985208_1551803128413906_7353019020844438210_n-169x169.jpg\" alt=\"\" width=\"169\" height=\"169\" srcset=\"https:\/\/cebb.org.br\/wp-content\/uploads\/2015\/10\/10985208_1551803128413906_7353019020844438210_n-169x169.jpg 169w, https:\/\/cebb.org.br\/wp-content\/uploads\/2015\/10\/10985208_1551803128413906_7353019020844438210_n-75x75.jpg 75w\" sizes=\"(max-width: 169px) 100vw, 169px\" \/><\/a><br \/>\n<a href=\"http:\/\/www.cebb.org.br\/wp-content\/uploads\/2015\/10\/11695813_1589195851341300_7276058293718892464_n.jpg\"><img loading=\"lazy\" decoding=\"async\" class=\"alignnone wp-image-24142 size-thumbnail\" title=\"A\u00e7\u00e3o Darmata - Cabo de Santo Agostinho\" src=\"https:\/\/cebb.org.br\/wp-content\/uploads\/2015\/10\/11695813_1589195851341300_7276058293718892464_n-169x169.jpg\" alt=\"\" width=\"169\" height=\"169\" srcset=\"https:\/\/cebb.org.br\/wp-content\/uploads\/2015\/10\/11695813_1589195851341300_7276058293718892464_n-169x169.jpg 169w, https:\/\/cebb.org.br\/wp-content\/uploads\/2015\/10\/11695813_1589195851341300_7276058293718892464_n-75x75.jpg 75w\" sizes=\"(max-width: 169px) 100vw, 169px\" \/><\/a><br \/>\nA <a href=\"https:\/\/cebb.org.br\/fr\/centros\/rs\/viamao\/\"><strong>Aldeia CEBB Caminho do Meio<\/strong><\/a>, em Viam\u00e3o\/RS, originou-se em 1997 do amadurecimento da atividade da Sanga do CEBB Porto Alegre, por sua vez fundado em 1986.<\/p>\n<figure id=\"attachment_24412\" aria-describedby=\"caption-attachment-24412\" style=\"width: 1024px\" class=\"wp-caption alignnone\"><a href=\"http:\/\/www.cebb.org.br\/wp-content\/uploads\/2015\/10\/Arquivos-Variados-Lama-ano-2003-1103.jpg\"><img loading=\"lazy\" decoding=\"async\" class=\"wp-image-24412 size-large\" title=\"Sede do CEBB no bairro Menino Deus, Porto Alegre, 2003\" src=\"https:\/\/cebb.org.br\/wp-content\/uploads\/2015\/10\/Arquivos-Variados-Lama-ano-2003-1103-1024x768.jpg\" alt=\"\" width=\"1024\" height=\"768\" srcset=\"https:\/\/cebb.org.br\/wp-content\/uploads\/2015\/10\/Arquivos-Variados-Lama-ano-2003-1103-1024x768.jpg 1024w, https:\/\/cebb.org.br\/wp-content\/uploads\/2015\/10\/Arquivos-Variados-Lama-ano-2003-1103-300x225.jpg 300w, https:\/\/cebb.org.br\/wp-content\/uploads\/2015\/10\/Arquivos-Variados-Lama-ano-2003-1103-768x576.jpg 768w, https:\/\/cebb.org.br\/wp-content\/uploads\/2015\/10\/Arquivos-Variados-Lama-ano-2003-1103-1536x1152.jpg 1536w, https:\/\/cebb.org.br\/wp-content\/uploads\/2015\/10\/Arquivos-Variados-Lama-ano-2003-1103.jpg 1632w\" sizes=\"(max-width: 1024px) 100vw, 1024px\" \/><\/a><figcaption id=\"caption-attachment-24412\" class=\"wp-caption-text\">Sede do CEBB no bairro Menino Deus, Porto Alegre, 2003<\/figcaption><\/figure>\n<figure id=\"attachment_24191\" aria-describedby=\"caption-attachment-24191\" style=\"width: 1024px\" class=\"wp-caption alignnone\"><a href=\"http:\/\/www.cebb.org.br\/wp-content\/uploads\/2015\/10\/retirocm2001-14.jpg\"><img loading=\"lazy\" decoding=\"async\" class=\"wp-image-24191 size-large\" title=\"Retiro no CEBB Caminho do Meio, 2001\" src=\"https:\/\/cebb.org.br\/wp-content\/uploads\/2015\/10\/retirocm2001-14-1024x703.jpg\" alt=\"\" width=\"1024\" height=\"703\" srcset=\"https:\/\/cebb.org.br\/wp-content\/uploads\/2015\/10\/retirocm2001-14-1024x703.jpg 1024w, https:\/\/cebb.org.br\/wp-content\/uploads\/2015\/10\/retirocm2001-14-300x206.jpg 300w, https:\/\/cebb.org.br\/wp-content\/uploads\/2015\/10\/retirocm2001-14-768x527.jpg 768w, https:\/\/cebb.org.br\/wp-content\/uploads\/2015\/10\/retirocm2001-14.jpg 1071w\" sizes=\"(max-width: 1024px) 100vw, 1024px\" \/><\/a><figcaption id=\"caption-attachment-24191\" class=\"wp-caption-text\">Retiro no CEBB Caminho do Meio, 2001<\/figcaption><\/figure>\n<p>Foi a primeira Aldeia CEBB a surgir e ainda \u00e9 a maior delas em n\u00famero de pessoas. Atualmente l\u00e1 residem 90 adultos e mais de 30 crian\u00e7as.<br \/>\n<a href=\"http:\/\/www.cebb.org.br\/wp-content\/uploads\/2015\/10\/6726830807_86fcce84cf_b1.jpg\"><img loading=\"lazy\" decoding=\"async\" class=\"alignnone wp-image-24189 size-thumbnail\" title=\"CEBB Caminho do Meio\" src=\"https:\/\/cebb.org.br\/wp-content\/uploads\/2015\/10\/6726830807_86fcce84cf_b1-169x169.jpg\" alt=\"\" width=\"169\" height=\"169\" srcset=\"https:\/\/cebb.org.br\/wp-content\/uploads\/2015\/10\/6726830807_86fcce84cf_b1-169x169.jpg 169w, https:\/\/cebb.org.br\/wp-content\/uploads\/2015\/10\/6726830807_86fcce84cf_b1-75x75.jpg 75w\" sizes=\"(max-width: 169px) 100vw, 169px\" \/><\/a><br \/>\n<a href=\"http:\/\/www.cebb.org.br\/wp-content\/uploads\/2015\/10\/11044499_806097369465664_5711505380576579916_n.jpg\"><img loading=\"lazy\" decoding=\"async\" class=\"alignnone wp-image-24187 size-thumbnail\" title=\"CEBB Caminho do Meio\" src=\"https:\/\/cebb.org.br\/wp-content\/uploads\/2015\/10\/11044499_806097369465664_5711505380576579916_n-169x169.jpg\" alt=\"\" width=\"169\" height=\"169\" srcset=\"https:\/\/cebb.org.br\/wp-content\/uploads\/2015\/10\/11044499_806097369465664_5711505380576579916_n-169x169.jpg 169w, https:\/\/cebb.org.br\/wp-content\/uploads\/2015\/10\/11044499_806097369465664_5711505380576579916_n-75x75.jpg 75w\" sizes=\"(max-width: 169px) 100vw, 169px\" \/><\/a><br \/>\n\u00c9 onde est\u00e1 instalada a <a href=\"http:\/\/mandalaescola.org\/\"><strong>Escola do Caminho do Meio<\/strong><\/a>, que atua sob a coordena\u00e7\u00e3o do <a href=\"http:\/\/institutocaminhodomeio.org.br\/\"><strong>Instituto Caminho do Meio<\/strong><\/a> e recebe 55 crian\u00e7as desde 1 ano de idade. Atualmente estamos no nosso s\u00e9timo ano, sempre ampliando uma turma nova a cada ano. Os pr\u00e9dios da escola foram constru\u00eddos com apoio da Sanga e de amigos de todo o pa\u00eds que tamb\u00e9m sustentam parcialmente suas atividades regulares.<\/p>\n<figure id=\"attachment_24080\" aria-describedby=\"caption-attachment-24080\" style=\"width: 169px\" class=\"wp-caption alignnone\"><a href=\"http:\/\/www.cebb.org.br\/wp-content\/uploads\/2015\/10\/11071502_871440792931321_3588487960874796460_n1.jpg\"><img loading=\"lazy\" decoding=\"async\" class=\"wp-image-24080 size-thumbnail\" title=\"Escola Caminho do Meio | Festa Julina 2015\" src=\"https:\/\/cebb.org.br\/wp-content\/uploads\/2015\/10\/11071502_871440792931321_3588487960874796460_n1-169x169.jpg\" alt=\"\" width=\"169\" height=\"169\" srcset=\"https:\/\/cebb.org.br\/wp-content\/uploads\/2015\/10\/11071502_871440792931321_3588487960874796460_n1-169x169.jpg 169w, https:\/\/cebb.org.br\/wp-content\/uploads\/2015\/10\/11071502_871440792931321_3588487960874796460_n1-75x75.jpg 75w\" sizes=\"(max-width: 169px) 100vw, 169px\" \/><\/a><figcaption id=\"caption-attachment-24080\" class=\"wp-caption-text\">Festa Julina 2015 na Escola Caminho do Meio<\/figcaption><\/figure>\n<p><a href=\"http:\/\/www.cebb.org.br\/wp-content\/uploads\/2015\/10\/11082307_821446994597368_7195325876961830635_o1.jpg\"><img loading=\"lazy\" decoding=\"async\" class=\"alignnone wp-image-24078 size-large\" title=\"Escola Caminho do Meio \" src=\"https:\/\/cebb.org.br\/wp-content\/uploads\/2015\/10\/11082307_821446994597368_7195325876961830635_o1-1024x768.jpg\" alt=\"\" width=\"1024\" height=\"768\" srcset=\"https:\/\/cebb.org.br\/wp-content\/uploads\/2015\/10\/11082307_821446994597368_7195325876961830635_o1-1024x768.jpg 1024w, https:\/\/cebb.org.br\/wp-content\/uploads\/2015\/10\/11082307_821446994597368_7195325876961830635_o1-300x225.jpg 300w, https:\/\/cebb.org.br\/wp-content\/uploads\/2015\/10\/11082307_821446994597368_7195325876961830635_o1-768x576.jpg 768w, https:\/\/cebb.org.br\/wp-content\/uploads\/2015\/10\/11082307_821446994597368_7195325876961830635_o1.jpg 1280w\" sizes=\"(max-width: 1024px) 100vw, 1024px\" \/><\/a><br \/>\n<a href=\"http:\/\/www.cebb.org.br\/wp-content\/uploads\/2015\/10\/11427838_858024764272924_5973646122723306139_o.jpg\"><img loading=\"lazy\" decoding=\"async\" class=\"alignnone wp-image-24188 size-large\" title=\"Escola Caminho do Meio\" src=\"https:\/\/cebb.org.br\/wp-content\/uploads\/2015\/10\/11427838_858024764272924_5973646122723306139_o-1024x768.jpg\" alt=\"\" width=\"1024\" height=\"768\" srcset=\"https:\/\/cebb.org.br\/wp-content\/uploads\/2015\/10\/11427838_858024764272924_5973646122723306139_o-1024x768.jpg 1024w, https:\/\/cebb.org.br\/wp-content\/uploads\/2015\/10\/11427838_858024764272924_5973646122723306139_o-300x225.jpg 300w, https:\/\/cebb.org.br\/wp-content\/uploads\/2015\/10\/11427838_858024764272924_5973646122723306139_o-768x576.jpg 768w, https:\/\/cebb.org.br\/wp-content\/uploads\/2015\/10\/11427838_858024764272924_5973646122723306139_o-1536x1152.jpg 1536w, https:\/\/cebb.org.br\/wp-content\/uploads\/2015\/10\/11427838_858024764272924_5973646122723306139_o.jpg 2048w\" sizes=\"(max-width: 1024px) 100vw, 1024px\" \/><\/a><br \/>\nO Instituto Caminho do Meio mant\u00e9m ainda o <a href=\"http:\/\/mandalaescola.org\/cedin\/\"><strong>CEDIN, Centro de Desenvolvimento Infantil<\/strong><\/a>, com 35 crian\u00e7as desde 1 ano de idade, em sua maioria residentes na comunidade do Castelinho (500 fam\u00edlias), vizinha do CEBB Caminho do Meio, e surgida de uma invas\u00e3o.<br \/>\n<a href=\"http:\/\/www.cebb.org.br\/wp-content\/uploads\/2015\/10\/DSC00889.jpg\"><img loading=\"lazy\" decoding=\"async\" class=\"alignnone wp-image-24183 size-large\" title=\"Lama no CEDIN\" src=\"https:\/\/cebb.org.br\/wp-content\/uploads\/2015\/10\/DSC00889-1024x768.jpg\" alt=\"\" width=\"1024\" height=\"768\" srcset=\"https:\/\/cebb.org.br\/wp-content\/uploads\/2015\/10\/DSC00889-1024x768.jpg 1024w, https:\/\/cebb.org.br\/wp-content\/uploads\/2015\/10\/DSC00889-300x225.jpg 300w, https:\/\/cebb.org.br\/wp-content\/uploads\/2015\/10\/DSC00889-768x576.jpg 768w, https:\/\/cebb.org.br\/wp-content\/uploads\/2015\/10\/DSC00889-1536x1152.jpg 1536w, https:\/\/cebb.org.br\/wp-content\/uploads\/2015\/10\/DSC00889-2048x1536.jpg 2048w\" sizes=\"(max-width: 1024px) 100vw, 1024px\" \/><\/a><br \/>\n<a href=\"http:\/\/www.cebb.org.br\/wp-content\/uploads\/2015\/10\/DSC00891.jpg\"><img loading=\"lazy\" decoding=\"async\" class=\"alignnone wp-image-24184 size-large\" title=\"Lama no CEDIN\" src=\"https:\/\/cebb.org.br\/wp-content\/uploads\/2015\/10\/DSC00891-1024x768.jpg\" alt=\"\" width=\"1024\" height=\"768\" srcset=\"https:\/\/cebb.org.br\/wp-content\/uploads\/2015\/10\/DSC00891-1024x768.jpg 1024w, https:\/\/cebb.org.br\/wp-content\/uploads\/2015\/10\/DSC00891-300x225.jpg 300w, https:\/\/cebb.org.br\/wp-content\/uploads\/2015\/10\/DSC00891-768x576.jpg 768w, https:\/\/cebb.org.br\/wp-content\/uploads\/2015\/10\/DSC00891-1536x1152.jpg 1536w, https:\/\/cebb.org.br\/wp-content\/uploads\/2015\/10\/DSC00891-2048x1536.jpg 2048w\" sizes=\"(max-width: 1024px) 100vw, 1024px\" \/><\/a><br \/>\n<a href=\"http:\/\/www.cebb.org.br\/wp-content\/uploads\/2015\/10\/11099994_964793360220614_8742730217899565333_n.jpg\"><img loading=\"lazy\" decoding=\"async\" class=\"alignnone wp-image-24081 size-thumbnail\" title=\"CEDIN\" src=\"https:\/\/cebb.org.br\/wp-content\/uploads\/2015\/10\/11099994_964793360220614_8742730217899565333_n-169x169.jpg\" alt=\"\" width=\"169\" height=\"169\" srcset=\"https:\/\/cebb.org.br\/wp-content\/uploads\/2015\/10\/11099994_964793360220614_8742730217899565333_n-169x169.jpg 169w, https:\/\/cebb.org.br\/wp-content\/uploads\/2015\/10\/11099994_964793360220614_8742730217899565333_n-75x75.jpg 75w\" sizes=\"(max-width: 169px) 100vw, 169px\" \/><\/a><br \/>\nA Aldeia CEBB Caminho do Meio evoluiu paulatinamente de uma \u00e1rea inicial de 4 ha para 12 ha. Atualmente, h\u00e1 pr\u00e1ticas di\u00e1rias pela manh\u00e3 e noite e tamb\u00e9m v\u00e1rias op\u00e7\u00f5es de estudos regulares, retiros de ensinamentos, e retiros de aprofundamento da pr\u00e1tica, coletivos e individuais. H\u00e1 eventos especiais a cada ano, como o retiro de 1 a 8 de dezembro, os retiros de inverno e ver\u00e3o, os ensinamentos anuais do professor Alan Wallace, as atividades culturais e inter-religiosas de 108 Horas de Paz, que se d\u00e3o de 27 de dezembro a 01 de janeiro a cada ano desde o ano 2000. Temos cozinha e refeit\u00f3rio funcionando diariamente e uma boa capacidade de receber visitantes durante os per\u00edodos de atividade.<\/p>\n<figure id=\"attachment_24216\" aria-describedby=\"caption-attachment-24216\" style=\"width: 169px\" class=\"wp-caption alignnone\"><a href=\"http:\/\/www.cebb.org.br\/wp-content\/uploads\/2015\/10\/45915_1481933021969_3134280_n.jpg\"><img loading=\"lazy\" decoding=\"async\" class=\"wp-image-24216 size-thumbnail\" title=\"Retiro de Ver\u00e3o 2007 | CEBB Caminho do Meio\" src=\"https:\/\/cebb.org.br\/wp-content\/uploads\/2015\/10\/45915_1481933021969_3134280_n-169x169.jpg\" alt=\"\" width=\"169\" height=\"169\" srcset=\"https:\/\/cebb.org.br\/wp-content\/uploads\/2015\/10\/45915_1481933021969_3134280_n-169x169.jpg 169w, https:\/\/cebb.org.br\/wp-content\/uploads\/2015\/10\/45915_1481933021969_3134280_n-75x75.jpg 75w\" sizes=\"(max-width: 169px) 100vw, 169px\" \/><\/a><figcaption id=\"caption-attachment-24216\" class=\"wp-caption-text\">Retiro de Ver\u00e3o 2007<\/figcaption><\/figure>\n<figure id=\"attachment_24193\" aria-describedby=\"caption-attachment-24193\" style=\"width: 1024px\" class=\"wp-caption alignnone\"><a href=\"http:\/\/www.cebb.org.br\/wp-content\/uploads\/2015\/10\/8361521781_f25ea65a55_o.jpg\"><img loading=\"lazy\" decoding=\"async\" class=\"wp-image-24193 size-large\" title=\"Hasteamento das bandeiras do Prajnaparamita | CEBB Caminho do Meio\" src=\"https:\/\/cebb.org.br\/wp-content\/uploads\/2015\/10\/8361521781_f25ea65a55_o-1024x683.jpg\" alt=\"\" width=\"1024\" height=\"683\" srcset=\"https:\/\/cebb.org.br\/wp-content\/uploads\/2015\/10\/8361521781_f25ea65a55_o-1024x683.jpg 1024w, https:\/\/cebb.org.br\/wp-content\/uploads\/2015\/10\/8361521781_f25ea65a55_o-300x200.jpg 300w, https:\/\/cebb.org.br\/wp-content\/uploads\/2015\/10\/8361521781_f25ea65a55_o-768x512.jpg 768w, https:\/\/cebb.org.br\/wp-content\/uploads\/2015\/10\/8361521781_f25ea65a55_o-1536x1025.jpg 1536w, https:\/\/cebb.org.br\/wp-content\/uploads\/2015\/10\/8361521781_f25ea65a55_o-2048x1366.jpg 2048w, https:\/\/cebb.org.br\/wp-content\/uploads\/2015\/10\/8361521781_f25ea65a55_o-514x342.jpg 514w\" sizes=\"(max-width: 1024px) 100vw, 1024px\" \/><\/a><figcaption id=\"caption-attachment-24193\" class=\"wp-caption-text\">Hasteamento das bandeiras do Prajnaparamita, que ocorre ao fim do Retiro da Ilumina\u00e7\u00e3o do Buda, todos os anos, de 1 a 8 de dezembro.<\/figcaption><\/figure>\n<figure id=\"attachment_24194\" aria-describedby=\"caption-attachment-24194\" style=\"width: 1024px\" class=\"wp-caption alignnone\"><a href=\"http:\/\/www.cebb.org.br\/wp-content\/uploads\/2015\/10\/16065761674_aedd0050ac_k.jpg\"><img loading=\"lazy\" decoding=\"async\" class=\"wp-image-24194 size-large\" title=\"Retiro com professor Alan Wallace 2015 | CEBB Caminho do Meio\" src=\"https:\/\/cebb.org.br\/wp-content\/uploads\/2015\/10\/16065761674_aedd0050ac_k-1024x683.jpg\" alt=\"\" width=\"1024\" height=\"683\" srcset=\"https:\/\/cebb.org.br\/wp-content\/uploads\/2015\/10\/16065761674_aedd0050ac_k-1024x683.jpg 1024w, https:\/\/cebb.org.br\/wp-content\/uploads\/2015\/10\/16065761674_aedd0050ac_k-300x200.jpg 300w, https:\/\/cebb.org.br\/wp-content\/uploads\/2015\/10\/16065761674_aedd0050ac_k-768x512.jpg 768w, https:\/\/cebb.org.br\/wp-content\/uploads\/2015\/10\/16065761674_aedd0050ac_k-1536x1024.jpg 1536w, https:\/\/cebb.org.br\/wp-content\/uploads\/2015\/10\/16065761674_aedd0050ac_k-514x342.jpg 514w, https:\/\/cebb.org.br\/wp-content\/uploads\/2015\/10\/16065761674_aedd0050ac_k.jpg 2048w\" sizes=\"(max-width: 1024px) 100vw, 1024px\" \/><\/a><figcaption id=\"caption-attachment-24194\" class=\"wp-caption-text\">Retiro com professor Alan Wallace 2015, Ioga dos Sonhos<\/figcaption><\/figure>\n<figure id=\"attachment_24195\" aria-describedby=\"caption-attachment-24195\" style=\"width: 169px\" class=\"wp-caption alignnone\"><a href=\"http:\/\/www.cebb.org.br\/wp-content\/uploads\/2015\/10\/6726857077_f82ffb70d7_b.jpg\"><img loading=\"lazy\" decoding=\"async\" class=\"wp-image-24195 size-thumbnail\" title=\"Di\u00e1logo entre professores budistas | CEBB Caminho do Meio\" src=\"https:\/\/cebb.org.br\/wp-content\/uploads\/2015\/10\/6726857077_f82ffb70d7_b-169x169.jpg\" alt=\"\" width=\"169\" height=\"169\" srcset=\"https:\/\/cebb.org.br\/wp-content\/uploads\/2015\/10\/6726857077_f82ffb70d7_b-169x169.jpg 169w, https:\/\/cebb.org.br\/wp-content\/uploads\/2015\/10\/6726857077_f82ffb70d7_b-75x75.jpg 75w\" sizes=\"(max-width: 169px) 100vw, 169px\" \/><\/a><figcaption id=\"caption-attachment-24195\" class=\"wp-caption-text\">Di\u00e1logo entre professores de Budismo, logo ap\u00f3s o retiro com professor Alan Wallace, em 2012.<\/figcaption><\/figure>\n<figure id=\"attachment_24196\" aria-describedby=\"caption-attachment-24196\" style=\"width: 169px\" class=\"wp-caption alignnone\"><a href=\"http:\/\/www.cebb.org.br\/wp-content\/uploads\/2015\/10\/10885099_897861953581461_7986065892920576356_n.jpg\"><img loading=\"lazy\" decoding=\"async\" class=\"wp-image-24196 size-thumbnail\" title=\"108 Horas de Paz 2014 | CEBB Caminho do Meio\" src=\"https:\/\/cebb.org.br\/wp-content\/uploads\/2015\/10\/10885099_897861953581461_7986065892920576356_n-169x169.jpg\" alt=\"\" width=\"169\" height=\"169\" srcset=\"https:\/\/cebb.org.br\/wp-content\/uploads\/2015\/10\/10885099_897861953581461_7986065892920576356_n-169x169.jpg 169w, https:\/\/cebb.org.br\/wp-content\/uploads\/2015\/10\/10885099_897861953581461_7986065892920576356_n-75x75.jpg 75w\" sizes=\"(max-width: 169px) 100vw, 169px\" \/><\/a><figcaption id=\"caption-attachment-24196\" class=\"wp-caption-text\">Di\u00e1logo Inter-Religioso durante o 108 Horas de Paz de 2014<\/figcaption><\/figure>\n<figure id=\"attachment_24096\" aria-describedby=\"caption-attachment-24096\" style=\"width: 1024px\" class=\"wp-caption alignnone\"><a href=\"http:\/\/www.cebb.org.br\/wp-content\/uploads\/2015\/10\/IMG_6331.jpg\"><img loading=\"lazy\" decoding=\"async\" class=\"wp-image-24096 size-large\" title=\"Encontro de Facilitadores do CEBB | CEBB Caminho do Meio\" src=\"https:\/\/cebb.org.br\/wp-content\/uploads\/2015\/10\/IMG_6331-1024x768.jpg\" alt=\"\" width=\"1024\" height=\"768\" srcset=\"https:\/\/cebb.org.br\/wp-content\/uploads\/2015\/10\/IMG_6331-1024x768.jpg 1024w, https:\/\/cebb.org.br\/wp-content\/uploads\/2015\/10\/IMG_6331-300x225.jpg 300w, https:\/\/cebb.org.br\/wp-content\/uploads\/2015\/10\/IMG_6331-768x576.jpg 768w, https:\/\/cebb.org.br\/wp-content\/uploads\/2015\/10\/IMG_6331-1536x1152.jpg 1536w, https:\/\/cebb.org.br\/wp-content\/uploads\/2015\/10\/IMG_6331-2048x1536.jpg 2048w\" sizes=\"(max-width: 1024px) 100vw, 1024px\" \/><\/a><figcaption id=\"caption-attachment-24096\" class=\"wp-caption-text\">Encontro Nacional de Facilitadores do CEBB 2014<\/figcaption><\/figure>\n<figure id=\"attachment_24215\" aria-describedby=\"caption-attachment-24215\" style=\"width: 1024px\" class=\"wp-caption alignnone\"><a href=\"http:\/\/www.cebb.org.br\/wp-content\/uploads\/2015\/10\/11423842_993911613976494_8912438630403984319_o1.jpg\"><img loading=\"lazy\" decoding=\"async\" class=\"wp-image-24215 size-large\" title=\"Oficina de cozinha e medita\u00e7\u00e3o | CEBB Caminho do Meio\" src=\"https:\/\/cebb.org.br\/wp-content\/uploads\/2015\/10\/11423842_993911613976494_8912438630403984319_o1-1024x768.jpg\" alt=\"\" width=\"1024\" height=\"768\" srcset=\"https:\/\/cebb.org.br\/wp-content\/uploads\/2015\/10\/11423842_993911613976494_8912438630403984319_o1-1024x768.jpg 1024w, https:\/\/cebb.org.br\/wp-content\/uploads\/2015\/10\/11423842_993911613976494_8912438630403984319_o1-300x225.jpg 300w, https:\/\/cebb.org.br\/wp-content\/uploads\/2015\/10\/11423842_993911613976494_8912438630403984319_o1-768x576.jpg 768w, https:\/\/cebb.org.br\/wp-content\/uploads\/2015\/10\/11423842_993911613976494_8912438630403984319_o1-1536x1152.jpg 1536w, https:\/\/cebb.org.br\/wp-content\/uploads\/2015\/10\/11423842_993911613976494_8912438630403984319_o1.jpg 2048w\" sizes=\"(max-width: 1024px) 100vw, 1024px\" \/><\/a><figcaption id=\"caption-attachment-24215\" class=\"wp-caption-text\">Oficina de cozinha e medita\u00e7\u00e3o<\/figcaption><\/figure>\n<figure id=\"attachment_24212\" aria-describedby=\"caption-attachment-24212\" style=\"width: 169px\" class=\"wp-caption alignnone\"><a href=\"http:\/\/www.cebb.org.br\/wp-content\/uploads\/2015\/10\/322143_2163674985092_5359446_o.jpg\"><img loading=\"lazy\" decoding=\"async\" class=\"wp-image-24212 size-thumbnail\" title=\"108 Horas de Paz 2006 | CEBB Caminho do Meio\" src=\"https:\/\/cebb.org.br\/wp-content\/uploads\/2015\/10\/322143_2163674985092_5359446_o-169x169.jpg\" alt=\"\" width=\"169\" height=\"169\" srcset=\"https:\/\/cebb.org.br\/wp-content\/uploads\/2015\/10\/322143_2163674985092_5359446_o-169x169.jpg 169w, https:\/\/cebb.org.br\/wp-content\/uploads\/2015\/10\/322143_2163674985092_5359446_o-75x75.jpg 75w\" sizes=\"(max-width: 169px) 100vw, 169px\" \/><\/a><figcaption id=\"caption-attachment-24212\" class=\"wp-caption-text\">108 Horas de Paz 2006, no templo do CEBB Caminho do Meio antes de receber sua pintura.<\/figcaption><\/figure>\n<p>Estamos nos organizando para lan\u00e7ar um programa\u00a0 nacional de forma\u00e7\u00e3o de facilitadores, que inclui per\u00edodos em retiros semi-abertos e fechados. Recentemente ampliamos nossa \u00e1rea e estamos desenvolvendo um centro de retiros no <a href=\"https:\/\/cebb.org.br\/fr\/centros\/rs\/jetavana\/\"><strong>CEBB Jetavana<\/strong><\/a>, na estrada do Josaf\u00e1, regi\u00e3o dos Canyons do RS. \u00c9 uma \u00e1rea (180 ha) de mata atl\u00e2ntica antiga, com muitas arauc\u00e1rias e flora e fauna diversificadas que incluem esp\u00e9cies raras e em extin\u00e7\u00e3o como veados e pumas. Nosso objetivo \u00e9 manter a \u00e1rea intocada, totalmente preservada, onde nossa presen\u00e7a ser\u00e1 na forma dos praticantes em retiro, biblioteca, documenta\u00e7\u00e3o, estudos, pr\u00e1ticas de contempla\u00e7\u00e3o silenciosa da natureza e forma\u00e7\u00e3o de tutores e facilitadores.<\/p>\n<figure id=\"attachment_24083\" aria-describedby=\"caption-attachment-24083\" style=\"width: 169px\" class=\"wp-caption alignnone\"><a href=\"http:\/\/www.cebb.org.br\/wp-content\/uploads\/2015\/10\/17146056789_6cba53f48d_b.jpg\"><img loading=\"lazy\" decoding=\"async\" class=\"wp-image-24083 size-thumbnail\" title=\"CEBB Jetavana\" src=\"https:\/\/cebb.org.br\/wp-content\/uploads\/2015\/10\/17146056789_6cba53f48d_b-169x169.jpg\" alt=\"\" width=\"169\" height=\"169\" srcset=\"https:\/\/cebb.org.br\/wp-content\/uploads\/2015\/10\/17146056789_6cba53f48d_b-169x169.jpg 169w, https:\/\/cebb.org.br\/wp-content\/uploads\/2015\/10\/17146056789_6cba53f48d_b-75x75.jpg 75w\" sizes=\"(max-width: 169px) 100vw, 169px\" \/><\/a><figcaption id=\"caption-attachment-24083\" class=\"wp-caption-text\">Visita em sanga ao CEBB Jetavana | 27\/01\/2015<\/figcaption><\/figure>\n<p><a href=\"http:\/\/www.cebb.org.br\/wp-content\/uploads\/2015\/10\/17144524518_374d8254fb_k.jpg\"><img loading=\"lazy\" decoding=\"async\" class=\"alignnone wp-image-24082 size-large\" title=\"Lama Samten no CEBB Jetavana \" src=\"https:\/\/cebb.org.br\/wp-content\/uploads\/2015\/10\/17144524518_374d8254fb_k-1024x768.jpg\" alt=\"\" width=\"1024\" height=\"768\" srcset=\"https:\/\/cebb.org.br\/wp-content\/uploads\/2015\/10\/17144524518_374d8254fb_k-1024x768.jpg 1024w, https:\/\/cebb.org.br\/wp-content\/uploads\/2015\/10\/17144524518_374d8254fb_k-300x225.jpg 300w, https:\/\/cebb.org.br\/wp-content\/uploads\/2015\/10\/17144524518_374d8254fb_k-768x576.jpg 768w, https:\/\/cebb.org.br\/wp-content\/uploads\/2015\/10\/17144524518_374d8254fb_k-1536x1152.jpg 1536w, https:\/\/cebb.org.br\/wp-content\/uploads\/2015\/10\/17144524518_374d8254fb_k.jpg 2048w\" sizes=\"(max-width: 1024px) 100vw, 1024px\" \/><\/a> \u00a0 <a href=\"http:\/\/www.cebb.org.br\/wp-content\/uploads\/2015\/10\/16712049633_99c7b37403_b.jpg\"><img loading=\"lazy\" decoding=\"async\" class=\"alignnone wp-image-24090 size-thumbnail\" title=\"CEBB Jetavana\" src=\"https:\/\/cebb.org.br\/wp-content\/uploads\/2015\/10\/16712049633_99c7b37403_b-169x169.jpg\" alt=\"\" width=\"169\" height=\"169\" srcset=\"https:\/\/cebb.org.br\/wp-content\/uploads\/2015\/10\/16712049633_99c7b37403_b-169x169.jpg 169w, https:\/\/cebb.org.br\/wp-content\/uploads\/2015\/10\/16712049633_99c7b37403_b-75x75.jpg 75w\" sizes=\"(max-width: 169px) 100vw, 169px\" \/><\/a><br \/>\nAmpliamos tamb\u00e9m nossa a\u00e7\u00e3o atrav\u00e9s do recente desenvolvimento do <strong><a href=\"https:\/\/cebb.org.br\/fr\/novo-cebb-rural-proximo-a-lagoa-do-bacopari-no-rs\/\">CEBB Bacopari<\/a><\/strong>, junto a lagoa do Bacopari em Mostardas\/RS. \u00c9 uma \u00e1rea plana de 4 ha, em uma regi\u00e3o de baixa presen\u00e7a populacional, litor\u00e2nea de pampa, com \u00e1gua doce abundante e onde se pode caminhar por dias e meditar na natureza selvagem em isolamento.<br \/>\n<a href=\"http:\/\/www.cebb.org.br\/wp-content\/uploads\/2015\/10\/DSC_0345.jpg\"><img loading=\"lazy\" decoding=\"async\" class=\"alignnone wp-image-24143 size-large\" title=\"Lama no Bacopari\" src=\"https:\/\/cebb.org.br\/wp-content\/uploads\/2015\/10\/DSC_0345-1024x768.jpg\" alt=\"\" width=\"1024\" height=\"768\" srcset=\"https:\/\/cebb.org.br\/wp-content\/uploads\/2015\/10\/DSC_0345-1024x768.jpg 1024w, https:\/\/cebb.org.br\/wp-content\/uploads\/2015\/10\/DSC_0345-300x225.jpg 300w, https:\/\/cebb.org.br\/wp-content\/uploads\/2015\/10\/DSC_0345-768x576.jpg 768w, https:\/\/cebb.org.br\/wp-content\/uploads\/2015\/10\/DSC_0345-1536x1152.jpg 1536w, https:\/\/cebb.org.br\/wp-content\/uploads\/2015\/10\/DSC_0345-2048x1536.jpg 2048w\" sizes=\"(max-width: 1024px) 100vw, 1024px\" \/><\/a><br \/>\n<a href=\"http:\/\/www.cebb.org.br\/wp-content\/uploads\/2015\/10\/received_10204668082076643-620x348.jpeg\"><img loading=\"lazy\" decoding=\"async\" class=\"alignnone wp-image-24086 size-full\" title=\"Bacopari\" src=\"https:\/\/cebb.org.br\/wp-content\/uploads\/2015\/10\/received_10204668082076643-620x348-1.jpeg\" alt=\"\" width=\"620\" height=\"348\" srcset=\"https:\/\/cebb.org.br\/wp-content\/uploads\/2015\/10\/received_10204668082076643-620x348-1.jpeg 620w, https:\/\/cebb.org.br\/wp-content\/uploads\/2015\/10\/received_10204668082076643-620x348-1-300x168.jpeg 300w\" sizes=\"(max-width: 620px) 100vw, 620px\" \/><\/a><\/p>\n<figure id=\"attachment_24085\" aria-describedby=\"caption-attachment-24085\" style=\"width: 1024px\" class=\"wp-caption alignnone\"><a href=\"http:\/\/www.cebb.org.br\/wp-content\/uploads\/2015\/10\/IMG_1084.jpg\"><img loading=\"lazy\" decoding=\"async\" class=\"wp-image-24085 size-large\" title=\"Bacopari\" src=\"https:\/\/cebb.org.br\/wp-content\/uploads\/2015\/10\/IMG_1084-1024x790.jpg\" alt=\"\" width=\"1024\" height=\"790\" srcset=\"https:\/\/cebb.org.br\/wp-content\/uploads\/2015\/10\/IMG_1084-1024x790.jpg 1024w, https:\/\/cebb.org.br\/wp-content\/uploads\/2015\/10\/IMG_1084-300x231.jpg 300w, https:\/\/cebb.org.br\/wp-content\/uploads\/2015\/10\/IMG_1084-768x592.jpg 768w, https:\/\/cebb.org.br\/wp-content\/uploads\/2015\/10\/IMG_1084-1536x1185.jpg 1536w, https:\/\/cebb.org.br\/wp-content\/uploads\/2015\/10\/IMG_1084-2048x1579.jpg 2048w\" sizes=\"(max-width: 1024px) 100vw, 1024px\" \/><\/a><figcaption id=\"caption-attachment-24085\" class=\"wp-caption-text\">Visita em sanga ao Bacopari | Fevereiro de 2015<\/figcaption><\/figure>\n<p>Temos vizinhos amigos que nos ajudam diretamente. Neste momento, estamos nos organizando e melhorando a casa sede, construindo telhado verde, reservat\u00f3rio de \u00e1gua, etc. Em janeiro esperamos poder receber tamb\u00e9m as crian\u00e7as da comunidade e da escola e suas fam\u00edlias em programas espec\u00edficos junto \u00e0 natureza. Em breve teremos tamb\u00e9m tutores residentes, pr\u00e1ticas di\u00e1rias, estudos e retiros nessa \u00e1rea, que parece muito apropriada para receber pessoas em retiros de dura\u00e7\u00e3o curta e m\u00e9dia (at\u00e9 seis meses). Estamos estudando a ecologia da regi\u00e3o e esperamos poder estabelecer projetos agroecol\u00f3gicos e florestais, usando nosso movimento tamb\u00e9m como \u00e1rea de expans\u00e3o das atividades dos jovens e das crian\u00e7as das comunidades e das escolas.<br \/>\nO movimento geral das Aldeias trabalha com o conceito de Terras Puras, onde as melhores qualidades das pessoas de todas as idades podem se desenvolver em harmonia com vis\u00f5es org\u00e2nicas de educa\u00e7\u00e3o, arquitetura, gera\u00e7\u00e3o e uso de energia, sustentabilidade, e presen\u00e7a equilibrada no ambiente natural, tratamento biol\u00f3gico dos efluentes, alimenta\u00e7\u00e3o equilibrada e sa\u00fade, relacionamento e conv\u00edvio. Gerando m\u00e9ritos dessa forma, teremos a base adequada para \u00a0aprofundar nossa a\u00e7\u00e3o na forma dos estudos do Darma do Buda, buscando a supera\u00e7\u00e3o das nossas limita\u00e7\u00f5es e o pleno desenvolvimento do nosso potencial b\u00fadico.<br \/>\nUsamos o m\u00e9todo das mandalas como forma de organiza\u00e7\u00e3o e a energia vinda dos cora\u00e7\u00f5es conectados ao brilho aut\u00f4nomo e incessante dos Budas e suas b\u00ean\u00e7\u00e3os inestim\u00e1veis e ilimitadas.<\/p>\n<figure id=\"attachment_24211\" aria-describedby=\"caption-attachment-24211\" style=\"width: 169px\" class=\"wp-caption alignnone\"><a href=\"http:\/\/www.cebb.org.br\/wp-content\/uploads\/2015\/10\/36881_111084145607774_2759178_n.jpg\"><img loading=\"lazy\" decoding=\"async\" class=\"wp-image-24211 size-thumbnail\" title=\"Encontro de Facilitadores 2009 | Foto de Monique Cabral \" src=\"https:\/\/cebb.org.br\/wp-content\/uploads\/2015\/10\/36881_111084145607774_2759178_n-169x169.jpg\" alt=\"\" width=\"169\" height=\"169\" srcset=\"https:\/\/cebb.org.br\/wp-content\/uploads\/2015\/10\/36881_111084145607774_2759178_n-169x169.jpg 169w, https:\/\/cebb.org.br\/wp-content\/uploads\/2015\/10\/36881_111084145607774_2759178_n-75x75.jpg 75w\" sizes=\"(max-width: 169px) 100vw, 169px\" \/><\/a><figcaption id=\"caption-attachment-24211\" class=\"wp-caption-text\">Encontro de Facilitadores 2009 | Foto de Monique Cabral<\/figcaption><\/figure>\n<figure id=\"attachment_24220\" aria-describedby=\"caption-attachment-24220\" style=\"width: 169px\" class=\"wp-caption alignnone\"><a href=\"http:\/\/www.cebb.org.br\/wp-content\/uploads\/2015\/10\/16709273794_39777c74a9_b.jpg\"><img loading=\"lazy\" decoding=\"async\" class=\"wp-image-24220 size-thumbnail\" title=\"Visita do mestre Kuroda Roshi ao CEBB\" src=\"https:\/\/cebb.org.br\/wp-content\/uploads\/2015\/10\/16709273794_39777c74a9_b-169x169.jpg\" alt=\"\" width=\"169\" height=\"169\" srcset=\"https:\/\/cebb.org.br\/wp-content\/uploads\/2015\/10\/16709273794_39777c74a9_b-169x169.jpg 169w, https:\/\/cebb.org.br\/wp-content\/uploads\/2015\/10\/16709273794_39777c74a9_b-75x75.jpg 75w\" sizes=\"(max-width: 169px) 100vw, 169px\" \/><\/a><figcaption id=\"caption-attachment-24220\" class=\"wp-caption-text\">Visita do mestre Kuroda Roshi ao CEBB<\/figcaption><\/figure>\n<figure id=\"attachment_24422\" aria-describedby=\"caption-attachment-24422\" style=\"width: 169px\" class=\"wp-caption alignnone\"><a href=\"http:\/\/www.cebb.org.br\/wp-content\/uploads\/2015\/10\/4177431659_89aeeff0bb_b.jpg\"><img loading=\"lazy\" decoding=\"async\" class=\"wp-image-24422 size-thumbnail\" title=\"Moriyama Roshi no CEBB Caminho do Meio em 2009\" src=\"https:\/\/cebb.org.br\/wp-content\/uploads\/2015\/10\/4177431659_89aeeff0bb_b-169x169.jpg\" alt=\"\" width=\"169\" height=\"169\" srcset=\"https:\/\/cebb.org.br\/wp-content\/uploads\/2015\/10\/4177431659_89aeeff0bb_b-169x169.jpg 169w, https:\/\/cebb.org.br\/wp-content\/uploads\/2015\/10\/4177431659_89aeeff0bb_b-75x75.jpg 75w\" sizes=\"(max-width: 169px) 100vw, 169px\" \/><\/a><figcaption id=\"caption-attachment-24422\" class=\"wp-caption-text\">Moriyama Roshi no CEBB Caminho do Meio em 2009<\/figcaption><\/figure>\n<p><a style=\"text-align: right;\" href=\"http:\/\/www.cebb.org.br\/wp-content\/uploads\/2015\/10\/998848_608690882539648_508236869_n.jpg\"><img loading=\"lazy\" decoding=\"async\" class=\"alignnone wp-image-24262 size-thumbnail\" title=\"Roda com Crian\u00e7as | CEBB Caminho do Meio\" src=\"https:\/\/cebb.org.br\/wp-content\/uploads\/2015\/10\/998848_608690882539648_508236869_n-169x169.jpg\" alt=\"\" width=\"169\" height=\"169\" srcset=\"https:\/\/cebb.org.br\/wp-content\/uploads\/2015\/10\/998848_608690882539648_508236869_n-169x169.jpg 169w, https:\/\/cebb.org.br\/wp-content\/uploads\/2015\/10\/998848_608690882539648_508236869_n-75x75.jpg 75w\" sizes=\"(max-width: 169px) 100vw, 169px\" \/><\/a><\/p>\n<figure id=\"attachment_24263\" aria-describedby=\"caption-attachment-24263\" style=\"width: 1024px\" class=\"wp-caption alignnone\"><a href=\"http:\/\/www.cebb.org.br\/wp-content\/uploads\/2015\/10\/10156359_1479274108953089_1820280162_o.jpg\"><img loading=\"lazy\" decoding=\"async\" class=\"wp-image-24263 size-large\" title=\"Horta comunit\u00e1ria | CEBB Caminho do Meio\" src=\"https:\/\/cebb.org.br\/wp-content\/uploads\/2015\/10\/10156359_1479274108953089_1820280162_o-1024x576.jpg\" alt=\"\" width=\"1024\" height=\"576\" srcset=\"https:\/\/cebb.org.br\/wp-content\/uploads\/2015\/10\/10156359_1479274108953089_1820280162_o-1024x576.jpg 1024w, https:\/\/cebb.org.br\/wp-content\/uploads\/2015\/10\/10156359_1479274108953089_1820280162_o-300x169.jpg 300w, https:\/\/cebb.org.br\/wp-content\/uploads\/2015\/10\/10156359_1479274108953089_1820280162_o-768x432.jpg 768w, https:\/\/cebb.org.br\/wp-content\/uploads\/2015\/10\/10156359_1479274108953089_1820280162_o-1536x864.jpg 1536w, https:\/\/cebb.org.br\/wp-content\/uploads\/2015\/10\/10156359_1479274108953089_1820280162_o.jpg 1920w\" sizes=\"(max-width: 1024px) 100vw, 1024px\" \/><\/a><figcaption id=\"caption-attachment-24263\" class=\"wp-caption-text\">Viv\u00eancia em agroecologia na horta comunit\u00e1ria<\/figcaption><\/figure>\n<p>O CEBB Caminho do Meio \u00e9 a \u00fanica de nossas Aldeias que recebeu as b\u00ean\u00e7\u00e3os da presen\u00e7a, ensinamentos e inicia\u00e7\u00f5es de Sua Emin\u00eancia Chagdud Rinpoche, que faleceu em 2002 em Tr\u00eas Coroas\/RS.<br \/>\n<a href=\"http:\/\/www.cebb.org.br\/wp-content\/uploads\/2015\/10\/4012564081_8c47c8e258_o.jpg\"><img loading=\"lazy\" decoding=\"async\" class=\"alignnone wp-image-24092 size-thumbnail\" title=\"Chadud Tulku Rinpoche no CEBB Caminho do Meio\" src=\"https:\/\/cebb.org.br\/wp-content\/uploads\/2015\/10\/4012564081_8c47c8e258_o-169x169.jpg\" alt=\"\" width=\"169\" height=\"169\" srcset=\"https:\/\/cebb.org.br\/wp-content\/uploads\/2015\/10\/4012564081_8c47c8e258_o-169x169.jpg 169w, https:\/\/cebb.org.br\/wp-content\/uploads\/2015\/10\/4012564081_8c47c8e258_o-75x75.jpg 75w\" sizes=\"(max-width: 169px) 100vw, 169px\" \/><\/a> <a href=\"http:\/\/www.cebb.org.br\/wp-content\/uploads\/2015\/10\/4013332256_4fa5974320_o.jpg\"><img loading=\"lazy\" decoding=\"async\" class=\"alignnone wp-image-24091 size-large\" title=\"Chadud Tulku Rinpoche no CEBB Caminho do Meio\" src=\"https:\/\/cebb.org.br\/wp-content\/uploads\/2015\/10\/4013332256_4fa5974320_o-1024x686.jpg\" alt=\"\" width=\"1024\" height=\"686\" srcset=\"https:\/\/cebb.org.br\/wp-content\/uploads\/2015\/10\/4013332256_4fa5974320_o-1024x686.jpg 1024w, https:\/\/cebb.org.br\/wp-content\/uploads\/2015\/10\/4013332256_4fa5974320_o-300x201.jpg 300w, https:\/\/cebb.org.br\/wp-content\/uploads\/2015\/10\/4013332256_4fa5974320_o-768x515.jpg 768w, https:\/\/cebb.org.br\/wp-content\/uploads\/2015\/10\/4013332256_4fa5974320_o.jpg 1116w\" sizes=\"(max-width: 1024px) 100vw, 1024px\" \/><\/a><br \/>\n<a href=\"http:\/\/www.cebb.org.br\/wp-content\/uploads\/2015\/10\/4012563333_dd52c8cfa4_o.jpg\"><img loading=\"lazy\" decoding=\"async\" class=\"alignnone wp-image-24093 size-thumbnail\" title=\"Chadud Tulku Rinpoche no CEBB Caminho do Meio\" src=\"https:\/\/cebb.org.br\/wp-content\/uploads\/2015\/10\/4012563333_dd52c8cfa4_o-169x169.jpg\" alt=\"\" width=\"169\" height=\"169\" srcset=\"https:\/\/cebb.org.br\/wp-content\/uploads\/2015\/10\/4012563333_dd52c8cfa4_o-169x169.jpg 169w, https:\/\/cebb.org.br\/wp-content\/uploads\/2015\/10\/4012563333_dd52c8cfa4_o-75x75.jpg 75w\" sizes=\"(max-width: 169px) 100vw, 169px\" \/><\/a><br \/>\nO CEBB Porto Alegre teve a felicidade de organizar a primeira vinda de Chagdud Rinpoche a Porto Alegre, no ano de 1993. Na ocasi\u00e3o, sua emin\u00eancia deu inicia\u00e7\u00f5es e ensinamentos e fundou o <em>Chagdud Gonpa,<\/em> que operou inicialmente na mesma sede do CEBB em Porto Alegre. O CEBB participou diretamente de todos os movimentos que resultaram na instala\u00e7\u00e3o de Chagdud Rinpoche no RS.<\/p>\n<figure id=\"attachment_24095\" aria-describedby=\"caption-attachment-24095\" style=\"width: 1024px\" class=\"wp-caption alignnone\"><a href=\"http:\/\/www.cebb.org.br\/wp-content\/uploads\/2015\/10\/8446845645_1751c30226_o.jpg\"><img loading=\"lazy\" decoding=\"async\" class=\"wp-image-24095 size-large\" title=\"Chagdud Tulku Rinpoche no CEBB Porto Alegre\" src=\"https:\/\/cebb.org.br\/wp-content\/uploads\/2015\/10\/8446845645_1751c30226_o-1024x758.jpg\" alt=\"\" width=\"1024\" height=\"758\" srcset=\"https:\/\/cebb.org.br\/wp-content\/uploads\/2015\/10\/8446845645_1751c30226_o-1024x758.jpg 1024w, https:\/\/cebb.org.br\/wp-content\/uploads\/2015\/10\/8446845645_1751c30226_o-300x222.jpg 300w, https:\/\/cebb.org.br\/wp-content\/uploads\/2015\/10\/8446845645_1751c30226_o-768x569.jpg 768w, https:\/\/cebb.org.br\/wp-content\/uploads\/2015\/10\/8446845645_1751c30226_o.jpg 1418w\" sizes=\"(max-width: 1024px) 100vw, 1024px\" \/><\/a><figcaption id=\"caption-attachment-24095\" class=\"wp-caption-text\">Chagdud Tulku Rinpoche na sede do CEBB no Menino Deus, em Porto Alegre.<\/figcaption><\/figure>\n<p>H\u00e1 sempre uma forma para voc\u00ea tamb\u00e9m aproximar-se desse movimento e realiza\u00e7\u00f5es. Reze pela Sanga como um todo. Aspire que todos tenham sa\u00fade e energia para seguir engajados em suas a\u00e7\u00f5es merit\u00f3rias. Coloque sua lucidez, alegria e energia em movimento para benef\u00edcio das pessoas dessa gera\u00e7\u00e3o e das gera\u00e7\u00f5es vindouras. Coloque seus olhos de amorosidade nos jovens, nas crian\u00e7as, nas pessoas de todas as idades e culturas. Manifeste seu cora\u00e7\u00e3o pelo equil\u00edbrio da natureza e pela prote\u00e7\u00e3o dos seres de todas as express\u00f5es e apar\u00eancias que com sua presen\u00e7a enriquecem a vida como um todo. A dura\u00e7\u00e3o de nossas vidas biol\u00f3gicas \u00e9 incerta, o melhor tempo \u00e9 quando vivemos de modo amplo, com os olhos e a mente l\u00facidos mesmo em meio \u00e0s apar\u00eancias que surgem e cessam sem dire\u00e7\u00e3o. Veja, desse modo a energia dos Budas surgir\u00e1 em voc\u00ea como b\u00ean\u00e7\u00e3os incessantes e radiantes. Beneficiar os seres \u00e9 ajud\u00e1-los a liberar-se da cultura mental do samsara e apropriar-se de seu potencial b\u00fadico, de sua lucidez natural e energia aut\u00f4noma. Alegria!! Pense nas crian\u00e7as, ajude a estabilizar sua lucidez, foco, energia, rela\u00e7\u00f5es e emo\u00e7\u00f5es apoiando nossas escolas. Pense nas fam\u00edlias, nos jovens e adultos, tamb\u00e9m nos velhos. Todos precisamos dos benef\u00edcios compassivos da Sanga, das Aldeias, dos ensinamentos, pr\u00e1ticas e estudos. Ajude a todos atrav\u00e9s de sua pr\u00f3pria pr\u00e1tica e apoiando as v\u00e1rias express\u00f5es desses movimentos coletivos.<\/p>\n<p style=\"text-align: right;\"><em>Lama Padma Samten<\/em><\/p>\n<hr \/>\n<p><em><a href=\"https:\/\/cebb.org.br\/fr\/texto-historico-do-lama-samten-sobre-o-surgimento-do-cebb\/\">Veja aqui<\/a> como o CEBB come\u00e7ou.<\/em><\/p>","protected":false},"excerpt":{"rendered":"<p>No d\u00e9cimo quinto dia do m\u00eas lunar, enquanto o sol paulatinamente se p\u00f5e no horizonte, a lua se eleva luminosa. Momento perfeito para fazermos nossas acumula\u00e7\u00f5es de m\u00e9ritos de sabedoria e lucidez enquanto praticamos o Prajnaparamita, o Sutra da Perfei\u00e7\u00e3o da Sabedoria, recitamos o mantra e contemplamos as apar\u00eancias.<\/p>","protected":false},"author":4,"featured_media":24154,"comment_status":"closed","ping_status":"open","sticky":false,"template":"","format":"standard","meta":{"footnotes":""},"categories":[417,343],"tags":[],"class_list":["post-24015","post","type-post","status-publish","format-standard","has-post-thumbnail","hentry","category-ensinamentos","category-historia"],"yoast_head":"<!-- This site is optimized with the Yoast SEO plugin v27.5 - https:\/\/yoast.com\/product\/yoast-seo-wordpress\/ -->\n<title>Carta de Lama Padma Samten sobre as Aldeias CEBB<\/title>\n<meta name=\"description\" content=\"Longo e precioso relato de Lama Padma Samten sobre as diversas a\u00e7\u00f5es do Centro de Estudos Budistas Bodisatva em todo o Brasil, especificamente nas escolas e comunidades de pr\u00e1tica\" \/>\n<meta name=\"robots\" content=\"index, follow, max-snippet:-1, max-image-preview:large, max-video-preview:-1\" \/>\n<link rel=\"canonical\" href=\"https:\/\/cebb.org.br\/fr\/carta-lama-samten-aldeias-cebb\/\" \/>\n<meta property=\"og:locale\" content=\"fr_FR\" \/>\n<meta property=\"og:type\" content=\"article\" \/>\n<meta property=\"og:title\" content=\"Carta de Lama Padma Samten sobre as Aldeias CEBB\" \/>\n<meta property=\"og:description\" content=\"Longo e precioso relato de Lama Padma Samten sobre as diversas a\u00e7\u00f5es do Centro de Estudos Budistas Bodisatva em todo o Brasil, especificamente nas escolas e comunidades de pr\u00e1tica\" \/>\n<meta property=\"og:url\" content=\"https:\/\/cebb.org.br\/fr\/carta-lama-samten-aldeias-cebb\/\" \/>\n<meta property=\"og:site_name\" content=\"Centro de Estudos Budistas Bodisatva\" \/>\n<meta property=\"article:publisher\" content=\"https:\/\/pt-br.facebook.com\/cebb108\" \/>\n<meta property=\"article:published_time\" content=\"2015-10-01T11:00:27+00:00\" \/>\n<meta property=\"article:modified_time\" content=\"2022-08-22T18:38:15+00:00\" \/>\n<meta property=\"og:image\" content=\"https:\/\/cebb.org.br\/wp-content\/uploads\/2015\/10\/sukavati1.jpg\" \/>\n\t<meta property=\"og:image:width\" content=\"960\" \/>\n\t<meta property=\"og:image:height\" content=\"540\" \/>\n\t<meta property=\"og:image:type\" content=\"image\/jpeg\" \/>\n<meta name=\"author\" content=\"adriana\" \/>\n<meta name=\"twitter:card\" content=\"summary_large_image\" \/>\n<meta name=\"twitter:label1\" content=\"\u00c9crit par\" \/>\n\t<meta name=\"twitter:data1\" content=\"adriana\" \/>\n\t<meta name=\"twitter:label2\" content=\"Dur\u00e9e de lecture estim\u00e9e\" \/>\n\t<meta name=\"twitter:data2\" content=\"25 minutes\" \/>\n<script type=\"application\/ld+json\" class=\"yoast-schema-graph\">{\"@context\":\"https:\\\/\\\/schema.org\",\"@graph\":[{\"@type\":\"Article\",\"@id\":\"https:\\\/\\\/cebb.org.br\\\/carta-lama-samten-aldeias-cebb\\\/#article\",\"isPartOf\":{\"@id\":\"https:\\\/\\\/cebb.org.br\\\/carta-lama-samten-aldeias-cebb\\\/\"},\"author\":{\"name\":\"adriana\",\"@id\":\"https:\\\/\\\/cebb.org.br\\\/#\\\/schema\\\/person\\\/2943f7434cfdce8a50054bcca9da418e\"},\"headline\":\"Carta de Lama Padma Samten sobre as Aldeias CEBB\",\"datePublished\":\"2015-10-01T11:00:27+00:00\",\"dateModified\":\"2022-08-22T18:38:15+00:00\",\"mainEntityOfPage\":{\"@id\":\"https:\\\/\\\/cebb.org.br\\\/carta-lama-samten-aldeias-cebb\\\/\"},\"wordCount\":2708,\"publisher\":{\"@id\":\"https:\\\/\\\/cebb.org.br\\\/#organization\"},\"image\":{\"@id\":\"https:\\\/\\\/cebb.org.br\\\/carta-lama-samten-aldeias-cebb\\\/#primaryimage\"},\"thumbnailUrl\":\"https:\\\/\\\/cebb.org.br\\\/wp-content\\\/uploads\\\/2015\\\/10\\\/sukavati1.jpg\",\"articleSection\":[\"Ensinamentos\",\"Hist\u00f3ria\"],\"inLanguage\":\"fr-FR\"},{\"@type\":\"WebPage\",\"@id\":\"https:\\\/\\\/cebb.org.br\\\/carta-lama-samten-aldeias-cebb\\\/\",\"url\":\"https:\\\/\\\/cebb.org.br\\\/carta-lama-samten-aldeias-cebb\\\/\",\"name\":\"Carta de Lama Padma Samten sobre as Aldeias CEBB\",\"isPartOf\":{\"@id\":\"https:\\\/\\\/cebb.org.br\\\/#website\"},\"primaryImageOfPage\":{\"@id\":\"https:\\\/\\\/cebb.org.br\\\/carta-lama-samten-aldeias-cebb\\\/#primaryimage\"},\"image\":{\"@id\":\"https:\\\/\\\/cebb.org.br\\\/carta-lama-samten-aldeias-cebb\\\/#primaryimage\"},\"thumbnailUrl\":\"https:\\\/\\\/cebb.org.br\\\/wp-content\\\/uploads\\\/2015\\\/10\\\/sukavati1.jpg\",\"datePublished\":\"2015-10-01T11:00:27+00:00\",\"dateModified\":\"2022-08-22T18:38:15+00:00\",\"description\":\"Longo e precioso relato de Lama Padma Samten sobre as diversas a\u00e7\u00f5es do Centro de Estudos Budistas Bodisatva em todo o Brasil, especificamente nas escolas e comunidades de pr\u00e1tica\",\"breadcrumb\":{\"@id\":\"https:\\\/\\\/cebb.org.br\\\/carta-lama-samten-aldeias-cebb\\\/#breadcrumb\"},\"inLanguage\":\"fr-FR\",\"potentialAction\":[{\"@type\":\"ReadAction\",\"target\":[\"https:\\\/\\\/cebb.org.br\\\/carta-lama-samten-aldeias-cebb\\\/\"]}]},{\"@type\":\"ImageObject\",\"inLanguage\":\"fr-FR\",\"@id\":\"https:\\\/\\\/cebb.org.br\\\/carta-lama-samten-aldeias-cebb\\\/#primaryimage\",\"url\":\"https:\\\/\\\/cebb.org.br\\\/wp-content\\\/uploads\\\/2015\\\/10\\\/sukavati1.jpg\",\"contentUrl\":\"https:\\\/\\\/cebb.org.br\\\/wp-content\\\/uploads\\\/2015\\\/10\\\/sukavati1.jpg\",\"width\":960,\"height\":540},{\"@type\":\"BreadcrumbList\",\"@id\":\"https:\\\/\\\/cebb.org.br\\\/carta-lama-samten-aldeias-cebb\\\/#breadcrumb\",\"itemListElement\":[{\"@type\":\"ListItem\",\"position\":1,\"name\":\"Home\",\"item\":\"https:\\\/\\\/cebb.org.br\\\/\"},{\"@type\":\"ListItem\",\"position\":2,\"name\":\"Carta de Lama Padma Samten sobre as Aldeias CEBB\"}]},{\"@type\":\"WebSite\",\"@id\":\"https:\\\/\\\/cebb.org.br\\\/#website\",\"url\":\"https:\\\/\\\/cebb.org.br\\\/\",\"name\":\"Centro de Estudos Budistas Bodisatva\",\"description\":\"Budismo, medita\u00e7\u00e3o e cultura de paz | Lama Padma Samten\",\"publisher\":{\"@id\":\"https:\\\/\\\/cebb.org.br\\\/#organization\"},\"potentialAction\":[{\"@type\":\"SearchAction\",\"target\":{\"@type\":\"EntryPoint\",\"urlTemplate\":\"https:\\\/\\\/cebb.org.br\\\/?s={search_term_string}\"},\"query-input\":{\"@type\":\"PropertyValueSpecification\",\"valueRequired\":true,\"valueName\":\"search_term_string\"}}],\"inLanguage\":\"fr-FR\"},{\"@type\":\"Organization\",\"@id\":\"https:\\\/\\\/cebb.org.br\\\/#organization\",\"name\":\"Centro de Estudos Budistas Bodisatva\",\"url\":\"https:\\\/\\\/cebb.org.br\\\/\",\"logo\":{\"@type\":\"ImageObject\",\"inLanguage\":\"fr-FR\",\"@id\":\"https:\\\/\\\/cebb.org.br\\\/#\\\/schema\\\/logo\\\/image\\\/\",\"url\":\"http:\\\/\\\/18.230.164.79\\\/wp-content\\\/uploads\\\/2011\\\/03\\\/logosalvador-peq-e1660064979551.jpg\",\"contentUrl\":\"http:\\\/\\\/18.230.164.79\\\/wp-content\\\/uploads\\\/2011\\\/03\\\/logosalvador-peq-e1660064979551.jpg\",\"width\":280,\"height\":231,\"caption\":\"Centro de Estudos Budistas Bodisatva\"},\"image\":{\"@id\":\"https:\\\/\\\/cebb.org.br\\\/#\\\/schema\\\/logo\\\/image\\\/\"},\"sameAs\":[\"https:\\\/\\\/pt-br.facebook.com\\\/cebb108\",\"https:\\\/\\\/www.instagram.com\\\/cebbcaminhodomeio\\\/\"]},{\"@type\":\"Person\",\"@id\":\"https:\\\/\\\/cebb.org.br\\\/#\\\/schema\\\/person\\\/2943f7434cfdce8a50054bcca9da418e\",\"name\":\"adriana\",\"image\":{\"@type\":\"ImageObject\",\"inLanguage\":\"fr-FR\",\"@id\":\"https:\\\/\\\/secure.gravatar.com\\\/avatar\\\/f235a6769909b7357e271e7b95d7f24ff1268d2236b0a381c02f83a6368721f1?s=96&d=mm&r=g\",\"url\":\"https:\\\/\\\/secure.gravatar.com\\\/avatar\\\/f235a6769909b7357e271e7b95d7f24ff1268d2236b0a381c02f83a6368721f1?s=96&d=mm&r=g\",\"contentUrl\":\"https:\\\/\\\/secure.gravatar.com\\\/avatar\\\/f235a6769909b7357e271e7b95d7f24ff1268d2236b0a381c02f83a6368721f1?s=96&d=mm&r=g\",\"caption\":\"adriana\"},\"url\":\"https:\\\/\\\/cebb.org.br\\\/fr\\\/author\\\/adriana\\\/\"}]}<\/script>\n<!-- \/ Yoast SEO plugin. -->","yoast_head_json":{"title":"Carta de Lama Padma Samten sobre as Aldeias CEBB","description":"Longo e precioso relato de Lama Padma Samten sobre as diversas a\u00e7\u00f5es do Centro de Estudos Budistas Bodisatva em todo o Brasil, especificamente nas escolas e comunidades de pr\u00e1tica","robots":{"index":"index","follow":"follow","max-snippet":"max-snippet:-1","max-image-preview":"max-image-preview:large","max-video-preview":"max-video-preview:-1"},"canonical":"https:\/\/cebb.org.br\/fr\/carta-lama-samten-aldeias-cebb\/","og_locale":"fr_FR","og_type":"article","og_title":"Carta de Lama Padma Samten sobre as Aldeias CEBB","og_description":"Longo e precioso relato de Lama Padma Samten sobre as diversas a\u00e7\u00f5es do Centro de Estudos Budistas Bodisatva em todo o Brasil, especificamente nas escolas e comunidades de pr\u00e1tica","og_url":"https:\/\/cebb.org.br\/fr\/carta-lama-samten-aldeias-cebb\/","og_site_name":"Centro de Estudos Budistas Bodisatva","article_publisher":"https:\/\/pt-br.facebook.com\/cebb108","article_published_time":"2015-10-01T11:00:27+00:00","article_modified_time":"2022-08-22T18:38:15+00:00","og_image":[{"width":960,"height":540,"url":"https:\/\/cebb.org.br\/wp-content\/uploads\/2015\/10\/sukavati1.jpg","type":"image\/jpeg"}],"author":"adriana","twitter_card":"summary_large_image","twitter_misc":{"\u00c9crit par":"adriana","Dur\u00e9e de lecture estim\u00e9e":"25 minutes"},"schema":{"@context":"https:\/\/schema.org","@graph":[{"@type":"Article","@id":"https:\/\/cebb.org.br\/carta-lama-samten-aldeias-cebb\/#article","isPartOf":{"@id":"https:\/\/cebb.org.br\/carta-lama-samten-aldeias-cebb\/"},"author":{"name":"adriana","@id":"https:\/\/cebb.org.br\/#\/schema\/person\/2943f7434cfdce8a50054bcca9da418e"},"headline":"Carta de Lama Padma Samten sobre as Aldeias CEBB","datePublished":"2015-10-01T11:00:27+00:00","dateModified":"2022-08-22T18:38:15+00:00","mainEntityOfPage":{"@id":"https:\/\/cebb.org.br\/carta-lama-samten-aldeias-cebb\/"},"wordCount":2708,"publisher":{"@id":"https:\/\/cebb.org.br\/#organization"},"image":{"@id":"https:\/\/cebb.org.br\/carta-lama-samten-aldeias-cebb\/#primaryimage"},"thumbnailUrl":"https:\/\/cebb.org.br\/wp-content\/uploads\/2015\/10\/sukavati1.jpg","articleSection":["Ensinamentos","Hist\u00f3ria"],"inLanguage":"fr-FR"},{"@type":"WebPage","@id":"https:\/\/cebb.org.br\/carta-lama-samten-aldeias-cebb\/","url":"https:\/\/cebb.org.br\/carta-lama-samten-aldeias-cebb\/","name":"Carta de Lama Padma Samten sobre as Aldeias CEBB","isPartOf":{"@id":"https:\/\/cebb.org.br\/#website"},"primaryImageOfPage":{"@id":"https:\/\/cebb.org.br\/carta-lama-samten-aldeias-cebb\/#primaryimage"},"image":{"@id":"https:\/\/cebb.org.br\/carta-lama-samten-aldeias-cebb\/#primaryimage"},"thumbnailUrl":"https:\/\/cebb.org.br\/wp-content\/uploads\/2015\/10\/sukavati1.jpg","datePublished":"2015-10-01T11:00:27+00:00","dateModified":"2022-08-22T18:38:15+00:00","description":"Longo e precioso relato de Lama Padma Samten sobre as diversas a\u00e7\u00f5es do Centro de Estudos Budistas Bodisatva em todo o Brasil, especificamente nas escolas e comunidades de pr\u00e1tica","breadcrumb":{"@id":"https:\/\/cebb.org.br\/carta-lama-samten-aldeias-cebb\/#breadcrumb"},"inLanguage":"fr-FR","potentialAction":[{"@type":"ReadAction","target":["https:\/\/cebb.org.br\/carta-lama-samten-aldeias-cebb\/"]}]},{"@type":"ImageObject","inLanguage":"fr-FR","@id":"https:\/\/cebb.org.br\/carta-lama-samten-aldeias-cebb\/#primaryimage","url":"https:\/\/cebb.org.br\/wp-content\/uploads\/2015\/10\/sukavati1.jpg","contentUrl":"https:\/\/cebb.org.br\/wp-content\/uploads\/2015\/10\/sukavati1.jpg","width":960,"height":540},{"@type":"BreadcrumbList","@id":"https:\/\/cebb.org.br\/carta-lama-samten-aldeias-cebb\/#breadcrumb","itemListElement":[{"@type":"ListItem","position":1,"name":"Home","item":"https:\/\/cebb.org.br\/"},{"@type":"ListItem","position":2,"name":"Carta de Lama Padma Samten sobre as Aldeias CEBB"}]},{"@type":"WebSite","@id":"https:\/\/cebb.org.br\/#website","url":"https:\/\/cebb.org.br\/","name":"Centre d\u2019\u00c9tudes Bouddhistes Bodisatva (CEBB)","description":"Budismo, medita\u00e7\u00e3o e cultura de paz | Lama Padma Samten","publisher":{"@id":"https:\/\/cebb.org.br\/#organization"},"potentialAction":[{"@type":"SearchAction","target":{"@type":"EntryPoint","urlTemplate":"https:\/\/cebb.org.br\/?s={search_term_string}"},"query-input":{"@type":"PropertyValueSpecification","valueRequired":true,"valueName":"search_term_string"}}],"inLanguage":"fr-FR"},{"@type":"Organization","@id":"https:\/\/cebb.org.br\/#organization","name":"Centre d\u2019\u00c9tudes Bouddhistes Bodisatva (CEBB)","url":"https:\/\/cebb.org.br\/","logo":{"@type":"ImageObject","inLanguage":"fr-FR","@id":"https:\/\/cebb.org.br\/#\/schema\/logo\/image\/","url":"http:\/\/18.230.164.79\/wp-content\/uploads\/2011\/03\/logosalvador-peq-e1660064979551.jpg","contentUrl":"http:\/\/18.230.164.79\/wp-content\/uploads\/2011\/03\/logosalvador-peq-e1660064979551.jpg","width":280,"height":231,"caption":"Centro de Estudos Budistas Bodisatva"},"image":{"@id":"https:\/\/cebb.org.br\/#\/schema\/logo\/image\/"},"sameAs":["https:\/\/pt-br.facebook.com\/cebb108","https:\/\/www.instagram.com\/cebbcaminhodomeio\/"]},{"@type":"Person","@id":"https:\/\/cebb.org.br\/#\/schema\/person\/2943f7434cfdce8a50054bcca9da418e","name":"adriana","image":{"@type":"ImageObject","inLanguage":"fr-FR","@id":"https:\/\/secure.gravatar.com\/avatar\/f235a6769909b7357e271e7b95d7f24ff1268d2236b0a381c02f83a6368721f1?s=96&d=mm&r=g","url":"https:\/\/secure.gravatar.com\/avatar\/f235a6769909b7357e271e7b95d7f24ff1268d2236b0a381c02f83a6368721f1?s=96&d=mm&r=g","contentUrl":"https:\/\/secure.gravatar.com\/avatar\/f235a6769909b7357e271e7b95d7f24ff1268d2236b0a381c02f83a6368721f1?s=96&d=mm&r=g","caption":"adriana"},"url":"https:\/\/cebb.org.br\/fr\/author\/adriana\/"}]}},"_links":{"self":[{"href":"https:\/\/cebb.org.br\/fr\/wp-json\/wp\/v2\/posts\/24015","targetHints":{"allow":["GET"]}}],"collection":[{"href":"https:\/\/cebb.org.br\/fr\/wp-json\/wp\/v2\/posts"}],"about":[{"href":"https:\/\/cebb.org.br\/fr\/wp-json\/wp\/v2\/types\/post"}],"author":[{"embeddable":true,"href":"https:\/\/cebb.org.br\/fr\/wp-json\/wp\/v2\/users\/4"}],"replies":[{"embeddable":true,"href":"https:\/\/cebb.org.br\/fr\/wp-json\/wp\/v2\/comments?post=24015"}],"version-history":[{"count":4,"href":"https:\/\/cebb.org.br\/fr\/wp-json\/wp\/v2\/posts\/24015\/revisions"}],"predecessor-version":[{"id":114268,"href":"https:\/\/cebb.org.br\/fr\/wp-json\/wp\/v2\/posts\/24015\/revisions\/114268"}],"wp:featuredmedia":[{"embeddable":true,"href":"https:\/\/cebb.org.br\/fr\/wp-json\/wp\/v2\/media\/24154"}],"wp:attachment":[{"href":"https:\/\/cebb.org.br\/fr\/wp-json\/wp\/v2\/media?parent=24015"}],"wp:term":[{"taxonomy":"category","embeddable":true,"href":"https:\/\/cebb.org.br\/fr\/wp-json\/wp\/v2\/categories?post=24015"},{"taxonomy":"post_tag","embeddable":true,"href":"https:\/\/cebb.org.br\/fr\/wp-json\/wp\/v2\/tags?post=24015"}],"curies":[{"name":"wp","href":"https:\/\/api.w.org\/{rel}","templated":true}]}}