{"id":29690,"date":"2016-03-24T13:37:35","date_gmt":"2016-03-24T16:37:35","guid":{"rendered":"http:\/\/www.cebb.org.br\/?p=29690"},"modified":"2024-10-05T16:15:23","modified_gmt":"2024-10-05T19:15:23","slug":"audio-do-retiro-de-verao-2016-8-4-pensamentos-que-transformam-a-mente-6-blocos-caminhos","status":"publish","type":"post","link":"https:\/\/cebb.org.br\/fr\/audio-do-retiro-de-verao-2016-8-4-pensamentos-que-transformam-a-mente-6-blocos-caminhos\/","title":{"rendered":"\u00c1udio do Retiro de Ver\u00e3o 2016 #8 &#8211; 4 Pensamentos que Transformam a Mente, 6 Blocos, Caminhos"},"content":{"rendered":"<p><em>\u00c1udio dos ensinamentos de Lama Padma Santem no 3\u00ba dia do Retiro de Ver\u00e3o 2016, no CEBB Caminho do Meio (Viam\u00e3o, RS)<\/em><!--more--><\/p>\n<h3>Transcri\u00e7\u00e3o de um trecho do ensinamento<\/h3>\n<p>&#8220;Bloco 0 seria as pessoas no meio do mundo, achando tudo normal, tudo bem. Por exemplo, as pessoas em meio ao mundo querem paz, seguran\u00e7a, aumento de sal\u00e1rio, 13\u00ba, f\u00e9rias, casa na praia, escola pras crian\u00e7as, seguro sa\u00fade, ortodontista pras crian\u00e7as, ent\u00e3o se formos fluindo assim, estamos bem. Isso \u00e9 o bloco 0.<br \/>\nSe algu\u00e9m chegar e disser: &#8220;Veja, o mundo \u00e9 isso, \u00e9 aquilo&#8221;, a\u00ed a pessoa diz: &#8220;Ih, complicou. Vamos simplificar a coisa, esse fim de semana eu tenho um churrasco, to trazendo uns amigos, vamos curtir um som na beira da piscina&#8221;. Ah, isso sim! Eles tamb\u00e9m n\u00e3o t\u00e3o olhando muito o que aquilo est\u00e1 causando, de modo geral, dentro do bloco 0, a gente n\u00e3o tem compreens\u00e3o da a\u00e7\u00e3o c\u00e1rmica, do resultado das a\u00e7\u00f5es c\u00e1rmicas. A gente n\u00e3o compreende a causalidade c\u00e1rmica. A gente faz as a\u00e7\u00f5es e pronto, aquilo n\u00e3o tem conseq\u00fc\u00eancia.<br \/>\nEnt\u00e3o isso \u00e9 bloco 0, e a gente aspira que tudo d\u00ea certo. Ainda que a gente veja a hist\u00f3ria de vida dos nossos ancestrais diretos, tipo pai e m\u00e3e, aquilo nunca deu muito certo, com os av\u00f3s tamb\u00e9m n\u00e3o deu muito certo, com os outros tamb\u00e9m n\u00e3o deu muito certo&#8230;mas a gente ta achando que aquilo \u00e9 uma inabilidade dos que vieram antes, que se a gente der um jeitinho, com a nossa esperteza natural, tudo vai dar certo, com certeza. Ent\u00e3o temos essa sensa\u00e7\u00e3o de que n\u00f3s vamos indo.<br \/>\nE tamb\u00e9m a gente se sente perfeitamente recompensado pelas alegrias usuais, do mundo. A gente tem algum progresso, melhora um pouco de vida, temos algumas aspira\u00e7\u00f5es que vamos obtendo aos poucos, e a gente acha que aquilo ta tudo bem. O Pierre Weil chama isso de &#8220;normose&#8221;, \u00e9 uma doen\u00e7a da acomoda\u00e7\u00e3o. A gente pode dizer que a normose \u00e9 uma doen\u00e7a perigosa, ela ataca a biosfera, destr\u00f3i o planeta. Ent\u00e3o a gente vai seguindo normal, normal, normal, jogando lixo, cortando as florestas, bombeando \u00e1gua, tudo normal, todo mundo de bem. E causa uma devasta\u00e7\u00e3o.&#8221;<br \/>\n\u2014Lama Padma Santem<\/p>\n<h3>Download do \u00e1udio<\/h3>\n<p>Para baixar o MP3, clique abaixo com o bot\u00e3o direito em &#8220;Download&#8221; e selecione &#8220;Salvar destino\/link como&#8230;&#8221;.<br \/>\n[powerpress]\n<h3>Principais temas<\/h3>\n<p>Quatro pensamentos que transformam a mente (vida humana preciosa, imperman\u00eancia, carma e sofrimento); ref\u00fagio;<br \/>\nroda da vida; seis reinos; transmigra\u00e7\u00e3o; seis bardos; explica\u00e7\u00e3o dos seis blocos; devo\u00e7\u00e3o e linhagem; caminhos.<\/p>\n<h3>V\u00eddeo do ensinamento<\/h3>\n<p><iframe width=\"620\" height=\"315\" src=\"https:\/\/www.youtube.com\/embed\/UPu0jJG9eEM?list=PLO_7Zoueaxd5PPHmtuAUCgmdxpTx431ZO\" frameborder=\"0\" allowfullscreen><\/iframe><\/p>\n","protected":false},"excerpt":{"rendered":"<p>\u00c1udio dos ensinamentos de Lama Padma Santem no 3\u00ba dia do Retiro de Ver\u00e3o 2016, no CEBB Caminho do Meio (Viam\u00e3o, RS)<\/p>","protected":false},"author":114,"featured_media":29691,"comment_status":"closed","ping_status":"open","sticky":false,"template":"","format":"standard","meta":{"footnotes":""},"categories":[367,417],"tags":[],"class_list":["post-29690","post","type-post","status-publish","format-standard","has-post-thumbnail","hentry","category-podcast","category-ensinamentos"],"yoast_head":"<!-- This site is optimized with the Yoast SEO plugin v27.5 - https:\/\/yoast.com\/product\/yoast-seo-wordpress\/ -->\n<title>\u00c1udio do Retiro de Ver\u00e3o 2016 #8 - 4 Pensamentos que Transformam a Mente, 6 Blocos, Caminhos - Centro de Estudos Budistas Bodisatva<\/title>\n<meta name=\"robots\" content=\"index, follow, max-snippet:-1, max-image-preview:large, max-video-preview:-1\" \/>\n<link rel=\"canonical\" href=\"https:\/\/cebb.org.br\/fr\/audio-do-retiro-de-verao-2016-8-4-pensamentos-que-transformam-a-mente-6-blocos-caminhos\/\" \/>\n<meta property=\"og:locale\" content=\"fr_FR\" \/>\n<meta property=\"og:type\" content=\"article\" \/>\n<meta property=\"og:title\" content=\"\u00c1udio do Retiro de Ver\u00e3o 2016 #8 - 4 Pensamentos que Transformam a Mente, 6 Blocos, Caminhos - Centro de Estudos Budistas Bodisatva\" \/>\n<meta property=\"og:description\" content=\"\u00c1udio dos ensinamentos de Lama Padma Santem no 3\u00ba dia do Retiro de Ver\u00e3o 2016, no CEBB Caminho do Meio (Viam\u00e3o, RS)\" \/>\n<meta property=\"og:url\" content=\"https:\/\/cebb.org.br\/fr\/audio-do-retiro-de-verao-2016-8-4-pensamentos-que-transformam-a-mente-6-blocos-caminhos\/\" \/>\n<meta property=\"og:site_name\" content=\"Centro de Estudos Budistas Bodisatva\" \/>\n<meta property=\"article:publisher\" content=\"https:\/\/pt-br.facebook.com\/cebb108\" \/>\n<meta property=\"article:published_time\" content=\"2016-03-24T16:37:35+00:00\" \/>\n<meta property=\"article:modified_time\" content=\"2024-10-05T19:15:23+00:00\" \/>\n<meta property=\"og:image\" content=\"https:\/\/cebb.org.br\/wp-content\/uploads\/2016\/03\/24809222144_7f2a54908c_z.jpg\" \/>\n\t<meta property=\"og:image:width\" content=\"640\" \/>\n\t<meta property=\"og:image:height\" content=\"427\" \/>\n\t<meta property=\"og:image:type\" content=\"image\/jpeg\" \/>\n<meta name=\"twitter:card\" content=\"summary_large_image\" \/>\n<meta name=\"twitter:label1\" content=\"\u00c9crit par\" \/>\n\t<meta name=\"twitter:data1\" content=\"\" \/>\n\t<meta name=\"twitter:label2\" content=\"Dur\u00e9e de lecture estim\u00e9e\" \/>\n\t<meta name=\"twitter:data2\" content=\"2 minutes\" \/>\n<script type=\"application\/ld+json\" class=\"yoast-schema-graph\">{\"@context\":\"https:\\\/\\\/schema.org\",\"@graph\":[{\"@type\":\"Article\",\"@id\":\"https:\\\/\\\/cebb.org.br\\\/audio-do-retiro-de-verao-2016-8-4-pensamentos-que-transformam-a-mente-6-blocos-caminhos\\\/#article\",\"isPartOf\":{\"@id\":\"https:\\\/\\\/cebb.org.br\\\/audio-do-retiro-de-verao-2016-8-4-pensamentos-que-transformam-a-mente-6-blocos-caminhos\\\/\"},\"author\":{\"name\":\"\",\"@id\":\"\"},\"headline\":\"\u00c1udio do Retiro de Ver\u00e3o 2016 #8 &#8211; 4 Pensamentos que Transformam a Mente, 6 Blocos, Caminhos\",\"datePublished\":\"2016-03-24T16:37:35+00:00\",\"dateModified\":\"2024-10-05T19:15:23+00:00\",\"mainEntityOfPage\":{\"@id\":\"https:\\\/\\\/cebb.org.br\\\/audio-do-retiro-de-verao-2016-8-4-pensamentos-que-transformam-a-mente-6-blocos-caminhos\\\/\"},\"wordCount\":473,\"publisher\":{\"@id\":\"https:\\\/\\\/cebb.org.br\\\/#organization\"},\"image\":{\"@id\":\"https:\\\/\\\/cebb.org.br\\\/audio-do-retiro-de-verao-2016-8-4-pensamentos-que-transformam-a-mente-6-blocos-caminhos\\\/#primaryimage\"},\"thumbnailUrl\":\"https:\\\/\\\/cebb.org.br\\\/wp-content\\\/uploads\\\/2016\\\/03\\\/24809222144_7f2a54908c_z.jpg\",\"articleSection\":[\"\u00c1udio\",\"Ensinamentos\"],\"inLanguage\":\"fr-FR\"},{\"@type\":\"WebPage\",\"@id\":\"https:\\\/\\\/cebb.org.br\\\/audio-do-retiro-de-verao-2016-8-4-pensamentos-que-transformam-a-mente-6-blocos-caminhos\\\/\",\"url\":\"https:\\\/\\\/cebb.org.br\\\/audio-do-retiro-de-verao-2016-8-4-pensamentos-que-transformam-a-mente-6-blocos-caminhos\\\/\",\"name\":\"\u00c1udio do Retiro de Ver\u00e3o 2016 #8 - 4 Pensamentos que Transformam a Mente, 6 Blocos, Caminhos - Centro de Estudos Budistas Bodisatva\",\"isPartOf\":{\"@id\":\"https:\\\/\\\/cebb.org.br\\\/#website\"},\"primaryImageOfPage\":{\"@id\":\"https:\\\/\\\/cebb.org.br\\\/audio-do-retiro-de-verao-2016-8-4-pensamentos-que-transformam-a-mente-6-blocos-caminhos\\\/#primaryimage\"},\"image\":{\"@id\":\"https:\\\/\\\/cebb.org.br\\\/audio-do-retiro-de-verao-2016-8-4-pensamentos-que-transformam-a-mente-6-blocos-caminhos\\\/#primaryimage\"},\"thumbnailUrl\":\"https:\\\/\\\/cebb.org.br\\\/wp-content\\\/uploads\\\/2016\\\/03\\\/24809222144_7f2a54908c_z.jpg\",\"datePublished\":\"2016-03-24T16:37:35+00:00\",\"dateModified\":\"2024-10-05T19:15:23+00:00\",\"breadcrumb\":{\"@id\":\"https:\\\/\\\/cebb.org.br\\\/audio-do-retiro-de-verao-2016-8-4-pensamentos-que-transformam-a-mente-6-blocos-caminhos\\\/#breadcrumb\"},\"inLanguage\":\"fr-FR\",\"potentialAction\":[{\"@type\":\"ReadAction\",\"target\":[\"https:\\\/\\\/cebb.org.br\\\/audio-do-retiro-de-verao-2016-8-4-pensamentos-que-transformam-a-mente-6-blocos-caminhos\\\/\"]}]},{\"@type\":\"ImageObject\",\"inLanguage\":\"fr-FR\",\"@id\":\"https:\\\/\\\/cebb.org.br\\\/audio-do-retiro-de-verao-2016-8-4-pensamentos-que-transformam-a-mente-6-blocos-caminhos\\\/#primaryimage\",\"url\":\"https:\\\/\\\/cebb.org.br\\\/wp-content\\\/uploads\\\/2016\\\/03\\\/24809222144_7f2a54908c_z.jpg\",\"contentUrl\":\"https:\\\/\\\/cebb.org.br\\\/wp-content\\\/uploads\\\/2016\\\/03\\\/24809222144_7f2a54908c_z.jpg\",\"width\":640,\"height\":427},{\"@type\":\"BreadcrumbList\",\"@id\":\"https:\\\/\\\/cebb.org.br\\\/audio-do-retiro-de-verao-2016-8-4-pensamentos-que-transformam-a-mente-6-blocos-caminhos\\\/#breadcrumb\",\"itemListElement\":[{\"@type\":\"ListItem\",\"position\":1,\"name\":\"Home\",\"item\":\"https:\\\/\\\/cebb.org.br\\\/\"},{\"@type\":\"ListItem\",\"position\":2,\"name\":\"\u00c1udio do Retiro de Ver\u00e3o 2016 #8 &#8211; 4 Pensamentos que Transformam a Mente, 6 Blocos, Caminhos\"}]},{\"@type\":\"WebSite\",\"@id\":\"https:\\\/\\\/cebb.org.br\\\/#website\",\"url\":\"https:\\\/\\\/cebb.org.br\\\/\",\"name\":\"Centro de Estudos Budistas Bodisatva\",\"description\":\"Budismo, medita\u00e7\u00e3o e cultura de paz | Lama Padma Samten\",\"publisher\":{\"@id\":\"https:\\\/\\\/cebb.org.br\\\/#organization\"},\"potentialAction\":[{\"@type\":\"SearchAction\",\"target\":{\"@type\":\"EntryPoint\",\"urlTemplate\":\"https:\\\/\\\/cebb.org.br\\\/?s={search_term_string}\"},\"query-input\":{\"@type\":\"PropertyValueSpecification\",\"valueRequired\":true,\"valueName\":\"search_term_string\"}}],\"inLanguage\":\"fr-FR\"},{\"@type\":\"Organization\",\"@id\":\"https:\\\/\\\/cebb.org.br\\\/#organization\",\"name\":\"Centro de Estudos Budistas Bodisatva\",\"url\":\"https:\\\/\\\/cebb.org.br\\\/\",\"logo\":{\"@type\":\"ImageObject\",\"inLanguage\":\"fr-FR\",\"@id\":\"https:\\\/\\\/cebb.org.br\\\/#\\\/schema\\\/logo\\\/image\\\/\",\"url\":\"http:\\\/\\\/18.230.164.79\\\/wp-content\\\/uploads\\\/2011\\\/03\\\/logosalvador-peq-e1660064979551.jpg\",\"contentUrl\":\"http:\\\/\\\/18.230.164.79\\\/wp-content\\\/uploads\\\/2011\\\/03\\\/logosalvador-peq-e1660064979551.jpg\",\"width\":280,\"height\":231,\"caption\":\"Centro de Estudos Budistas Bodisatva\"},\"image\":{\"@id\":\"https:\\\/\\\/cebb.org.br\\\/#\\\/schema\\\/logo\\\/image\\\/\"},\"sameAs\":[\"https:\\\/\\\/pt-br.facebook.com\\\/cebb108\",\"https:\\\/\\\/www.instagram.com\\\/cebbcaminhodomeio\\\/\"]},{\"@type\":\"Person\",\"@id\":\"\",\"url\":\"https:\\\/\\\/cebb.org.br\\\/fr\\\/author\\\/\"}]}<\/script>\n<!-- \/ Yoast SEO plugin. -->","yoast_head_json":{"title":"\u00c1udio do Retiro de Ver\u00e3o 2016 #8 - 4 Pensamentos que Transformam a Mente, 6 Blocos, Caminhos - Centro de Estudos Budistas Bodisatva","robots":{"index":"index","follow":"follow","max-snippet":"max-snippet:-1","max-image-preview":"max-image-preview:large","max-video-preview":"max-video-preview:-1"},"canonical":"https:\/\/cebb.org.br\/fr\/audio-do-retiro-de-verao-2016-8-4-pensamentos-que-transformam-a-mente-6-blocos-caminhos\/","og_locale":"fr_FR","og_type":"article","og_title":"\u00c1udio do Retiro de Ver\u00e3o 2016 #8 - 4 Pensamentos que Transformam a Mente, 6 Blocos, Caminhos - Centro de Estudos Budistas Bodisatva","og_description":"\u00c1udio dos ensinamentos de Lama Padma Santem no 3\u00ba dia do Retiro de Ver\u00e3o 2016, no CEBB Caminho do Meio (Viam\u00e3o, RS)","og_url":"https:\/\/cebb.org.br\/fr\/audio-do-retiro-de-verao-2016-8-4-pensamentos-que-transformam-a-mente-6-blocos-caminhos\/","og_site_name":"Centro de Estudos Budistas Bodisatva","article_publisher":"https:\/\/pt-br.facebook.com\/cebb108","article_published_time":"2016-03-24T16:37:35+00:00","article_modified_time":"2024-10-05T19:15:23+00:00","og_image":[{"width":640,"height":427,"url":"https:\/\/cebb.org.br\/wp-content\/uploads\/2016\/03\/24809222144_7f2a54908c_z.jpg","type":"image\/jpeg"}],"twitter_card":"summary_large_image","twitter_misc":{"\u00c9crit par":"","Dur\u00e9e de lecture estim\u00e9e":"2 minutes"},"schema":{"@context":"https:\/\/schema.org","@graph":[{"@type":"Article","@id":"https:\/\/cebb.org.br\/audio-do-retiro-de-verao-2016-8-4-pensamentos-que-transformam-a-mente-6-blocos-caminhos\/#article","isPartOf":{"@id":"https:\/\/cebb.org.br\/audio-do-retiro-de-verao-2016-8-4-pensamentos-que-transformam-a-mente-6-blocos-caminhos\/"},"author":{"name":"","@id":""},"headline":"\u00c1udio do Retiro de Ver\u00e3o 2016 #8 &#8211; 4 Pensamentos que Transformam a Mente, 6 Blocos, Caminhos","datePublished":"2016-03-24T16:37:35+00:00","dateModified":"2024-10-05T19:15:23+00:00","mainEntityOfPage":{"@id":"https:\/\/cebb.org.br\/audio-do-retiro-de-verao-2016-8-4-pensamentos-que-transformam-a-mente-6-blocos-caminhos\/"},"wordCount":473,"publisher":{"@id":"https:\/\/cebb.org.br\/#organization"},"image":{"@id":"https:\/\/cebb.org.br\/audio-do-retiro-de-verao-2016-8-4-pensamentos-que-transformam-a-mente-6-blocos-caminhos\/#primaryimage"},"thumbnailUrl":"https:\/\/cebb.org.br\/wp-content\/uploads\/2016\/03\/24809222144_7f2a54908c_z.jpg","articleSection":["\u00c1udio","Ensinamentos"],"inLanguage":"fr-FR"},{"@type":"WebPage","@id":"https:\/\/cebb.org.br\/audio-do-retiro-de-verao-2016-8-4-pensamentos-que-transformam-a-mente-6-blocos-caminhos\/","url":"https:\/\/cebb.org.br\/audio-do-retiro-de-verao-2016-8-4-pensamentos-que-transformam-a-mente-6-blocos-caminhos\/","name":"\u00c1udio do Retiro de Ver\u00e3o 2016 #8 - 4 Pensamentos que Transformam a Mente, 6 Blocos, Caminhos - Centro de Estudos Budistas Bodisatva","isPartOf":{"@id":"https:\/\/cebb.org.br\/#website"},"primaryImageOfPage":{"@id":"https:\/\/cebb.org.br\/audio-do-retiro-de-verao-2016-8-4-pensamentos-que-transformam-a-mente-6-blocos-caminhos\/#primaryimage"},"image":{"@id":"https:\/\/cebb.org.br\/audio-do-retiro-de-verao-2016-8-4-pensamentos-que-transformam-a-mente-6-blocos-caminhos\/#primaryimage"},"thumbnailUrl":"https:\/\/cebb.org.br\/wp-content\/uploads\/2016\/03\/24809222144_7f2a54908c_z.jpg","datePublished":"2016-03-24T16:37:35+00:00","dateModified":"2024-10-05T19:15:23+00:00","breadcrumb":{"@id":"https:\/\/cebb.org.br\/audio-do-retiro-de-verao-2016-8-4-pensamentos-que-transformam-a-mente-6-blocos-caminhos\/#breadcrumb"},"inLanguage":"fr-FR","potentialAction":[{"@type":"ReadAction","target":["https:\/\/cebb.org.br\/audio-do-retiro-de-verao-2016-8-4-pensamentos-que-transformam-a-mente-6-blocos-caminhos\/"]}]},{"@type":"ImageObject","inLanguage":"fr-FR","@id":"https:\/\/cebb.org.br\/audio-do-retiro-de-verao-2016-8-4-pensamentos-que-transformam-a-mente-6-blocos-caminhos\/#primaryimage","url":"https:\/\/cebb.org.br\/wp-content\/uploads\/2016\/03\/24809222144_7f2a54908c_z.jpg","contentUrl":"https:\/\/cebb.org.br\/wp-content\/uploads\/2016\/03\/24809222144_7f2a54908c_z.jpg","width":640,"height":427},{"@type":"BreadcrumbList","@id":"https:\/\/cebb.org.br\/audio-do-retiro-de-verao-2016-8-4-pensamentos-que-transformam-a-mente-6-blocos-caminhos\/#breadcrumb","itemListElement":[{"@type":"ListItem","position":1,"name":"Home","item":"https:\/\/cebb.org.br\/"},{"@type":"ListItem","position":2,"name":"\u00c1udio do Retiro de Ver\u00e3o 2016 #8 &#8211; 4 Pensamentos que Transformam a Mente, 6 Blocos, Caminhos"}]},{"@type":"WebSite","@id":"https:\/\/cebb.org.br\/#website","url":"https:\/\/cebb.org.br\/","name":"Centre d\u2019\u00c9tudes Bouddhistes Bodisatva (CEBB)","description":"Budismo, medita\u00e7\u00e3o e cultura de paz | Lama Padma Samten","publisher":{"@id":"https:\/\/cebb.org.br\/#organization"},"potentialAction":[{"@type":"SearchAction","target":{"@type":"EntryPoint","urlTemplate":"https:\/\/cebb.org.br\/?s={search_term_string}"},"query-input":{"@type":"PropertyValueSpecification","valueRequired":true,"valueName":"search_term_string"}}],"inLanguage":"fr-FR"},{"@type":"Organization","@id":"https:\/\/cebb.org.br\/#organization","name":"Centre d\u2019\u00c9tudes Bouddhistes Bodisatva (CEBB)","url":"https:\/\/cebb.org.br\/","logo":{"@type":"ImageObject","inLanguage":"fr-FR","@id":"https:\/\/cebb.org.br\/#\/schema\/logo\/image\/","url":"http:\/\/18.230.164.79\/wp-content\/uploads\/2011\/03\/logosalvador-peq-e1660064979551.jpg","contentUrl":"http:\/\/18.230.164.79\/wp-content\/uploads\/2011\/03\/logosalvador-peq-e1660064979551.jpg","width":280,"height":231,"caption":"Centro de Estudos Budistas Bodisatva"},"image":{"@id":"https:\/\/cebb.org.br\/#\/schema\/logo\/image\/"},"sameAs":["https:\/\/pt-br.facebook.com\/cebb108","https:\/\/www.instagram.com\/cebbcaminhodomeio\/"]},{"@type":"Person","@id":"","url":"https:\/\/cebb.org.br\/fr\/author\/"}]}},"_links":{"self":[{"href":"https:\/\/cebb.org.br\/fr\/wp-json\/wp\/v2\/posts\/29690","targetHints":{"allow":["GET"]}}],"collection":[{"href":"https:\/\/cebb.org.br\/fr\/wp-json\/wp\/v2\/posts"}],"about":[{"href":"https:\/\/cebb.org.br\/fr\/wp-json\/wp\/v2\/types\/post"}],"author":[{"embeddable":true,"href":"https:\/\/cebb.org.br\/fr\/wp-json\/wp\/v2\/users\/114"}],"replies":[{"embeddable":true,"href":"https:\/\/cebb.org.br\/fr\/wp-json\/wp\/v2\/comments?post=29690"}],"version-history":[{"count":1,"href":"https:\/\/cebb.org.br\/fr\/wp-json\/wp\/v2\/posts\/29690\/revisions"}],"predecessor-version":[{"id":108506,"href":"https:\/\/cebb.org.br\/fr\/wp-json\/wp\/v2\/posts\/29690\/revisions\/108506"}],"wp:featuredmedia":[{"embeddable":true,"href":"https:\/\/cebb.org.br\/fr\/wp-json\/wp\/v2\/media\/29691"}],"wp:attachment":[{"href":"https:\/\/cebb.org.br\/fr\/wp-json\/wp\/v2\/media?parent=29690"}],"wp:term":[{"taxonomy":"category","embeddable":true,"href":"https:\/\/cebb.org.br\/fr\/wp-json\/wp\/v2\/categories?post=29690"},{"taxonomy":"post_tag","embeddable":true,"href":"https:\/\/cebb.org.br\/fr\/wp-json\/wp\/v2\/tags?post=29690"}],"curies":[{"name":"wp","href":"https:\/\/api.w.org\/{rel}","templated":true}]}}