{"id":32209,"date":"2016-05-30T15:36:08","date_gmt":"2016-05-30T18:36:08","guid":{"rendered":"http:\/\/www.cebb.org.br\/?p=32209"},"modified":"2016-05-30T15:36:08","modified_gmt":"2016-05-30T18:36:08","slug":"oficina-dissolvendo-as-bolhas-de-realidade-atraves-da-estabilizacao-dos-lungs","status":"publish","type":"post","link":"https:\/\/cebb.org.br\/fr\/oficina-dissolvendo-as-bolhas-de-realidade-atraves-da-estabilizacao-dos-lungs\/","title":{"rendered":"Oficina &#124; Dissolvendo as bolhas de realidade atrav\u00e9s da estabiliza\u00e7\u00e3o dos lungs"},"content":{"rendered":"<p>Mensalmente, \u00e0s sextas-feiras, das 18h \u00e0s 21h, no CEBB Macei\u00f3.<br \/>\n<!--more--><\/p>\n<h2>Dissolvendo as bolhas de realidade atrav\u00e9s da estabiliza\u00e7\u00e3o dos lungs<\/h2>\n<p>As bolhas s\u00e3o as pris\u00f5es que sustentamos atrav\u00e9s da fixa\u00e7\u00e3o \u00e0 no\u00e7\u00e3o de uma identidade pessoal, que se move por impulsos, emo\u00e7\u00f5es, prop\u00f3sitos autocentrados, urg\u00eancias, etc.<br \/>\nPara nos livrarmos precisamos ter clareza e lucidez quando elas se manifestam.<br \/>\nA libera\u00e7\u00e3o \u00e9 poss\u00edvel quando conseguimos harmonizar essas modula\u00e7\u00f5es de energia nos colocando em um repouso vivo, conseguimos nos ver livres do sofrimento e manifestar lucidez de forma natural.<\/p>\n<h3>Local<\/h3>\n<p>Av. Dr. Jos\u00e9 Sampaio Luz, 468 \u2013 Ponta Verde, Macei\u00f3, AL<br \/>\nRefer\u00eancia: pr\u00f3ximo ao restaurante Caruaru (<a href=\"http:\/\/www.cebb.org.br\/wp-content\/uploads\/2011\/06\/mapa.png\" target=\"_blank\" rel=\"noopener\">Ver Mapa<\/a>).<\/p>\n<h3>Hor\u00e1rio<\/h3>\n<p>Das 17h \u00e0s 19h<\/p>\n<h3>Contribui\u00e7\u00e3o sugerida<\/h3>\n<p>Contribui\u00e7\u00e3o de R$ 10,00, que ser\u00e1 revertida, integralmente, para as obras de amplia\u00e7\u00e3o do <a href=\"https:\/\/cebb.org.br\/fr\/centros\/pe\/darmata\/\" target=\"_blank\" rel=\"noopener\">CEBB Darmata<\/a>, em Timba\u00faba-PE.<\/p>\n<h3>Informa\u00e7\u00f5es sobre a facilitadora<\/h3>\n<p>Val\u00e9ria Elias: \u00e9 Professora e Mestre em Educa\u00e7\u00e3o F\u00edsica pela UFSC, Organoterapeuta Reichiana, Especialista em Bases Metodol\u00f3gicas e Fisiol\u00f3gicas em academias e em Personal Trainer, aluna do Lama Padma Samten, facilitadora e tutora no CEBB Macei\u00f3.<\/p>\n<h3>Contatos<\/h3>\n<p>C\u00e1tia: (82) 9 9925-5810<br \/>\nVal\u00e9ria: (82) 9 9930-9563<br \/>\nEmail: cebb.maceio@gmail.com<br \/>\nFacebook: CEBB Macei\u00f3<\/p>","protected":false},"excerpt":{"rendered":"<p>Mensalmente, \u00e0s sextas-feiras, das 18h \u00e0s 21h, no CEBB Macei\u00f3.<\/p>","protected":false},"author":139,"featured_media":33094,"comment_status":"closed","ping_status":"open","sticky":false,"template":"","format":"standard","meta":{"footnotes":""},"categories":[398,336],"tags":[],"class_list":["post-32209","post","type-post","status-publish","format-standard","has-post-thumbnail","hentry","category-maceio","category-cursos-com-tutores"],"yoast_head":"<!-- This site is optimized with the Yoast SEO plugin v27.5 - https:\/\/yoast.com\/product\/yoast-seo-wordpress\/ -->\n<title>Oficina &#124; Dissolvendo as bolhas de realidade atrav\u00e9s da estabiliza\u00e7\u00e3o dos lungs - Centro de Estudos Budistas Bodisatva<\/title>\n<meta name=\"robots\" content=\"index, follow, max-snippet:-1, max-image-preview:large, max-video-preview:-1\" \/>\n<link rel=\"canonical\" href=\"https:\/\/cebb.org.br\/fr\/oficina-dissolvendo-as-bolhas-de-realidade-atraves-da-estabilizacao-dos-lungs\/\" \/>\n<meta property=\"og:locale\" content=\"fr_FR\" \/>\n<meta property=\"og:type\" content=\"article\" \/>\n<meta property=\"og:title\" content=\"Oficina &#124; Dissolvendo as bolhas de realidade atrav\u00e9s da estabiliza\u00e7\u00e3o dos lungs - Centro de Estudos Budistas Bodisatva\" \/>\n<meta property=\"og:description\" content=\"Mensalmente, \u00e0s sextas-feiras, das 18h \u00e0s 21h, no CEBB Macei\u00f3.\" \/>\n<meta property=\"og:url\" content=\"https:\/\/cebb.org.br\/fr\/oficina-dissolvendo-as-bolhas-de-realidade-atraves-da-estabilizacao-dos-lungs\/\" \/>\n<meta property=\"og:site_name\" content=\"Centro de Estudos Budistas Bodisatva\" \/>\n<meta property=\"article:publisher\" content=\"https:\/\/pt-br.facebook.com\/cebb108\" \/>\n<meta property=\"article:published_time\" content=\"2016-05-30T18:36:08+00:00\" \/>\n<meta property=\"og:image\" content=\"https:\/\/cebb.org.br\/wp-content\/uploads\/2016\/05\/CEBB_Foto-01deJulho-site.png\" \/>\n\t<meta property=\"og:image:width\" content=\"700\" \/>\n\t<meta property=\"og:image:height\" content=\"325\" \/>\n\t<meta property=\"og:image:type\" content=\"image\/png\" \/>\n<meta name=\"twitter:card\" content=\"summary_large_image\" \/>\n<meta name=\"twitter:label1\" content=\"\u00c9crit par\" \/>\n\t<meta name=\"twitter:data1\" content=\"\" \/>\n\t<meta name=\"twitter:label2\" content=\"Dur\u00e9e de lecture estim\u00e9e\" \/>\n\t<meta name=\"twitter:data2\" content=\"1 minute\" \/>\n<script type=\"application\/ld+json\" class=\"yoast-schema-graph\">{\"@context\":\"https:\\\/\\\/schema.org\",\"@graph\":[{\"@type\":\"Article\",\"@id\":\"https:\\\/\\\/cebb.org.br\\\/oficina-dissolvendo-as-bolhas-de-realidade-atraves-da-estabilizacao-dos-lungs\\\/#article\",\"isPartOf\":{\"@id\":\"https:\\\/\\\/cebb.org.br\\\/oficina-dissolvendo-as-bolhas-de-realidade-atraves-da-estabilizacao-dos-lungs\\\/\"},\"author\":{\"name\":\"\",\"@id\":\"\"},\"headline\":\"Oficina &#124; Dissolvendo as bolhas de realidade atrav\u00e9s da estabiliza\u00e7\u00e3o dos lungs\",\"datePublished\":\"2016-05-30T18:36:08+00:00\",\"mainEntityOfPage\":{\"@id\":\"https:\\\/\\\/cebb.org.br\\\/oficina-dissolvendo-as-bolhas-de-realidade-atraves-da-estabilizacao-dos-lungs\\\/\"},\"wordCount\":219,\"publisher\":{\"@id\":\"https:\\\/\\\/cebb.org.br\\\/#organization\"},\"image\":{\"@id\":\"https:\\\/\\\/cebb.org.br\\\/oficina-dissolvendo-as-bolhas-de-realidade-atraves-da-estabilizacao-dos-lungs\\\/#primaryimage\"},\"thumbnailUrl\":\"https:\\\/\\\/cebb.org.br\\\/wp-content\\\/uploads\\\/2016\\\/05\\\/CEBB_Foto-01deJulho-site.png\",\"articleSection\":[\"CEBB Macei\u00f3\",\"Cursos com tutores\"],\"inLanguage\":\"fr-FR\"},{\"@type\":\"WebPage\",\"@id\":\"https:\\\/\\\/cebb.org.br\\\/oficina-dissolvendo-as-bolhas-de-realidade-atraves-da-estabilizacao-dos-lungs\\\/\",\"url\":\"https:\\\/\\\/cebb.org.br\\\/oficina-dissolvendo-as-bolhas-de-realidade-atraves-da-estabilizacao-dos-lungs\\\/\",\"name\":\"Oficina &#124; Dissolvendo as bolhas de realidade atrav\u00e9s da estabiliza\u00e7\u00e3o dos lungs - Centro de Estudos Budistas Bodisatva\",\"isPartOf\":{\"@id\":\"https:\\\/\\\/cebb.org.br\\\/#website\"},\"primaryImageOfPage\":{\"@id\":\"https:\\\/\\\/cebb.org.br\\\/oficina-dissolvendo-as-bolhas-de-realidade-atraves-da-estabilizacao-dos-lungs\\\/#primaryimage\"},\"image\":{\"@id\":\"https:\\\/\\\/cebb.org.br\\\/oficina-dissolvendo-as-bolhas-de-realidade-atraves-da-estabilizacao-dos-lungs\\\/#primaryimage\"},\"thumbnailUrl\":\"https:\\\/\\\/cebb.org.br\\\/wp-content\\\/uploads\\\/2016\\\/05\\\/CEBB_Foto-01deJulho-site.png\",\"datePublished\":\"2016-05-30T18:36:08+00:00\",\"breadcrumb\":{\"@id\":\"https:\\\/\\\/cebb.org.br\\\/oficina-dissolvendo-as-bolhas-de-realidade-atraves-da-estabilizacao-dos-lungs\\\/#breadcrumb\"},\"inLanguage\":\"fr-FR\",\"potentialAction\":[{\"@type\":\"ReadAction\",\"target\":[\"https:\\\/\\\/cebb.org.br\\\/oficina-dissolvendo-as-bolhas-de-realidade-atraves-da-estabilizacao-dos-lungs\\\/\"]}]},{\"@type\":\"ImageObject\",\"inLanguage\":\"fr-FR\",\"@id\":\"https:\\\/\\\/cebb.org.br\\\/oficina-dissolvendo-as-bolhas-de-realidade-atraves-da-estabilizacao-dos-lungs\\\/#primaryimage\",\"url\":\"https:\\\/\\\/cebb.org.br\\\/wp-content\\\/uploads\\\/2016\\\/05\\\/CEBB_Foto-01deJulho-site.png\",\"contentUrl\":\"https:\\\/\\\/cebb.org.br\\\/wp-content\\\/uploads\\\/2016\\\/05\\\/CEBB_Foto-01deJulho-site.png\",\"width\":700,\"height\":325},{\"@type\":\"BreadcrumbList\",\"@id\":\"https:\\\/\\\/cebb.org.br\\\/oficina-dissolvendo-as-bolhas-de-realidade-atraves-da-estabilizacao-dos-lungs\\\/#breadcrumb\",\"itemListElement\":[{\"@type\":\"ListItem\",\"position\":1,\"name\":\"Home\",\"item\":\"https:\\\/\\\/cebb.org.br\\\/\"},{\"@type\":\"ListItem\",\"position\":2,\"name\":\"Oficina &#124; Dissolvendo as bolhas de realidade atrav\u00e9s da estabiliza\u00e7\u00e3o dos lungs\"}]},{\"@type\":\"WebSite\",\"@id\":\"https:\\\/\\\/cebb.org.br\\\/#website\",\"url\":\"https:\\\/\\\/cebb.org.br\\\/\",\"name\":\"Centro de Estudos Budistas Bodisatva\",\"description\":\"Budismo, medita\u00e7\u00e3o e cultura de paz | Lama Padma Samten\",\"publisher\":{\"@id\":\"https:\\\/\\\/cebb.org.br\\\/#organization\"},\"potentialAction\":[{\"@type\":\"SearchAction\",\"target\":{\"@type\":\"EntryPoint\",\"urlTemplate\":\"https:\\\/\\\/cebb.org.br\\\/?s={search_term_string}\"},\"query-input\":{\"@type\":\"PropertyValueSpecification\",\"valueRequired\":true,\"valueName\":\"search_term_string\"}}],\"inLanguage\":\"fr-FR\"},{\"@type\":\"Organization\",\"@id\":\"https:\\\/\\\/cebb.org.br\\\/#organization\",\"name\":\"Centro de Estudos Budistas Bodisatva\",\"url\":\"https:\\\/\\\/cebb.org.br\\\/\",\"logo\":{\"@type\":\"ImageObject\",\"inLanguage\":\"fr-FR\",\"@id\":\"https:\\\/\\\/cebb.org.br\\\/#\\\/schema\\\/logo\\\/image\\\/\",\"url\":\"http:\\\/\\\/18.230.164.79\\\/wp-content\\\/uploads\\\/2011\\\/03\\\/logosalvador-peq-e1660064979551.jpg\",\"contentUrl\":\"http:\\\/\\\/18.230.164.79\\\/wp-content\\\/uploads\\\/2011\\\/03\\\/logosalvador-peq-e1660064979551.jpg\",\"width\":280,\"height\":231,\"caption\":\"Centro de Estudos Budistas Bodisatva\"},\"image\":{\"@id\":\"https:\\\/\\\/cebb.org.br\\\/#\\\/schema\\\/logo\\\/image\\\/\"},\"sameAs\":[\"https:\\\/\\\/pt-br.facebook.com\\\/cebb108\",\"https:\\\/\\\/www.instagram.com\\\/cebbcaminhodomeio\\\/\"]},{\"@type\":\"Person\",\"@id\":\"\",\"url\":\"https:\\\/\\\/cebb.org.br\\\/fr\\\/author\\\/\"}]}<\/script>\n<!-- \/ Yoast SEO plugin. -->","yoast_head_json":{"title":"Oficina &#124; Dissolvendo as bolhas de realidade atrav\u00e9s da estabiliza\u00e7\u00e3o dos lungs - Centro de Estudos Budistas Bodisatva","robots":{"index":"index","follow":"follow","max-snippet":"max-snippet:-1","max-image-preview":"max-image-preview:large","max-video-preview":"max-video-preview:-1"},"canonical":"https:\/\/cebb.org.br\/fr\/oficina-dissolvendo-as-bolhas-de-realidade-atraves-da-estabilizacao-dos-lungs\/","og_locale":"fr_FR","og_type":"article","og_title":"Oficina &#124; Dissolvendo as bolhas de realidade atrav\u00e9s da estabiliza\u00e7\u00e3o dos lungs - Centro de Estudos Budistas Bodisatva","og_description":"Mensalmente, \u00e0s sextas-feiras, das 18h \u00e0s 21h, no CEBB Macei\u00f3.","og_url":"https:\/\/cebb.org.br\/fr\/oficina-dissolvendo-as-bolhas-de-realidade-atraves-da-estabilizacao-dos-lungs\/","og_site_name":"Centro de Estudos Budistas Bodisatva","article_publisher":"https:\/\/pt-br.facebook.com\/cebb108","article_published_time":"2016-05-30T18:36:08+00:00","og_image":[{"width":700,"height":325,"url":"https:\/\/cebb.org.br\/wp-content\/uploads\/2016\/05\/CEBB_Foto-01deJulho-site.png","type":"image\/png"}],"twitter_card":"summary_large_image","twitter_misc":{"\u00c9crit par":"","Dur\u00e9e de lecture estim\u00e9e":"1 minute"},"schema":{"@context":"https:\/\/schema.org","@graph":[{"@type":"Article","@id":"https:\/\/cebb.org.br\/oficina-dissolvendo-as-bolhas-de-realidade-atraves-da-estabilizacao-dos-lungs\/#article","isPartOf":{"@id":"https:\/\/cebb.org.br\/oficina-dissolvendo-as-bolhas-de-realidade-atraves-da-estabilizacao-dos-lungs\/"},"author":{"name":"","@id":""},"headline":"Oficina &#124; Dissolvendo as bolhas de realidade atrav\u00e9s da estabiliza\u00e7\u00e3o dos lungs","datePublished":"2016-05-30T18:36:08+00:00","mainEntityOfPage":{"@id":"https:\/\/cebb.org.br\/oficina-dissolvendo-as-bolhas-de-realidade-atraves-da-estabilizacao-dos-lungs\/"},"wordCount":219,"publisher":{"@id":"https:\/\/cebb.org.br\/#organization"},"image":{"@id":"https:\/\/cebb.org.br\/oficina-dissolvendo-as-bolhas-de-realidade-atraves-da-estabilizacao-dos-lungs\/#primaryimage"},"thumbnailUrl":"https:\/\/cebb.org.br\/wp-content\/uploads\/2016\/05\/CEBB_Foto-01deJulho-site.png","articleSection":["CEBB Macei\u00f3","Cursos com tutores"],"inLanguage":"fr-FR"},{"@type":"WebPage","@id":"https:\/\/cebb.org.br\/oficina-dissolvendo-as-bolhas-de-realidade-atraves-da-estabilizacao-dos-lungs\/","url":"https:\/\/cebb.org.br\/oficina-dissolvendo-as-bolhas-de-realidade-atraves-da-estabilizacao-dos-lungs\/","name":"Oficina &#124; Dissolvendo as bolhas de realidade atrav\u00e9s da estabiliza\u00e7\u00e3o dos lungs - Centro de Estudos Budistas Bodisatva","isPartOf":{"@id":"https:\/\/cebb.org.br\/#website"},"primaryImageOfPage":{"@id":"https:\/\/cebb.org.br\/oficina-dissolvendo-as-bolhas-de-realidade-atraves-da-estabilizacao-dos-lungs\/#primaryimage"},"image":{"@id":"https:\/\/cebb.org.br\/oficina-dissolvendo-as-bolhas-de-realidade-atraves-da-estabilizacao-dos-lungs\/#primaryimage"},"thumbnailUrl":"https:\/\/cebb.org.br\/wp-content\/uploads\/2016\/05\/CEBB_Foto-01deJulho-site.png","datePublished":"2016-05-30T18:36:08+00:00","breadcrumb":{"@id":"https:\/\/cebb.org.br\/oficina-dissolvendo-as-bolhas-de-realidade-atraves-da-estabilizacao-dos-lungs\/#breadcrumb"},"inLanguage":"fr-FR","potentialAction":[{"@type":"ReadAction","target":["https:\/\/cebb.org.br\/oficina-dissolvendo-as-bolhas-de-realidade-atraves-da-estabilizacao-dos-lungs\/"]}]},{"@type":"ImageObject","inLanguage":"fr-FR","@id":"https:\/\/cebb.org.br\/oficina-dissolvendo-as-bolhas-de-realidade-atraves-da-estabilizacao-dos-lungs\/#primaryimage","url":"https:\/\/cebb.org.br\/wp-content\/uploads\/2016\/05\/CEBB_Foto-01deJulho-site.png","contentUrl":"https:\/\/cebb.org.br\/wp-content\/uploads\/2016\/05\/CEBB_Foto-01deJulho-site.png","width":700,"height":325},{"@type":"BreadcrumbList","@id":"https:\/\/cebb.org.br\/oficina-dissolvendo-as-bolhas-de-realidade-atraves-da-estabilizacao-dos-lungs\/#breadcrumb","itemListElement":[{"@type":"ListItem","position":1,"name":"Home","item":"https:\/\/cebb.org.br\/"},{"@type":"ListItem","position":2,"name":"Oficina &#124; Dissolvendo as bolhas de realidade atrav\u00e9s da estabiliza\u00e7\u00e3o dos lungs"}]},{"@type":"WebSite","@id":"https:\/\/cebb.org.br\/#website","url":"https:\/\/cebb.org.br\/","name":"Centre d\u2019\u00c9tudes Bouddhistes Bodisatva (CEBB)","description":"Budismo, medita\u00e7\u00e3o e cultura de paz | Lama Padma Samten","publisher":{"@id":"https:\/\/cebb.org.br\/#organization"},"potentialAction":[{"@type":"SearchAction","target":{"@type":"EntryPoint","urlTemplate":"https:\/\/cebb.org.br\/?s={search_term_string}"},"query-input":{"@type":"PropertyValueSpecification","valueRequired":true,"valueName":"search_term_string"}}],"inLanguage":"fr-FR"},{"@type":"Organization","@id":"https:\/\/cebb.org.br\/#organization","name":"Centre d\u2019\u00c9tudes Bouddhistes Bodisatva (CEBB)","url":"https:\/\/cebb.org.br\/","logo":{"@type":"ImageObject","inLanguage":"fr-FR","@id":"https:\/\/cebb.org.br\/#\/schema\/logo\/image\/","url":"http:\/\/18.230.164.79\/wp-content\/uploads\/2011\/03\/logosalvador-peq-e1660064979551.jpg","contentUrl":"http:\/\/18.230.164.79\/wp-content\/uploads\/2011\/03\/logosalvador-peq-e1660064979551.jpg","width":280,"height":231,"caption":"Centro de Estudos Budistas Bodisatva"},"image":{"@id":"https:\/\/cebb.org.br\/#\/schema\/logo\/image\/"},"sameAs":["https:\/\/pt-br.facebook.com\/cebb108","https:\/\/www.instagram.com\/cebbcaminhodomeio\/"]},{"@type":"Person","@id":"","url":"https:\/\/cebb.org.br\/fr\/author\/"}]}},"_links":{"self":[{"href":"https:\/\/cebb.org.br\/fr\/wp-json\/wp\/v2\/posts\/32209","targetHints":{"allow":["GET"]}}],"collection":[{"href":"https:\/\/cebb.org.br\/fr\/wp-json\/wp\/v2\/posts"}],"about":[{"href":"https:\/\/cebb.org.br\/fr\/wp-json\/wp\/v2\/types\/post"}],"author":[{"embeddable":true,"href":"https:\/\/cebb.org.br\/fr\/wp-json\/wp\/v2\/users\/139"}],"replies":[{"embeddable":true,"href":"https:\/\/cebb.org.br\/fr\/wp-json\/wp\/v2\/comments?post=32209"}],"version-history":[{"count":0,"href":"https:\/\/cebb.org.br\/fr\/wp-json\/wp\/v2\/posts\/32209\/revisions"}],"wp:featuredmedia":[{"embeddable":true,"href":"https:\/\/cebb.org.br\/fr\/wp-json\/wp\/v2\/media\/33094"}],"wp:attachment":[{"href":"https:\/\/cebb.org.br\/fr\/wp-json\/wp\/v2\/media?parent=32209"}],"wp:term":[{"taxonomy":"category","embeddable":true,"href":"https:\/\/cebb.org.br\/fr\/wp-json\/wp\/v2\/categories?post=32209"},{"taxonomy":"post_tag","embeddable":true,"href":"https:\/\/cebb.org.br\/fr\/wp-json\/wp\/v2\/tags?post=32209"}],"curies":[{"name":"wp","href":"https:\/\/api.w.org\/{rel}","templated":true}]}}