{"id":53174,"date":"2023-11-28T08:00:40","date_gmt":"2023-11-28T11:00:40","guid":{"rendered":"http:\/\/www.cebb.org.br\/?p=53174"},"modified":"2026-04-01T20:06:24","modified_gmt":"2026-04-01T23:06:24","slug":"acolhimento-fortal","status":"publish","type":"post","link":"https:\/\/cebb.org.br\/fr\/acolhimento-fortal\/","title":{"rendered":"Acolhimento &amp; Para Come\u00e7ar a Meditar"},"content":{"rendered":"<p><em>No s\u00e1bado, 04 de abril das 9h \u00e0s 12h, o CEBB Fortaleza abre um espa\u00e7o para o acolhimento e instru\u00e7\u00f5es iniciais de medita\u00e7\u00e3o! Todas as pessoas s\u00e3o bem-vindas!<\/em><!--more--><br \/>\n&nbsp;<\/p>\n<h3><strong>Acolhimento<\/strong><\/h3>\n<blockquote><p>&#8220;Precisamos ter a sabedoria da cor azul, que \u00e9 a sabedoria de olhar para o outro e acolh\u00ea-lo do jeito que ele vem. Isso \u00e9 tamb\u00e9m chamado de sabedoria do espelho. E o que significa acolher o outro do jeito que ele vem? Significa, em primeiro lugar, entender como o outro est\u00e1 vivendo, qual sua experi\u00eancia de mundo, como ele est\u00e1 experimentando aquilo. Para entender como o outro vive a sua experi\u00eancia de mundo, temos que entender que a mente dele se espelha no mundo; que o mundo \u00e9 um espelho que reflete a mente dele.&#8221;<\/p>\n<p style=\"text-align: right;\">Lama Padma Samten<\/p>\n<\/blockquote>\n<p>Nesta atividade, o CEBB Fortaleza far\u00e1 o acolhimento das pessoas que buscam uma aproxima\u00e7\u00e3o com os ensinamentos de Buda. Numa conversa aberta, apresentaremos o CEBB, criado pelo Lama Padma Samten, suas atividades, a motiva\u00e7\u00e3o de trazer benef\u00edcios aos seres e as pr\u00e1ticas oferecidas pelo CEBB Fortaleza. Conversaremos sobre alguns ensinamentos tradicionais budistas como: As quatro nobres verdades, O nobre caminho de oito passos, responsabilidade universal, os quatro pensamentos que transformam a mente, entre outros, e a import\u00e2ncia de contempl\u00e1-los na nossa experi\u00eancia cotidiana.<br \/>\n&nbsp;<\/p>\n<h3><strong>Para Come\u00e7ar a Meditar: Introdu\u00e7\u00e3o \u00e0 pr\u00e1tica de sil\u00eancio<\/strong><\/h3>\n<p>Nessa pr\u00e1tica ofereceremos orienta\u00e7\u00f5es introdut\u00f3rias nos cuidados com o corpo aliadas \u00e0 instru\u00e7\u00f5es iniciais de medita\u00e7\u00e3o silenciosa.<\/p>\n<blockquote><p>&#8220;Corpo ereto, sereno. Aten\u00e7\u00e3o na respira\u00e7\u00e3o. O ar entra, o ar sai\u2026 A consci\u00eancia focada nesse movimento infind\u00e1vel e mon\u00f3tono. O ar que entra e sai \u00e9 o movimento incessante do Universo, sem origem e sem fim. O ponto central da pr\u00e1tica \u00e9 que h\u00e1 algo est\u00e1vel, im\u00f3vel, vivo, mesmo dentro desse movimento infind\u00e1vel do mundo. Veja! Sentados, exercitamos a familiaridade com a estabilidade que n\u00e3o se perturba com o que flui dentro ou fora. N\u00e3o \u00e9 preciso parar o movimento, a natural presen\u00e7a serena n\u00e3o \u00e9 perturbada. \u00c9 uma presen\u00e7a transl\u00facida, n\u00e3o perturb\u00e1vel.&#8221;<\/p>\n<p style=\"text-align: right;\">Lama Padma Samten,<\/p>\n<\/blockquote>\n<p>Recomendamos vir com roupas confort\u00e1veis.<\/p>\n<p><strong>Participe, convide, compartilhe!<\/strong><br \/>\n&nbsp;<\/p>\n<h3>Quando<\/h3>\n<p><strong>Um s\u00e1bado de cada m\u00eas<\/strong><br \/>\nPr\u00f3ximo encontro 2026 | Dia 04 de abril.<\/p>\n<h3>Hor\u00e1rio<\/h3>\n<p><strong>09h \u00e0s 12h<\/strong><br \/>\n&nbsp;<\/p>\n<h3>Local<\/h3>\n<p>Rua Joaquim Nabuco, 700 | Meireles<br \/>\n&nbsp;<\/p>\n<h3>Contribui\u00e7\u00e3o Livre<\/h3>\n<p>As contribui\u00e7\u00f5es s\u00e3o a \u00fanica fonte para manter e cobrir as despesas dos Centros de Darma, assim como a divulga\u00e7\u00e3o dos ensinamentos e a organiza\u00e7\u00e3o de palestras e encontros. Por outro lado, elas s\u00e3o apenas sugeridas e n\u00e3o obrigat\u00f3rias, pois esperamos que as pessoas n\u00e3o encontrem nisso um obst\u00e1culo para sua participa\u00e7\u00e3o. Ao contribuir, voc\u00ea estar\u00e1 apoiando as movimenta\u00e7\u00f5es do Lama Padma Samten, do CEBB e as atividades do CEBB Fortaleza. Qualquer d\u00favida, entre em contato conosco.<\/p>\n<h3>Contatos<\/h3>\n<p>85 99999 8197 | 85 99925 5060 | 85 99991 7187<br \/>\nE-mail | cebbfortaleza@gmail.com<br \/>\n<a href=\"https:\/\/www.facebook.com\/cebbfortaleza\/\">Facebook <\/a>|<a href=\"https:\/\/www.instagram.com\/cebbfortaleza\/\">Instagram<\/a> |<a href=\"https:\/\/www.youtube.com\/channel\/UCu5FM_AmP1crNO0A225i15Q\"> Youtube<\/a><\/p>","protected":false},"excerpt":{"rendered":"<p>No s\u00e1bado, 04 de abril das 9h \u00e0s 12h, o CEBB Fortaleza abre um espa\u00e7o para o acolhimento e instru\u00e7\u00f5es iniciais de medita\u00e7\u00e3o! Todas as pessoas s\u00e3o bem-vindas!<\/p>","protected":false},"author":4,"featured_media":59101,"comment_status":"closed","ping_status":"open","sticky":false,"template":"","format":"standard","meta":{"footnotes":""},"categories":[369,384,364],"tags":[522],"class_list":["post-53174","post","type-post","status-publish","format-standard","has-post-thumbnail","hentry","category-ce","category-cebb-fortaleza","category-treinamento","tag-eventos"],"yoast_head":"<!-- This site is optimized with the Yoast SEO plugin v27.5 - https:\/\/yoast.com\/product\/yoast-seo-wordpress\/ -->\n<title>Acolhimento &amp; Para Come\u00e7ar a Meditar - Centro de Estudos Budistas Bodisatva<\/title>\n<meta name=\"description\" content=\"S\u00e1bado, dia 04 de abril, das 09h \u00e0s 12h, o CEBB Fortaleza abre espa\u00e7o para o acolhimento e instru\u00e7\u00f5es iniciais de medita\u00e7\u00e3o! Participe e Divulgue!\" \/>\n<meta name=\"robots\" content=\"index, follow, max-snippet:-1, max-image-preview:large, max-video-preview:-1\" \/>\n<link rel=\"canonical\" href=\"https:\/\/cebb.org.br\/fr\/acolhimento-fortal\/\" \/>\n<meta property=\"og:locale\" content=\"fr_FR\" \/>\n<meta property=\"og:type\" content=\"article\" \/>\n<meta property=\"og:title\" content=\"Acolhimento &amp; Para Come\u00e7ar a Meditar - Centro de Estudos Budistas Bodisatva\" \/>\n<meta property=\"og:description\" content=\"S\u00e1bado, dia 04 de abril, das 09h \u00e0s 12h, o CEBB Fortaleza abre espa\u00e7o para o acolhimento e instru\u00e7\u00f5es iniciais de medita\u00e7\u00e3o! Participe e Divulgue!\" \/>\n<meta property=\"og:url\" content=\"https:\/\/cebb.org.br\/fr\/acolhimento-fortal\/\" \/>\n<meta property=\"og:site_name\" content=\"Centro de Estudos Budistas Bodisatva\" \/>\n<meta property=\"article:publisher\" content=\"https:\/\/pt-br.facebook.com\/cebb108\" \/>\n<meta property=\"article:published_time\" content=\"2023-11-28T11:00:40+00:00\" \/>\n<meta property=\"article:modified_time\" content=\"2026-04-01T23:06:24+00:00\" \/>\n<meta property=\"og:image\" content=\"https:\/\/cebb.org.br\/wp-content\/uploads\/2018\/03\/25321418862_af83658d38_k1-1.jpg\" \/>\n\t<meta property=\"og:image:width\" content=\"2048\" \/>\n\t<meta property=\"og:image:height\" content=\"1365\" \/>\n\t<meta property=\"og:image:type\" content=\"image\/jpeg\" \/>\n<meta name=\"author\" content=\"adriana\" \/>\n<meta name=\"twitter:card\" content=\"summary_large_image\" \/>\n<meta name=\"twitter:label1\" content=\"\u00c9crit par\" \/>\n\t<meta name=\"twitter:data1\" content=\"adriana\" \/>\n\t<meta name=\"twitter:label2\" content=\"Dur\u00e9e de lecture estim\u00e9e\" \/>\n\t<meta name=\"twitter:data2\" content=\"2 minutes\" \/>\n<script type=\"application\/ld+json\" class=\"yoast-schema-graph\">{\"@context\":\"https:\\\/\\\/schema.org\",\"@graph\":[{\"@type\":\"Article\",\"@id\":\"https:\\\/\\\/cebb.org.br\\\/acolhimento-fortal\\\/#article\",\"isPartOf\":{\"@id\":\"https:\\\/\\\/cebb.org.br\\\/acolhimento-fortal\\\/\"},\"author\":{\"name\":\"adriana\",\"@id\":\"https:\\\/\\\/cebb.org.br\\\/#\\\/schema\\\/person\\\/2943f7434cfdce8a50054bcca9da418e\"},\"headline\":\"Acolhimento &amp; Para Come\u00e7ar a Meditar\",\"datePublished\":\"2023-11-28T11:00:40+00:00\",\"dateModified\":\"2026-04-01T23:06:24+00:00\",\"mainEntityOfPage\":{\"@id\":\"https:\\\/\\\/cebb.org.br\\\/acolhimento-fortal\\\/\"},\"wordCount\":510,\"publisher\":{\"@id\":\"https:\\\/\\\/cebb.org.br\\\/#organization\"},\"image\":{\"@id\":\"https:\\\/\\\/cebb.org.br\\\/acolhimento-fortal\\\/#primaryimage\"},\"thumbnailUrl\":\"https:\\\/\\\/cebb.org.br\\\/wp-content\\\/uploads\\\/2018\\\/03\\\/25321418862_af83658d38_k1-1.jpg\",\"keywords\":[\"Eventos\"],\"articleSection\":[\"CE\",\"CEBB Fortaleza\",\"Treinamento em vis\u00e3o e medita\u00e7\u00e3o\"],\"inLanguage\":\"fr-FR\"},{\"@type\":\"WebPage\",\"@id\":\"https:\\\/\\\/cebb.org.br\\\/acolhimento-fortal\\\/\",\"url\":\"https:\\\/\\\/cebb.org.br\\\/acolhimento-fortal\\\/\",\"name\":\"Acolhimento &amp; Para Come\u00e7ar a Meditar - Centro de Estudos Budistas Bodisatva\",\"isPartOf\":{\"@id\":\"https:\\\/\\\/cebb.org.br\\\/#website\"},\"primaryImageOfPage\":{\"@id\":\"https:\\\/\\\/cebb.org.br\\\/acolhimento-fortal\\\/#primaryimage\"},\"image\":{\"@id\":\"https:\\\/\\\/cebb.org.br\\\/acolhimento-fortal\\\/#primaryimage\"},\"thumbnailUrl\":\"https:\\\/\\\/cebb.org.br\\\/wp-content\\\/uploads\\\/2018\\\/03\\\/25321418862_af83658d38_k1-1.jpg\",\"datePublished\":\"2023-11-28T11:00:40+00:00\",\"dateModified\":\"2026-04-01T23:06:24+00:00\",\"description\":\"S\u00e1bado, dia 04 de abril, das 09h \u00e0s 12h, o CEBB Fortaleza abre espa\u00e7o para o acolhimento e instru\u00e7\u00f5es iniciais de medita\u00e7\u00e3o! Participe e Divulgue!\",\"breadcrumb\":{\"@id\":\"https:\\\/\\\/cebb.org.br\\\/acolhimento-fortal\\\/#breadcrumb\"},\"inLanguage\":\"fr-FR\",\"potentialAction\":[{\"@type\":\"ReadAction\",\"target\":[\"https:\\\/\\\/cebb.org.br\\\/acolhimento-fortal\\\/\"]}]},{\"@type\":\"ImageObject\",\"inLanguage\":\"fr-FR\",\"@id\":\"https:\\\/\\\/cebb.org.br\\\/acolhimento-fortal\\\/#primaryimage\",\"url\":\"https:\\\/\\\/cebb.org.br\\\/wp-content\\\/uploads\\\/2018\\\/03\\\/25321418862_af83658d38_k1-1.jpg\",\"contentUrl\":\"https:\\\/\\\/cebb.org.br\\\/wp-content\\\/uploads\\\/2018\\\/03\\\/25321418862_af83658d38_k1-1.jpg\",\"width\":2048,\"height\":1365},{\"@type\":\"BreadcrumbList\",\"@id\":\"https:\\\/\\\/cebb.org.br\\\/acolhimento-fortal\\\/#breadcrumb\",\"itemListElement\":[{\"@type\":\"ListItem\",\"position\":1,\"name\":\"Home\",\"item\":\"https:\\\/\\\/cebb.org.br\\\/\"},{\"@type\":\"ListItem\",\"position\":2,\"name\":\"Acolhimento &amp; Para Come\u00e7ar a Meditar\"}]},{\"@type\":\"WebSite\",\"@id\":\"https:\\\/\\\/cebb.org.br\\\/#website\",\"url\":\"https:\\\/\\\/cebb.org.br\\\/\",\"name\":\"Centro de Estudos Budistas Bodisatva\",\"description\":\"Budismo, medita\u00e7\u00e3o e cultura de paz | Lama Padma Samten\",\"publisher\":{\"@id\":\"https:\\\/\\\/cebb.org.br\\\/#organization\"},\"potentialAction\":[{\"@type\":\"SearchAction\",\"target\":{\"@type\":\"EntryPoint\",\"urlTemplate\":\"https:\\\/\\\/cebb.org.br\\\/?s={search_term_string}\"},\"query-input\":{\"@type\":\"PropertyValueSpecification\",\"valueRequired\":true,\"valueName\":\"search_term_string\"}}],\"inLanguage\":\"fr-FR\"},{\"@type\":\"Organization\",\"@id\":\"https:\\\/\\\/cebb.org.br\\\/#organization\",\"name\":\"Centro de Estudos Budistas Bodisatva\",\"url\":\"https:\\\/\\\/cebb.org.br\\\/\",\"logo\":{\"@type\":\"ImageObject\",\"inLanguage\":\"fr-FR\",\"@id\":\"https:\\\/\\\/cebb.org.br\\\/#\\\/schema\\\/logo\\\/image\\\/\",\"url\":\"http:\\\/\\\/18.230.164.79\\\/wp-content\\\/uploads\\\/2011\\\/03\\\/logosalvador-peq-e1660064979551.jpg\",\"contentUrl\":\"http:\\\/\\\/18.230.164.79\\\/wp-content\\\/uploads\\\/2011\\\/03\\\/logosalvador-peq-e1660064979551.jpg\",\"width\":280,\"height\":231,\"caption\":\"Centro de Estudos Budistas Bodisatva\"},\"image\":{\"@id\":\"https:\\\/\\\/cebb.org.br\\\/#\\\/schema\\\/logo\\\/image\\\/\"},\"sameAs\":[\"https:\\\/\\\/pt-br.facebook.com\\\/cebb108\",\"https:\\\/\\\/www.instagram.com\\\/cebbcaminhodomeio\\\/\"]},{\"@type\":\"Person\",\"@id\":\"https:\\\/\\\/cebb.org.br\\\/#\\\/schema\\\/person\\\/2943f7434cfdce8a50054bcca9da418e\",\"name\":\"adriana\",\"image\":{\"@type\":\"ImageObject\",\"inLanguage\":\"fr-FR\",\"@id\":\"https:\\\/\\\/secure.gravatar.com\\\/avatar\\\/f235a6769909b7357e271e7b95d7f24ff1268d2236b0a381c02f83a6368721f1?s=96&d=mm&r=g\",\"url\":\"https:\\\/\\\/secure.gravatar.com\\\/avatar\\\/f235a6769909b7357e271e7b95d7f24ff1268d2236b0a381c02f83a6368721f1?s=96&d=mm&r=g\",\"contentUrl\":\"https:\\\/\\\/secure.gravatar.com\\\/avatar\\\/f235a6769909b7357e271e7b95d7f24ff1268d2236b0a381c02f83a6368721f1?s=96&d=mm&r=g\",\"caption\":\"adriana\"},\"url\":\"https:\\\/\\\/cebb.org.br\\\/fr\\\/author\\\/adriana\\\/\"}]}<\/script>\n<!-- \/ Yoast SEO plugin. -->","yoast_head_json":{"title":"Acolhimento &amp; Para Come\u00e7ar a Meditar - Centro de Estudos Budistas Bodisatva","description":"S\u00e1bado, dia 04 de abril, das 09h \u00e0s 12h, o CEBB Fortaleza abre espa\u00e7o para o acolhimento e instru\u00e7\u00f5es iniciais de medita\u00e7\u00e3o! Participe e Divulgue!","robots":{"index":"index","follow":"follow","max-snippet":"max-snippet:-1","max-image-preview":"max-image-preview:large","max-video-preview":"max-video-preview:-1"},"canonical":"https:\/\/cebb.org.br\/fr\/acolhimento-fortal\/","og_locale":"fr_FR","og_type":"article","og_title":"Acolhimento &amp; Para Come\u00e7ar a Meditar - Centro de Estudos Budistas Bodisatva","og_description":"S\u00e1bado, dia 04 de abril, das 09h \u00e0s 12h, o CEBB Fortaleza abre espa\u00e7o para o acolhimento e instru\u00e7\u00f5es iniciais de medita\u00e7\u00e3o! Participe e Divulgue!","og_url":"https:\/\/cebb.org.br\/fr\/acolhimento-fortal\/","og_site_name":"Centro de Estudos Budistas Bodisatva","article_publisher":"https:\/\/pt-br.facebook.com\/cebb108","article_published_time":"2023-11-28T11:00:40+00:00","article_modified_time":"2026-04-01T23:06:24+00:00","og_image":[{"width":2048,"height":1365,"url":"https:\/\/cebb.org.br\/wp-content\/uploads\/2018\/03\/25321418862_af83658d38_k1-1.jpg","type":"image\/jpeg"}],"author":"adriana","twitter_card":"summary_large_image","twitter_misc":{"\u00c9crit par":"adriana","Dur\u00e9e de lecture estim\u00e9e":"2 minutes"},"schema":{"@context":"https:\/\/schema.org","@graph":[{"@type":"Article","@id":"https:\/\/cebb.org.br\/acolhimento-fortal\/#article","isPartOf":{"@id":"https:\/\/cebb.org.br\/acolhimento-fortal\/"},"author":{"name":"adriana","@id":"https:\/\/cebb.org.br\/#\/schema\/person\/2943f7434cfdce8a50054bcca9da418e"},"headline":"Acolhimento &amp; Para Come\u00e7ar a Meditar","datePublished":"2023-11-28T11:00:40+00:00","dateModified":"2026-04-01T23:06:24+00:00","mainEntityOfPage":{"@id":"https:\/\/cebb.org.br\/acolhimento-fortal\/"},"wordCount":510,"publisher":{"@id":"https:\/\/cebb.org.br\/#organization"},"image":{"@id":"https:\/\/cebb.org.br\/acolhimento-fortal\/#primaryimage"},"thumbnailUrl":"https:\/\/cebb.org.br\/wp-content\/uploads\/2018\/03\/25321418862_af83658d38_k1-1.jpg","keywords":["Eventos"],"articleSection":["CE","CEBB Fortaleza","Treinamento em vis\u00e3o e medita\u00e7\u00e3o"],"inLanguage":"fr-FR"},{"@type":"WebPage","@id":"https:\/\/cebb.org.br\/acolhimento-fortal\/","url":"https:\/\/cebb.org.br\/acolhimento-fortal\/","name":"Acolhimento &amp; Para Come\u00e7ar a Meditar - Centro de Estudos Budistas Bodisatva","isPartOf":{"@id":"https:\/\/cebb.org.br\/#website"},"primaryImageOfPage":{"@id":"https:\/\/cebb.org.br\/acolhimento-fortal\/#primaryimage"},"image":{"@id":"https:\/\/cebb.org.br\/acolhimento-fortal\/#primaryimage"},"thumbnailUrl":"https:\/\/cebb.org.br\/wp-content\/uploads\/2018\/03\/25321418862_af83658d38_k1-1.jpg","datePublished":"2023-11-28T11:00:40+00:00","dateModified":"2026-04-01T23:06:24+00:00","description":"S\u00e1bado, dia 04 de abril, das 09h \u00e0s 12h, o CEBB Fortaleza abre espa\u00e7o para o acolhimento e instru\u00e7\u00f5es iniciais de medita\u00e7\u00e3o! Participe e Divulgue!","breadcrumb":{"@id":"https:\/\/cebb.org.br\/acolhimento-fortal\/#breadcrumb"},"inLanguage":"fr-FR","potentialAction":[{"@type":"ReadAction","target":["https:\/\/cebb.org.br\/acolhimento-fortal\/"]}]},{"@type":"ImageObject","inLanguage":"fr-FR","@id":"https:\/\/cebb.org.br\/acolhimento-fortal\/#primaryimage","url":"https:\/\/cebb.org.br\/wp-content\/uploads\/2018\/03\/25321418862_af83658d38_k1-1.jpg","contentUrl":"https:\/\/cebb.org.br\/wp-content\/uploads\/2018\/03\/25321418862_af83658d38_k1-1.jpg","width":2048,"height":1365},{"@type":"BreadcrumbList","@id":"https:\/\/cebb.org.br\/acolhimento-fortal\/#breadcrumb","itemListElement":[{"@type":"ListItem","position":1,"name":"Home","item":"https:\/\/cebb.org.br\/"},{"@type":"ListItem","position":2,"name":"Acolhimento &amp; Para Come\u00e7ar a Meditar"}]},{"@type":"WebSite","@id":"https:\/\/cebb.org.br\/#website","url":"https:\/\/cebb.org.br\/","name":"Centre d\u2019\u00c9tudes Bouddhistes Bodisatva (CEBB)","description":"Budismo, medita\u00e7\u00e3o e cultura de paz | Lama Padma Samten","publisher":{"@id":"https:\/\/cebb.org.br\/#organization"},"potentialAction":[{"@type":"SearchAction","target":{"@type":"EntryPoint","urlTemplate":"https:\/\/cebb.org.br\/?s={search_term_string}"},"query-input":{"@type":"PropertyValueSpecification","valueRequired":true,"valueName":"search_term_string"}}],"inLanguage":"fr-FR"},{"@type":"Organization","@id":"https:\/\/cebb.org.br\/#organization","name":"Centre d\u2019\u00c9tudes Bouddhistes Bodisatva (CEBB)","url":"https:\/\/cebb.org.br\/","logo":{"@type":"ImageObject","inLanguage":"fr-FR","@id":"https:\/\/cebb.org.br\/#\/schema\/logo\/image\/","url":"http:\/\/18.230.164.79\/wp-content\/uploads\/2011\/03\/logosalvador-peq-e1660064979551.jpg","contentUrl":"http:\/\/18.230.164.79\/wp-content\/uploads\/2011\/03\/logosalvador-peq-e1660064979551.jpg","width":280,"height":231,"caption":"Centro de Estudos Budistas Bodisatva"},"image":{"@id":"https:\/\/cebb.org.br\/#\/schema\/logo\/image\/"},"sameAs":["https:\/\/pt-br.facebook.com\/cebb108","https:\/\/www.instagram.com\/cebbcaminhodomeio\/"]},{"@type":"Person","@id":"https:\/\/cebb.org.br\/#\/schema\/person\/2943f7434cfdce8a50054bcca9da418e","name":"adriana","image":{"@type":"ImageObject","inLanguage":"fr-FR","@id":"https:\/\/secure.gravatar.com\/avatar\/f235a6769909b7357e271e7b95d7f24ff1268d2236b0a381c02f83a6368721f1?s=96&d=mm&r=g","url":"https:\/\/secure.gravatar.com\/avatar\/f235a6769909b7357e271e7b95d7f24ff1268d2236b0a381c02f83a6368721f1?s=96&d=mm&r=g","contentUrl":"https:\/\/secure.gravatar.com\/avatar\/f235a6769909b7357e271e7b95d7f24ff1268d2236b0a381c02f83a6368721f1?s=96&d=mm&r=g","caption":"adriana"},"url":"https:\/\/cebb.org.br\/fr\/author\/adriana\/"}]}},"_links":{"self":[{"href":"https:\/\/cebb.org.br\/fr\/wp-json\/wp\/v2\/posts\/53174","targetHints":{"allow":["GET"]}}],"collection":[{"href":"https:\/\/cebb.org.br\/fr\/wp-json\/wp\/v2\/posts"}],"about":[{"href":"https:\/\/cebb.org.br\/fr\/wp-json\/wp\/v2\/types\/post"}],"author":[{"embeddable":true,"href":"https:\/\/cebb.org.br\/fr\/wp-json\/wp\/v2\/users\/4"}],"replies":[{"embeddable":true,"href":"https:\/\/cebb.org.br\/fr\/wp-json\/wp\/v2\/comments?post=53174"}],"version-history":[{"count":70,"href":"https:\/\/cebb.org.br\/fr\/wp-json\/wp\/v2\/posts\/53174\/revisions"}],"predecessor-version":[{"id":121616,"href":"https:\/\/cebb.org.br\/fr\/wp-json\/wp\/v2\/posts\/53174\/revisions\/121616"}],"wp:featuredmedia":[{"embeddable":true,"href":"https:\/\/cebb.org.br\/fr\/wp-json\/wp\/v2\/media\/59101"}],"wp:attachment":[{"href":"https:\/\/cebb.org.br\/fr\/wp-json\/wp\/v2\/media?parent=53174"}],"wp:term":[{"taxonomy":"category","embeddable":true,"href":"https:\/\/cebb.org.br\/fr\/wp-json\/wp\/v2\/categories?post=53174"},{"taxonomy":"post_tag","embeddable":true,"href":"https:\/\/cebb.org.br\/fr\/wp-json\/wp\/v2\/tags?post=53174"}],"curies":[{"name":"wp","href":"https:\/\/api.w.org\/{rel}","templated":true}]}}