{"id":59839,"date":"2018-09-03T20:02:51","date_gmt":"2018-09-03T23:02:51","guid":{"rendered":"http:\/\/www.cebb.org.br\/?p=59839"},"modified":"2018-09-03T20:02:51","modified_gmt":"2018-09-03T23:02:51","slug":"dia-de-silencio-no-cebb-maceio-2","status":"publish","type":"post","link":"https:\/\/cebb.org.br\/fr\/dia-de-silencio-no-cebb-maceio-2\/","title":{"rendered":"Dia de Sil\u00eancio no CEBB Macei\u00f3"},"content":{"rendered":"<p dir=\"ltr\"><strong>Domingo, 09 de setembro<\/strong><\/p>\n<p dir=\"ltr\"><strong>das 9h \u00e0s 12h e das 14h \u00e0s 17h<\/strong><\/p>\n<p dir=\"ltr\"><strong>Local: CEBB Macei\u00f3<\/strong><\/p>\n<p dir=\"ltr\">\u201cSimplesmente sente\u201d: esse \u00e9 o convite que o CEBB Macei\u00f3 retoma a partir do pr\u00f3ximo domingo (9\/9), com um dia inteiro por m\u00eas reservado ao exerc\u00edcio do Nobre Sil\u00eancio.<!--more--> Voltada tanto para iniciantes quanto para praticantes avan\u00e7ados, a pr\u00e1tica tem como objetivo proporcionar a experi\u00eancia de um miniretiro urbano, oferecendo um ambiente prop\u00edcio \u00e0 concentra\u00e7\u00e3o e \u00e0 medita\u00e7\u00e3o baseada no Roteiro de 21 Itens proposto pelo Lama Padma Samten. Os participantes poder\u00e3o optar por acompanhar o dia inteiro ou apenas um dos turnos, das 9h \u00e0s 12h ou das 14h \u00e0s 17h. No intervalo de almo\u00e7o, quem desejar, pode ainda trazer um prato vegetariano para compartilhar em um lanche coletivo.<\/p>\n<p dir=\"ltr\">As vagas s\u00e3o limitadas e as inscri\u00e7\u00f5es, com contribui\u00e7\u00e3o sugerida de R$ 20 por turno ou R$ 30 o dia completo, podem ser feitas <a href=\"http:\/\/bit.ly\/silencio-9set\" target=\"_blank\" rel=\"noopener\">clicando aqui.<\/a><\/p>","protected":false},"excerpt":{"rendered":"<p>Domingo, 09 de setembro das 9h \u00e0s 12h e das 14h \u00e0s 17h Local: CEBB Macei\u00f3 \u201cSimplesmente sente\u201d: esse \u00e9 o convite que o CEBB Macei\u00f3 retoma a partir do pr\u00f3ximo domingo (9\/9), com um dia inteiro por m\u00eas reservado ao exerc\u00edcio do Nobre Sil\u00eancio.<\/p>","protected":false},"author":139,"featured_media":59841,"comment_status":"closed","ping_status":"open","sticky":false,"template":"","format":"standard","meta":{"footnotes":""},"categories":[366,398,334,354],"tags":[477,554,560,598,603,614],"class_list":["post-59839","post","type-post","status-publish","format-standard","has-post-thumbnail","hentry","category-al","category-maceio","category-centros","category-pratica","tag-cebb-maceio","tag-maceio-2","tag-meditacao","tag-retiro","tag-retiro-urbano","tag-silencio"],"yoast_head":"<!-- This site is optimized with the Yoast SEO plugin v27.5 - https:\/\/yoast.com\/product\/yoast-seo-wordpress\/ -->\n<title>Dia de Sil\u00eancio no CEBB Macei\u00f3 - Centro de Estudos Budistas Bodisatva<\/title>\n<meta name=\"robots\" content=\"index, follow, max-snippet:-1, max-image-preview:large, max-video-preview:-1\" \/>\n<link rel=\"canonical\" href=\"https:\/\/cebb.org.br\/fr\/dia-de-silencio-no-cebb-maceio-2\/\" \/>\n<meta property=\"og:locale\" content=\"fr_FR\" \/>\n<meta property=\"og:type\" content=\"article\" \/>\n<meta property=\"og:title\" content=\"Dia de Sil\u00eancio no CEBB Macei\u00f3 - Centro de Estudos Budistas Bodisatva\" \/>\n<meta property=\"og:description\" content=\"Domingo, 09 de setembro das 9h \u00e0s 12h e das 14h \u00e0s 17h Local: CEBB Macei\u00f3 \u201cSimplesmente sente\u201d: esse \u00e9 o convite que o CEBB Macei\u00f3 retoma a partir do pr\u00f3ximo domingo (9\/9), com um dia inteiro por m\u00eas reservado ao exerc\u00edcio do Nobre Sil\u00eancio.\" \/>\n<meta property=\"og:url\" content=\"https:\/\/cebb.org.br\/fr\/dia-de-silencio-no-cebb-maceio-2\/\" \/>\n<meta property=\"og:site_name\" content=\"Centro de Estudos Budistas Bodisatva\" \/>\n<meta property=\"article:publisher\" content=\"https:\/\/pt-br.facebook.com\/cebb108\" \/>\n<meta property=\"article:published_time\" content=\"2018-09-03T23:02:51+00:00\" \/>\n<meta property=\"og:image\" content=\"https:\/\/cebb.org.br\/wp-content\/uploads\/2018\/09\/medita3.jpg\" \/>\n\t<meta property=\"og:image:width\" content=\"2048\" \/>\n\t<meta property=\"og:image:height\" content=\"1365\" \/>\n\t<meta property=\"og:image:type\" content=\"image\/jpeg\" \/>\n<meta name=\"twitter:card\" content=\"summary_large_image\" \/>\n<meta name=\"twitter:label1\" content=\"\u00c9crit par\" \/>\n\t<meta name=\"twitter:data1\" content=\"\" \/>\n\t<meta name=\"twitter:label2\" content=\"Dur\u00e9e de lecture estim\u00e9e\" \/>\n\t<meta name=\"twitter:data2\" content=\"1 minute\" \/>\n<script type=\"application\/ld+json\" class=\"yoast-schema-graph\">{\"@context\":\"https:\\\/\\\/schema.org\",\"@graph\":[{\"@type\":\"Article\",\"@id\":\"https:\\\/\\\/cebb.org.br\\\/dia-de-silencio-no-cebb-maceio-2\\\/#article\",\"isPartOf\":{\"@id\":\"https:\\\/\\\/cebb.org.br\\\/dia-de-silencio-no-cebb-maceio-2\\\/\"},\"author\":{\"name\":\"\",\"@id\":\"\"},\"headline\":\"Dia de Sil\u00eancio no CEBB Macei\u00f3\",\"datePublished\":\"2018-09-03T23:02:51+00:00\",\"mainEntityOfPage\":{\"@id\":\"https:\\\/\\\/cebb.org.br\\\/dia-de-silencio-no-cebb-maceio-2\\\/\"},\"wordCount\":166,\"publisher\":{\"@id\":\"https:\\\/\\\/cebb.org.br\\\/#organization\"},\"image\":{\"@id\":\"https:\\\/\\\/cebb.org.br\\\/dia-de-silencio-no-cebb-maceio-2\\\/#primaryimage\"},\"thumbnailUrl\":\"https:\\\/\\\/cebb.org.br\\\/wp-content\\\/uploads\\\/2018\\\/09\\\/medita3.jpg\",\"keywords\":[\"cebb macei\u00f3\",\"macei\u00f3\",\"medita\u00e7\u00e3o\",\"retiro\",\"retiro urbano\",\"Sil\u00eancio\"],\"articleSection\":[\"AL\",\"CEBB Macei\u00f3\",\"Centros de pr\u00e1tica\",\"Pr\u00e1tica\"],\"inLanguage\":\"fr-FR\"},{\"@type\":\"WebPage\",\"@id\":\"https:\\\/\\\/cebb.org.br\\\/dia-de-silencio-no-cebb-maceio-2\\\/\",\"url\":\"https:\\\/\\\/cebb.org.br\\\/dia-de-silencio-no-cebb-maceio-2\\\/\",\"name\":\"Dia de Sil\u00eancio no CEBB Macei\u00f3 - Centro de Estudos Budistas Bodisatva\",\"isPartOf\":{\"@id\":\"https:\\\/\\\/cebb.org.br\\\/#website\"},\"primaryImageOfPage\":{\"@id\":\"https:\\\/\\\/cebb.org.br\\\/dia-de-silencio-no-cebb-maceio-2\\\/#primaryimage\"},\"image\":{\"@id\":\"https:\\\/\\\/cebb.org.br\\\/dia-de-silencio-no-cebb-maceio-2\\\/#primaryimage\"},\"thumbnailUrl\":\"https:\\\/\\\/cebb.org.br\\\/wp-content\\\/uploads\\\/2018\\\/09\\\/medita3.jpg\",\"datePublished\":\"2018-09-03T23:02:51+00:00\",\"breadcrumb\":{\"@id\":\"https:\\\/\\\/cebb.org.br\\\/dia-de-silencio-no-cebb-maceio-2\\\/#breadcrumb\"},\"inLanguage\":\"fr-FR\",\"potentialAction\":[{\"@type\":\"ReadAction\",\"target\":[\"https:\\\/\\\/cebb.org.br\\\/dia-de-silencio-no-cebb-maceio-2\\\/\"]}]},{\"@type\":\"ImageObject\",\"inLanguage\":\"fr-FR\",\"@id\":\"https:\\\/\\\/cebb.org.br\\\/dia-de-silencio-no-cebb-maceio-2\\\/#primaryimage\",\"url\":\"https:\\\/\\\/cebb.org.br\\\/wp-content\\\/uploads\\\/2018\\\/09\\\/medita3.jpg\",\"contentUrl\":\"https:\\\/\\\/cebb.org.br\\\/wp-content\\\/uploads\\\/2018\\\/09\\\/medita3.jpg\",\"width\":2048,\"height\":1365},{\"@type\":\"BreadcrumbList\",\"@id\":\"https:\\\/\\\/cebb.org.br\\\/dia-de-silencio-no-cebb-maceio-2\\\/#breadcrumb\",\"itemListElement\":[{\"@type\":\"ListItem\",\"position\":1,\"name\":\"Home\",\"item\":\"https:\\\/\\\/cebb.org.br\\\/\"},{\"@type\":\"ListItem\",\"position\":2,\"name\":\"Dia de Sil\u00eancio no CEBB Macei\u00f3\"}]},{\"@type\":\"WebSite\",\"@id\":\"https:\\\/\\\/cebb.org.br\\\/#website\",\"url\":\"https:\\\/\\\/cebb.org.br\\\/\",\"name\":\"Centro de Estudos Budistas Bodisatva\",\"description\":\"Budismo, medita\u00e7\u00e3o e cultura de paz | Lama Padma Samten\",\"publisher\":{\"@id\":\"https:\\\/\\\/cebb.org.br\\\/#organization\"},\"potentialAction\":[{\"@type\":\"SearchAction\",\"target\":{\"@type\":\"EntryPoint\",\"urlTemplate\":\"https:\\\/\\\/cebb.org.br\\\/?s={search_term_string}\"},\"query-input\":{\"@type\":\"PropertyValueSpecification\",\"valueRequired\":true,\"valueName\":\"search_term_string\"}}],\"inLanguage\":\"fr-FR\"},{\"@type\":\"Organization\",\"@id\":\"https:\\\/\\\/cebb.org.br\\\/#organization\",\"name\":\"Centro de Estudos Budistas Bodisatva\",\"url\":\"https:\\\/\\\/cebb.org.br\\\/\",\"logo\":{\"@type\":\"ImageObject\",\"inLanguage\":\"fr-FR\",\"@id\":\"https:\\\/\\\/cebb.org.br\\\/#\\\/schema\\\/logo\\\/image\\\/\",\"url\":\"http:\\\/\\\/18.230.164.79\\\/wp-content\\\/uploads\\\/2011\\\/03\\\/logosalvador-peq-e1660064979551.jpg\",\"contentUrl\":\"http:\\\/\\\/18.230.164.79\\\/wp-content\\\/uploads\\\/2011\\\/03\\\/logosalvador-peq-e1660064979551.jpg\",\"width\":280,\"height\":231,\"caption\":\"Centro de Estudos Budistas Bodisatva\"},\"image\":{\"@id\":\"https:\\\/\\\/cebb.org.br\\\/#\\\/schema\\\/logo\\\/image\\\/\"},\"sameAs\":[\"https:\\\/\\\/pt-br.facebook.com\\\/cebb108\",\"https:\\\/\\\/www.instagram.com\\\/cebbcaminhodomeio\\\/\"]},{\"@type\":\"Person\",\"@id\":\"\",\"url\":\"https:\\\/\\\/cebb.org.br\\\/fr\\\/author\\\/\"}]}<\/script>\n<!-- \/ Yoast SEO plugin. -->","yoast_head_json":{"title":"Dia de Sil\u00eancio no CEBB Macei\u00f3 - Centro de Estudos Budistas Bodisatva","robots":{"index":"index","follow":"follow","max-snippet":"max-snippet:-1","max-image-preview":"max-image-preview:large","max-video-preview":"max-video-preview:-1"},"canonical":"https:\/\/cebb.org.br\/fr\/dia-de-silencio-no-cebb-maceio-2\/","og_locale":"fr_FR","og_type":"article","og_title":"Dia de Sil\u00eancio no CEBB Macei\u00f3 - Centro de Estudos Budistas Bodisatva","og_description":"Domingo, 09 de setembro das 9h \u00e0s 12h e das 14h \u00e0s 17h Local: CEBB Macei\u00f3 \u201cSimplesmente sente\u201d: esse \u00e9 o convite que o CEBB Macei\u00f3 retoma a partir do pr\u00f3ximo domingo (9\/9), com um dia inteiro por m\u00eas reservado ao exerc\u00edcio do Nobre Sil\u00eancio.","og_url":"https:\/\/cebb.org.br\/fr\/dia-de-silencio-no-cebb-maceio-2\/","og_site_name":"Centro de Estudos Budistas Bodisatva","article_publisher":"https:\/\/pt-br.facebook.com\/cebb108","article_published_time":"2018-09-03T23:02:51+00:00","og_image":[{"width":2048,"height":1365,"url":"https:\/\/cebb.org.br\/wp-content\/uploads\/2018\/09\/medita3.jpg","type":"image\/jpeg"}],"twitter_card":"summary_large_image","twitter_misc":{"\u00c9crit par":"","Dur\u00e9e de lecture estim\u00e9e":"1 minute"},"schema":{"@context":"https:\/\/schema.org","@graph":[{"@type":"Article","@id":"https:\/\/cebb.org.br\/dia-de-silencio-no-cebb-maceio-2\/#article","isPartOf":{"@id":"https:\/\/cebb.org.br\/dia-de-silencio-no-cebb-maceio-2\/"},"author":{"name":"","@id":""},"headline":"Dia de Sil\u00eancio no CEBB Macei\u00f3","datePublished":"2018-09-03T23:02:51+00:00","mainEntityOfPage":{"@id":"https:\/\/cebb.org.br\/dia-de-silencio-no-cebb-maceio-2\/"},"wordCount":166,"publisher":{"@id":"https:\/\/cebb.org.br\/#organization"},"image":{"@id":"https:\/\/cebb.org.br\/dia-de-silencio-no-cebb-maceio-2\/#primaryimage"},"thumbnailUrl":"https:\/\/cebb.org.br\/wp-content\/uploads\/2018\/09\/medita3.jpg","keywords":["cebb macei\u00f3","macei\u00f3","medita\u00e7\u00e3o","retiro","retiro urbano","Sil\u00eancio"],"articleSection":["AL","CEBB Macei\u00f3","Centros de pr\u00e1tica","Pr\u00e1tica"],"inLanguage":"fr-FR"},{"@type":"WebPage","@id":"https:\/\/cebb.org.br\/dia-de-silencio-no-cebb-maceio-2\/","url":"https:\/\/cebb.org.br\/dia-de-silencio-no-cebb-maceio-2\/","name":"Dia de Sil\u00eancio no CEBB Macei\u00f3 - Centro de Estudos Budistas Bodisatva","isPartOf":{"@id":"https:\/\/cebb.org.br\/#website"},"primaryImageOfPage":{"@id":"https:\/\/cebb.org.br\/dia-de-silencio-no-cebb-maceio-2\/#primaryimage"},"image":{"@id":"https:\/\/cebb.org.br\/dia-de-silencio-no-cebb-maceio-2\/#primaryimage"},"thumbnailUrl":"https:\/\/cebb.org.br\/wp-content\/uploads\/2018\/09\/medita3.jpg","datePublished":"2018-09-03T23:02:51+00:00","breadcrumb":{"@id":"https:\/\/cebb.org.br\/dia-de-silencio-no-cebb-maceio-2\/#breadcrumb"},"inLanguage":"fr-FR","potentialAction":[{"@type":"ReadAction","target":["https:\/\/cebb.org.br\/dia-de-silencio-no-cebb-maceio-2\/"]}]},{"@type":"ImageObject","inLanguage":"fr-FR","@id":"https:\/\/cebb.org.br\/dia-de-silencio-no-cebb-maceio-2\/#primaryimage","url":"https:\/\/cebb.org.br\/wp-content\/uploads\/2018\/09\/medita3.jpg","contentUrl":"https:\/\/cebb.org.br\/wp-content\/uploads\/2018\/09\/medita3.jpg","width":2048,"height":1365},{"@type":"BreadcrumbList","@id":"https:\/\/cebb.org.br\/dia-de-silencio-no-cebb-maceio-2\/#breadcrumb","itemListElement":[{"@type":"ListItem","position":1,"name":"Home","item":"https:\/\/cebb.org.br\/"},{"@type":"ListItem","position":2,"name":"Dia de Sil\u00eancio no CEBB Macei\u00f3"}]},{"@type":"WebSite","@id":"https:\/\/cebb.org.br\/#website","url":"https:\/\/cebb.org.br\/","name":"Centre d\u2019\u00c9tudes Bouddhistes Bodisatva (CEBB)","description":"Budismo, medita\u00e7\u00e3o e cultura de paz | Lama Padma Samten","publisher":{"@id":"https:\/\/cebb.org.br\/#organization"},"potentialAction":[{"@type":"SearchAction","target":{"@type":"EntryPoint","urlTemplate":"https:\/\/cebb.org.br\/?s={search_term_string}"},"query-input":{"@type":"PropertyValueSpecification","valueRequired":true,"valueName":"search_term_string"}}],"inLanguage":"fr-FR"},{"@type":"Organization","@id":"https:\/\/cebb.org.br\/#organization","name":"Centre d\u2019\u00c9tudes Bouddhistes Bodisatva (CEBB)","url":"https:\/\/cebb.org.br\/","logo":{"@type":"ImageObject","inLanguage":"fr-FR","@id":"https:\/\/cebb.org.br\/#\/schema\/logo\/image\/","url":"http:\/\/18.230.164.79\/wp-content\/uploads\/2011\/03\/logosalvador-peq-e1660064979551.jpg","contentUrl":"http:\/\/18.230.164.79\/wp-content\/uploads\/2011\/03\/logosalvador-peq-e1660064979551.jpg","width":280,"height":231,"caption":"Centro de Estudos Budistas Bodisatva"},"image":{"@id":"https:\/\/cebb.org.br\/#\/schema\/logo\/image\/"},"sameAs":["https:\/\/pt-br.facebook.com\/cebb108","https:\/\/www.instagram.com\/cebbcaminhodomeio\/"]},{"@type":"Person","@id":"","url":"https:\/\/cebb.org.br\/fr\/author\/"}]}},"_links":{"self":[{"href":"https:\/\/cebb.org.br\/fr\/wp-json\/wp\/v2\/posts\/59839","targetHints":{"allow":["GET"]}}],"collection":[{"href":"https:\/\/cebb.org.br\/fr\/wp-json\/wp\/v2\/posts"}],"about":[{"href":"https:\/\/cebb.org.br\/fr\/wp-json\/wp\/v2\/types\/post"}],"author":[{"embeddable":true,"href":"https:\/\/cebb.org.br\/fr\/wp-json\/wp\/v2\/users\/139"}],"replies":[{"embeddable":true,"href":"https:\/\/cebb.org.br\/fr\/wp-json\/wp\/v2\/comments?post=59839"}],"version-history":[{"count":0,"href":"https:\/\/cebb.org.br\/fr\/wp-json\/wp\/v2\/posts\/59839\/revisions"}],"wp:featuredmedia":[{"embeddable":true,"href":"https:\/\/cebb.org.br\/fr\/wp-json\/wp\/v2\/media\/59841"}],"wp:attachment":[{"href":"https:\/\/cebb.org.br\/fr\/wp-json\/wp\/v2\/media?parent=59839"}],"wp:term":[{"taxonomy":"category","embeddable":true,"href":"https:\/\/cebb.org.br\/fr\/wp-json\/wp\/v2\/categories?post=59839"},{"taxonomy":"post_tag","embeddable":true,"href":"https:\/\/cebb.org.br\/fr\/wp-json\/wp\/v2\/tags?post=59839"}],"curies":[{"name":"wp","href":"https:\/\/api.w.org\/{rel}","templated":true}]}}