{"id":74505,"date":"2020-05-28T10:34:58","date_gmt":"2020-05-28T13:34:58","guid":{"rendered":"http:\/\/www.cebb.org.br\/?p=74505"},"modified":"2020-05-28T10:34:58","modified_gmt":"2020-05-28T13:34:58","slug":"retiro-com-lama-padma-samten-no-cebb-sukhavati-2020","status":"publish","type":"post","link":"https:\/\/cebb.org.br\/fr\/retiro-com-lama-padma-samten-no-cebb-sukhavati-2020\/","title":{"rendered":"Retiro on-line com Lama Padma Samten organizado pelo Cebb Sukhavati"},"content":{"rendered":"<p>Neste ano nosso querido Lama Padma Samten far\u00e1 o seu retiro que seria no CEBB Sukhavati de forma on-line nos dias <strong>13 e 14 de junho<\/strong> de 2020. Programe-se para essa oportunidade especial! Maravilhoso que possamos seguir recebendo ensinamentos de nossas casas, nossos espa\u00e7os de retiro nesse tempo!<!--more--><br \/>\n<em>&#8220;Na medida em que n\u00f3s olhamos as flores em uma \u00e1rvore isolada, em uma planta isolada, a gente adivinha que agora vem a grande transforma\u00e7\u00e3o, agora surge a primavera. Uma pessoa v\u00ea a primavera e aquilo se espalha por todos os seres, todos os seres come\u00e7am a ver a primavera. Isso se d\u00e1 porque a nossa mente muda. Assim, nesse tempo que n\u00f3s estamos vivendo \u00e9 justamente o processo que permite a transforma\u00e7\u00e3o social. N\u00f3s precisamos dessa vis\u00e3o, n\u00f3s aspiramos que essa vis\u00e3o positiva se espalhe, como a primavera se espalha por dentro dos nossos cora\u00e7\u00f5es e dos nossos olhos. A primavera anda por si, eu espero que cada um seja capaz de construir a primavera no lugar onde esteja. E que n\u00f3s, em rede, uma grande rede possamos construir um futuro melhor para n\u00f3s, para os nossos filhos, para a humanidade como um todo e para todos os seres.&#8221; &#8211;\u00a0<\/em> Lama Padma Samten<br \/>\n<strong>DATAS<\/strong><br \/>\nDias 13 e 14 de junho\/2020 (s\u00e1bado e domingo)<br \/>\n&#8211; Manh\u00e3: das 9h30 \u00e0s 12h<br \/>\n&#8211; Tarde: das 14h30 \u00e0s 17h<br \/>\n<strong>INSCRI\u00c7\u00d5ES<\/strong><br \/>\nSe poss\u00edvel inscreva-se com anteced\u00eancia para apoiar nossa organiza\u00e7\u00e3o.<br \/>\n<a href=\"https:\/\/forms.gle\/3V2wixLEMgcpWwNt5\">Preencha este formul\u00e1rio<\/a>.\u00a0Leia e preencha com calma e aten\u00e7\u00e3o, at\u00e9 o final.<br \/>\nAo concluir voc\u00ea receber\u00e1 acesso \u00e0 p\u00e1gina com todas as informa\u00e7\u00f5es para acompanhar este retiro on-line. Enviaremos tamb\u00e9m uma c\u00f3pia para o seu e-mail.<br \/>\n<strong>IMPORTANTE<\/strong><br \/>\nAs inscri\u00e7\u00f5es e dep\u00f3sitos devem ser feitas individualmente.<br \/>\n<strong>CONTRIBUI\u00c7\u00c3O LIVRE<\/strong><br \/>\nSua inscri\u00e7\u00e3o e participa\u00e7\u00e3o independe da contribui\u00e7\u00e3o financeira. Caso possa oferecer, sugerimos R$150, mas voc\u00ea pode escolher qualquer valor. Sua contribui\u00e7\u00e3o apoiar\u00e1 diretamente as atividades do Lama Padma Samten e dos CEBBs de Curitiba. <strong>(dados para deposito no formul\u00e1rio de inscri\u00e7\u00e3o)<\/strong><br \/>\nA sustenta\u00e7\u00e3o das atividades do Darma tradicionalmente acontece pela pr\u00e1tica da generosidade, que tornou poss\u00edvel a continuidade dos ensinamentos desde os tempos do Buda at\u00e9 hoje. A pr\u00e1tica das seis perfei\u00e7\u00f5es \u2013 generosidade, moralidade, energia constante, concentra\u00e7\u00e3o e sabedoria \u2013 pela sanga e amigos do CEBB \u00e9 que fizeram surgir e d\u00e3o continuidade aos centros de estudos, medita\u00e7\u00e3o, acolhimento e as iniciativas de educa\u00e7\u00e3o, prote\u00e7\u00e3o ambiental, Terras Puras e Cultura de Paz.<br \/>\nSe tiver d\u00favidas, conte conosco.\u00a0Escreva para <a href=\"mailto:retirolamapr@gmail.com\">retirolamapr@gmail.com<\/a> e fale com as volunt\u00e1rias Luciana, Juliana ou Stael.<br \/>\n&nbsp;<\/p>","protected":false},"excerpt":{"rendered":"<p>Neste ano nosso querido Lama Padma Samten far\u00e1 o seu retiro que seria no CEBB Sukhavati de forma on-line nos dias 13 e 14 de junho de 2020. Programe-se para essa oportunidade especial! Maravilhoso que possamos seguir recebendo ensinamentos de nossas casas, nossos espa\u00e7os de retiro nesse tempo!<\/p>","protected":false},"author":131,"featured_media":77942,"comment_status":"closed","ping_status":"open","sticky":false,"template":"","format":"standard","meta":{"footnotes":""},"categories":[341,356,364],"tags":[],"class_list":["post-74505","post","type-post","status-publish","format-standard","has-post-thumbnail","hentry","category-eventos-passados","category-retiro-sanga","category-treinamento"],"yoast_head":"<!-- This site is optimized with the Yoast SEO plugin v27.5 - https:\/\/yoast.com\/product\/yoast-seo-wordpress\/ -->\n<title>Retiro on-line com Lama Padma Samten organizado pelo Cebb Sukhavati - Centro de Estudos Budistas Bodisatva<\/title>\n<meta name=\"robots\" content=\"index, follow, max-snippet:-1, max-image-preview:large, max-video-preview:-1\" \/>\n<link rel=\"canonical\" href=\"https:\/\/cebb.org.br\/fr\/retiro-com-lama-padma-samten-no-cebb-sukhavati-2020\/\" \/>\n<meta property=\"og:locale\" content=\"fr_FR\" \/>\n<meta property=\"og:type\" content=\"article\" \/>\n<meta property=\"og:title\" content=\"Retiro on-line com Lama Padma Samten organizado pelo Cebb Sukhavati - Centro de Estudos Budistas Bodisatva\" \/>\n<meta property=\"og:description\" content=\"Neste ano nosso querido Lama Padma Samten far\u00e1 o seu retiro que seria no CEBB Sukhavati de forma on-line nos dias 13 e 14 de junho de 2020. Programe-se para essa oportunidade especial! Maravilhoso que possamos seguir recebendo ensinamentos de nossas casas, nossos espa\u00e7os de retiro nesse tempo!\" \/>\n<meta property=\"og:url\" content=\"https:\/\/cebb.org.br\/fr\/retiro-com-lama-padma-samten-no-cebb-sukhavati-2020\/\" \/>\n<meta property=\"og:site_name\" content=\"Centro de Estudos Budistas Bodisatva\" \/>\n<meta property=\"article:publisher\" content=\"https:\/\/pt-br.facebook.com\/cebb108\" \/>\n<meta property=\"article:published_time\" content=\"2020-05-28T13:34:58+00:00\" \/>\n<meta property=\"og:image\" content=\"https:\/\/cebb.org.br\/wp-content\/uploads\/2020\/01\/WhatsApp-Image-2020-05-22-at-09.19.00.jpeg\" \/>\n\t<meta property=\"og:image:width\" content=\"1280\" \/>\n\t<meta property=\"og:image:height\" content=\"670\" \/>\n\t<meta property=\"og:image:type\" content=\"image\/jpeg\" \/>\n<meta name=\"twitter:card\" content=\"summary_large_image\" \/>\n<meta name=\"twitter:label1\" content=\"\u00c9crit par\" \/>\n\t<meta name=\"twitter:data1\" content=\"\" \/>\n\t<meta name=\"twitter:label2\" content=\"Dur\u00e9e de lecture estim\u00e9e\" \/>\n\t<meta name=\"twitter:data2\" content=\"2 minutes\" \/>\n<script type=\"application\/ld+json\" class=\"yoast-schema-graph\">{\"@context\":\"https:\\\/\\\/schema.org\",\"@graph\":[{\"@type\":\"Article\",\"@id\":\"https:\\\/\\\/cebb.org.br\\\/en\\\/retiro-com-lama-padma-samten-no-cebb-sukhavati-2020\\\/#article\",\"isPartOf\":{\"@id\":\"https:\\\/\\\/cebb.org.br\\\/en\\\/retiro-com-lama-padma-samten-no-cebb-sukhavati-2020\\\/\"},\"author\":{\"name\":\"\",\"@id\":\"\"},\"headline\":\"Retiro on-line com Lama Padma Samten organizado pelo Cebb Sukhavati\",\"datePublished\":\"2020-05-28T13:34:58+00:00\",\"mainEntityOfPage\":{\"@id\":\"https:\\\/\\\/cebb.org.br\\\/en\\\/retiro-com-lama-padma-samten-no-cebb-sukhavati-2020\\\/\"},\"wordCount\":460,\"publisher\":{\"@id\":\"https:\\\/\\\/cebb.org.br\\\/#organization\"},\"image\":{\"@id\":\"https:\\\/\\\/cebb.org.br\\\/en\\\/retiro-com-lama-padma-samten-no-cebb-sukhavati-2020\\\/#primaryimage\"},\"thumbnailUrl\":\"https:\\\/\\\/cebb.org.br\\\/wp-content\\\/uploads\\\/2020\\\/01\\\/WhatsApp-Image-2020-05-22-at-09.19.00.jpeg\",\"articleSection\":[\"Eventos Passados\",\"Retiro\",\"Treinamento em vis\u00e3o e medita\u00e7\u00e3o\"],\"inLanguage\":\"fr-FR\"},{\"@type\":\"WebPage\",\"@id\":\"https:\\\/\\\/cebb.org.br\\\/en\\\/retiro-com-lama-padma-samten-no-cebb-sukhavati-2020\\\/\",\"url\":\"https:\\\/\\\/cebb.org.br\\\/en\\\/retiro-com-lama-padma-samten-no-cebb-sukhavati-2020\\\/\",\"name\":\"Retiro on-line com Lama Padma Samten organizado pelo Cebb Sukhavati - Centro de Estudos Budistas Bodisatva\",\"isPartOf\":{\"@id\":\"https:\\\/\\\/cebb.org.br\\\/#website\"},\"primaryImageOfPage\":{\"@id\":\"https:\\\/\\\/cebb.org.br\\\/en\\\/retiro-com-lama-padma-samten-no-cebb-sukhavati-2020\\\/#primaryimage\"},\"image\":{\"@id\":\"https:\\\/\\\/cebb.org.br\\\/en\\\/retiro-com-lama-padma-samten-no-cebb-sukhavati-2020\\\/#primaryimage\"},\"thumbnailUrl\":\"https:\\\/\\\/cebb.org.br\\\/wp-content\\\/uploads\\\/2020\\\/01\\\/WhatsApp-Image-2020-05-22-at-09.19.00.jpeg\",\"datePublished\":\"2020-05-28T13:34:58+00:00\",\"breadcrumb\":{\"@id\":\"https:\\\/\\\/cebb.org.br\\\/en\\\/retiro-com-lama-padma-samten-no-cebb-sukhavati-2020\\\/#breadcrumb\"},\"inLanguage\":\"fr-FR\",\"potentialAction\":[{\"@type\":\"ReadAction\",\"target\":[\"https:\\\/\\\/cebb.org.br\\\/en\\\/retiro-com-lama-padma-samten-no-cebb-sukhavati-2020\\\/\"]}]},{\"@type\":\"ImageObject\",\"inLanguage\":\"fr-FR\",\"@id\":\"https:\\\/\\\/cebb.org.br\\\/en\\\/retiro-com-lama-padma-samten-no-cebb-sukhavati-2020\\\/#primaryimage\",\"url\":\"https:\\\/\\\/cebb.org.br\\\/wp-content\\\/uploads\\\/2020\\\/01\\\/WhatsApp-Image-2020-05-22-at-09.19.00.jpeg\",\"contentUrl\":\"https:\\\/\\\/cebb.org.br\\\/wp-content\\\/uploads\\\/2020\\\/01\\\/WhatsApp-Image-2020-05-22-at-09.19.00.jpeg\",\"width\":1280,\"height\":670},{\"@type\":\"BreadcrumbList\",\"@id\":\"https:\\\/\\\/cebb.org.br\\\/en\\\/retiro-com-lama-padma-samten-no-cebb-sukhavati-2020\\\/#breadcrumb\",\"itemListElement\":[{\"@type\":\"ListItem\",\"position\":1,\"name\":\"Home\",\"item\":\"https:\\\/\\\/cebb.org.br\\\/\"},{\"@type\":\"ListItem\",\"position\":2,\"name\":\"Retiro on-line com Lama Padma Samten organizado pelo Cebb Sukhavati\"}]},{\"@type\":\"WebSite\",\"@id\":\"https:\\\/\\\/cebb.org.br\\\/#website\",\"url\":\"https:\\\/\\\/cebb.org.br\\\/\",\"name\":\"Centro de Estudos Budistas Bodisatva\",\"description\":\"Budismo, medita\u00e7\u00e3o e cultura de paz | Lama Padma Samten\",\"publisher\":{\"@id\":\"https:\\\/\\\/cebb.org.br\\\/#organization\"},\"potentialAction\":[{\"@type\":\"SearchAction\",\"target\":{\"@type\":\"EntryPoint\",\"urlTemplate\":\"https:\\\/\\\/cebb.org.br\\\/?s={search_term_string}\"},\"query-input\":{\"@type\":\"PropertyValueSpecification\",\"valueRequired\":true,\"valueName\":\"search_term_string\"}}],\"inLanguage\":\"fr-FR\"},{\"@type\":\"Organization\",\"@id\":\"https:\\\/\\\/cebb.org.br\\\/#organization\",\"name\":\"Centro de Estudos Budistas Bodisatva\",\"url\":\"https:\\\/\\\/cebb.org.br\\\/\",\"logo\":{\"@type\":\"ImageObject\",\"inLanguage\":\"fr-FR\",\"@id\":\"https:\\\/\\\/cebb.org.br\\\/#\\\/schema\\\/logo\\\/image\\\/\",\"url\":\"http:\\\/\\\/18.230.164.79\\\/wp-content\\\/uploads\\\/2011\\\/03\\\/logosalvador-peq-e1660064979551.jpg\",\"contentUrl\":\"http:\\\/\\\/18.230.164.79\\\/wp-content\\\/uploads\\\/2011\\\/03\\\/logosalvador-peq-e1660064979551.jpg\",\"width\":280,\"height\":231,\"caption\":\"Centro de Estudos Budistas Bodisatva\"},\"image\":{\"@id\":\"https:\\\/\\\/cebb.org.br\\\/#\\\/schema\\\/logo\\\/image\\\/\"},\"sameAs\":[\"https:\\\/\\\/pt-br.facebook.com\\\/cebb108\",\"https:\\\/\\\/www.instagram.com\\\/cebbcaminhodomeio\\\/\"]},{\"@type\":\"Person\",\"@id\":\"\",\"url\":\"https:\\\/\\\/cebb.org.br\\\/fr\\\/author\\\/\"}]}<\/script>\n<!-- \/ Yoast SEO plugin. -->","yoast_head_json":{"title":"Retiro on-line com Lama Padma Samten organizado pelo Cebb Sukhavati - Centro de Estudos Budistas Bodisatva","robots":{"index":"index","follow":"follow","max-snippet":"max-snippet:-1","max-image-preview":"max-image-preview:large","max-video-preview":"max-video-preview:-1"},"canonical":"https:\/\/cebb.org.br\/fr\/retiro-com-lama-padma-samten-no-cebb-sukhavati-2020\/","og_locale":"fr_FR","og_type":"article","og_title":"Retiro on-line com Lama Padma Samten organizado pelo Cebb Sukhavati - Centro de Estudos Budistas Bodisatva","og_description":"Neste ano nosso querido Lama Padma Samten far\u00e1 o seu retiro que seria no CEBB Sukhavati de forma on-line nos dias 13 e 14 de junho de 2020. Programe-se para essa oportunidade especial! Maravilhoso que possamos seguir recebendo ensinamentos de nossas casas, nossos espa\u00e7os de retiro nesse tempo!","og_url":"https:\/\/cebb.org.br\/fr\/retiro-com-lama-padma-samten-no-cebb-sukhavati-2020\/","og_site_name":"Centro de Estudos Budistas Bodisatva","article_publisher":"https:\/\/pt-br.facebook.com\/cebb108","article_published_time":"2020-05-28T13:34:58+00:00","og_image":[{"width":1280,"height":670,"url":"https:\/\/cebb.org.br\/wp-content\/uploads\/2020\/01\/WhatsApp-Image-2020-05-22-at-09.19.00.jpeg","type":"image\/jpeg"}],"twitter_card":"summary_large_image","twitter_misc":{"\u00c9crit par":"","Dur\u00e9e de lecture estim\u00e9e":"2 minutes"},"schema":{"@context":"https:\/\/schema.org","@graph":[{"@type":"Article","@id":"https:\/\/cebb.org.br\/en\/retiro-com-lama-padma-samten-no-cebb-sukhavati-2020\/#article","isPartOf":{"@id":"https:\/\/cebb.org.br\/en\/retiro-com-lama-padma-samten-no-cebb-sukhavati-2020\/"},"author":{"name":"","@id":""},"headline":"Retiro on-line com Lama Padma Samten organizado pelo Cebb Sukhavati","datePublished":"2020-05-28T13:34:58+00:00","mainEntityOfPage":{"@id":"https:\/\/cebb.org.br\/en\/retiro-com-lama-padma-samten-no-cebb-sukhavati-2020\/"},"wordCount":460,"publisher":{"@id":"https:\/\/cebb.org.br\/#organization"},"image":{"@id":"https:\/\/cebb.org.br\/en\/retiro-com-lama-padma-samten-no-cebb-sukhavati-2020\/#primaryimage"},"thumbnailUrl":"https:\/\/cebb.org.br\/wp-content\/uploads\/2020\/01\/WhatsApp-Image-2020-05-22-at-09.19.00.jpeg","articleSection":["Eventos Passados","Retiro","Treinamento em vis\u00e3o e medita\u00e7\u00e3o"],"inLanguage":"fr-FR"},{"@type":"WebPage","@id":"https:\/\/cebb.org.br\/en\/retiro-com-lama-padma-samten-no-cebb-sukhavati-2020\/","url":"https:\/\/cebb.org.br\/en\/retiro-com-lama-padma-samten-no-cebb-sukhavati-2020\/","name":"Retiro on-line com Lama Padma Samten organizado pelo Cebb Sukhavati - Centro de Estudos Budistas Bodisatva","isPartOf":{"@id":"https:\/\/cebb.org.br\/#website"},"primaryImageOfPage":{"@id":"https:\/\/cebb.org.br\/en\/retiro-com-lama-padma-samten-no-cebb-sukhavati-2020\/#primaryimage"},"image":{"@id":"https:\/\/cebb.org.br\/en\/retiro-com-lama-padma-samten-no-cebb-sukhavati-2020\/#primaryimage"},"thumbnailUrl":"https:\/\/cebb.org.br\/wp-content\/uploads\/2020\/01\/WhatsApp-Image-2020-05-22-at-09.19.00.jpeg","datePublished":"2020-05-28T13:34:58+00:00","breadcrumb":{"@id":"https:\/\/cebb.org.br\/en\/retiro-com-lama-padma-samten-no-cebb-sukhavati-2020\/#breadcrumb"},"inLanguage":"fr-FR","potentialAction":[{"@type":"ReadAction","target":["https:\/\/cebb.org.br\/en\/retiro-com-lama-padma-samten-no-cebb-sukhavati-2020\/"]}]},{"@type":"ImageObject","inLanguage":"fr-FR","@id":"https:\/\/cebb.org.br\/en\/retiro-com-lama-padma-samten-no-cebb-sukhavati-2020\/#primaryimage","url":"https:\/\/cebb.org.br\/wp-content\/uploads\/2020\/01\/WhatsApp-Image-2020-05-22-at-09.19.00.jpeg","contentUrl":"https:\/\/cebb.org.br\/wp-content\/uploads\/2020\/01\/WhatsApp-Image-2020-05-22-at-09.19.00.jpeg","width":1280,"height":670},{"@type":"BreadcrumbList","@id":"https:\/\/cebb.org.br\/en\/retiro-com-lama-padma-samten-no-cebb-sukhavati-2020\/#breadcrumb","itemListElement":[{"@type":"ListItem","position":1,"name":"Home","item":"https:\/\/cebb.org.br\/"},{"@type":"ListItem","position":2,"name":"Retiro on-line com Lama Padma Samten organizado pelo Cebb Sukhavati"}]},{"@type":"WebSite","@id":"https:\/\/cebb.org.br\/#website","url":"https:\/\/cebb.org.br\/","name":"Centre d\u2019\u00c9tudes Bouddhistes Bodisatva (CEBB)","description":"Budismo, medita\u00e7\u00e3o e cultura de paz | Lama Padma Samten","publisher":{"@id":"https:\/\/cebb.org.br\/#organization"},"potentialAction":[{"@type":"SearchAction","target":{"@type":"EntryPoint","urlTemplate":"https:\/\/cebb.org.br\/?s={search_term_string}"},"query-input":{"@type":"PropertyValueSpecification","valueRequired":true,"valueName":"search_term_string"}}],"inLanguage":"fr-FR"},{"@type":"Organization","@id":"https:\/\/cebb.org.br\/#organization","name":"Centre d\u2019\u00c9tudes Bouddhistes Bodisatva (CEBB)","url":"https:\/\/cebb.org.br\/","logo":{"@type":"ImageObject","inLanguage":"fr-FR","@id":"https:\/\/cebb.org.br\/#\/schema\/logo\/image\/","url":"http:\/\/18.230.164.79\/wp-content\/uploads\/2011\/03\/logosalvador-peq-e1660064979551.jpg","contentUrl":"http:\/\/18.230.164.79\/wp-content\/uploads\/2011\/03\/logosalvador-peq-e1660064979551.jpg","width":280,"height":231,"caption":"Centro de Estudos Budistas Bodisatva"},"image":{"@id":"https:\/\/cebb.org.br\/#\/schema\/logo\/image\/"},"sameAs":["https:\/\/pt-br.facebook.com\/cebb108","https:\/\/www.instagram.com\/cebbcaminhodomeio\/"]},{"@type":"Person","@id":"","url":"https:\/\/cebb.org.br\/fr\/author\/"}]}},"_links":{"self":[{"href":"https:\/\/cebb.org.br\/fr\/wp-json\/wp\/v2\/posts\/74505","targetHints":{"allow":["GET"]}}],"collection":[{"href":"https:\/\/cebb.org.br\/fr\/wp-json\/wp\/v2\/posts"}],"about":[{"href":"https:\/\/cebb.org.br\/fr\/wp-json\/wp\/v2\/types\/post"}],"author":[{"embeddable":true,"href":"https:\/\/cebb.org.br\/fr\/wp-json\/wp\/v2\/users\/131"}],"replies":[{"embeddable":true,"href":"https:\/\/cebb.org.br\/fr\/wp-json\/wp\/v2\/comments?post=74505"}],"version-history":[{"count":0,"href":"https:\/\/cebb.org.br\/fr\/wp-json\/wp\/v2\/posts\/74505\/revisions"}],"wp:featuredmedia":[{"embeddable":true,"href":"https:\/\/cebb.org.br\/fr\/wp-json\/wp\/v2\/media\/77942"}],"wp:attachment":[{"href":"https:\/\/cebb.org.br\/fr\/wp-json\/wp\/v2\/media?parent=74505"}],"wp:term":[{"taxonomy":"category","embeddable":true,"href":"https:\/\/cebb.org.br\/fr\/wp-json\/wp\/v2\/categories?post=74505"},{"taxonomy":"post_tag","embeddable":true,"href":"https:\/\/cebb.org.br\/fr\/wp-json\/wp\/v2\/tags?post=74505"}],"curies":[{"name":"wp","href":"https:\/\/api.w.org\/{rel}","templated":true}]}}