{"id":82075,"date":"2021-02-13T08:46:41","date_gmt":"2021-02-13T11:46:41","guid":{"rendered":"http:\/\/www.cebb.org.br\/?p=82075"},"modified":"2022-11-07T18:43:54","modified_gmt":"2022-11-07T21:43:54","slug":"retiro-de-verao-2021","status":"publish","type":"post","link":"https:\/\/cebb.org.br\/fr\/retiro-de-verao-2021\/","title":{"rendered":"Retiro de Ver\u00e3o 2021 &#8211; Online"},"content":{"rendered":"<p>Foto Z\u00e9 Paiva<br \/>\n<em>Na semana de carnaval, online, a partir do CEBB Bacopari<\/em><br \/>\n<strong>Inscreva-se e tenha acesso a playlist com as grava\u00e7\u00f5es dos ensinamentos.<\/strong><br \/>\n<!--more--><br \/>\nDe 13 a 21 de fevereiro, Lama Samten oferecer\u00e1 o tradicional <strong>Retiro de Ver\u00e3o<\/strong>, um retiro mais longo que tem por tema a descri\u00e7\u00e3o e aprofundamento do programa de treinamento em vinte um itens. Nessa parte, o Lama abordar\u00e1 as quatro nobres verdades, nascimento no l\u00f3tus, tranquiliza\u00e7\u00e3o da mente, remo\u00e7\u00e3o de obst\u00e1culos, shamata, mettabhavana, prajanaparamita, prajnaparamita em oito pontos, blocos, paisagem, mandalas, bolhas, bodicitta, vis\u00e3o\/ medita\u00e7\u00e3o\/ a\u00e7\u00e3o\/ frui\u00e7\u00e3o, a\u00e7\u00e3o no mundo, vida nas aldeias Cebb, projetos presentes e futuros e perspectivas para o ano que inicia.<br \/>\nO retiro funciona tamb\u00e9m como continua\u00e7\u00e3o dos <a href=\"https:\/\/cebb.org.br\/fr\/verao-2021\/\">retiros de pr\u00e1tica de janeiro<\/a>, que focaram no estudo e contempla\u00e7\u00e3o do Roteiro de 21 itens a partir de sutras do Buda Shakyamuni. Assim, ele pode ser entendido tanto como aprofundamento das pr\u00e1ticas quanto como introdu\u00e7\u00e3o para aqueles que est\u00e3o entrando em contato com os ensinamentos budistas. N\u00e3o h\u00e1 pr\u00e9-requisitos.<\/p>\n<h3>Programa\u00e7\u00e3o<\/h3>\n<h4><strong>Os hor\u00e1rios e a programa\u00e7\u00e3o dos retiros est\u00e3o sujeitos a altera\u00e7\u00f5es<\/strong><\/h4>\n<p>O retiro come\u00e7a \u00e0s 9h do primeiro dia e termina \u00e0s 11h do \u00faltimo dia. O ritmo \u00e9 o seguinte:<\/p>\n<ul>\n<li><strong> 8h &#8211; 9h |<\/strong> Medita\u00e7\u00e3o<\/li>\n<li><strong> 9h &#8211; 11h |<\/strong> Ensinamentos<\/li>\n<li><strong> 15h &#8211; 17h |<\/strong> Medita\u00e7\u00e3o e Ensinamentos<\/li>\n<li><strong> 19h &#8211; 20h |<\/strong> Puja Prajnaparamita e Acumula\u00e7\u00e3o do Buda da Medicina<\/li>\n<li><strong> 20h &#8211; 20h30 |<\/strong> Perguntas e Respostas<\/li>\n<\/ul>\n<h3>Inscri\u00e7\u00e3o<\/h3>\n<p>Sua inscri\u00e7\u00e3o e participa\u00e7\u00e3o independem de contribui\u00e7\u00e3o financeira. Caso lhe seja poss\u00edvel contribuir, sinta-se livre para definir o valor, como refer\u00eancia, sugerimos R$ 700,00.<br \/>\nSua contribui\u00e7\u00e3o apoiar\u00e1 o CEBB Caminho do Meio, o <a href=\"https:\/\/cebb.org.br\/fr\/centros\/rs\/bacopari\/\" target=\"_blank\" rel=\"noopener\">CEBB Bacopari<\/a>, o CEBB Jetavana e as atividades do Lama Padma Samten.<br \/>\n<a href=\"https:\/\/docs.google.com\/forms\/d\/e\/1FAIpQLSezIjXngUpWEO03vdLluZbjq7zdaY_G_tAZqEBnpBkPdosr3w\/viewform\" class=\"su-button su-button-style-default\" style=\"color:#FFFFFF;background-color:#b8190d;border-color:#94140b;border-radius:5px\" target=\"_blank\" rel=\"noopener noreferrer\"><span style=\"color:#FFFFFF;padding:0px 16px;font-size:13px;line-height:26px;border-color:#ce5e56;border-radius:5px;text-shadow:none\"> Inscreva-se aqui<\/span><\/a><\/a><\/p>\n<h3>Pr\u00e1tica de Generosidade<\/h3>\n<p>Tradicionalmente, as atividades do Darma s\u00e3o sustentadas pela pr\u00e1tica da generosidade (Dana Paramita), que \u00e9 o que torna poss\u00edvel a continuidade dos ensinamentos desde os tempos do Buda, permitindo o surgimento e a manuten\u00e7\u00e3o dos centros de estudos, medita\u00e7\u00e3o e acolhimento e as iniciativas de educa\u00e7\u00e3o, prote\u00e7\u00e3o ambiental, terras puras e cultura de paz. Sua contribui\u00e7\u00e3o apoia diretamente as atividades do Lama Padma Samten e a sustenta\u00e7\u00e3o dos CEBBs Caminho do Meio, Jetavana e Bacopari.<br \/>\nPara contribui\u00e7\u00f5es de dentro do Brasil, os dados banc\u00e1rios para doa\u00e7\u00e3o s\u00e3o:<\/p>\n<blockquote><p>Banco do Brasil (001)<br \/>\nA\u00e7\u00e3o Paramita de Educa\u00e7\u00e3o Budista<br \/>\nAg\u00eancia: 0628-9<br \/>\nConta Corrente: 108999-4<br \/>\nCNPJ 34.079.867\/0001-04<br \/>\nC\u00d3DIGO PIX CNPJ &#8211; 34079867000104<\/p><\/blockquote>\n<h3>Transmiss\u00e3o<\/h3>\n<p>O retiro ocorrer\u00e1 por transmiss\u00e3o online direto do CEBB Bacopari, pelo <a href=\"https:\/\/www.youtube.com\/results?search_query=lama+padma+samten\" target=\"_blank\" rel=\"noopener\">canal Youtube do Lama Padma Samten<\/a>.<br \/>\nO link para a p\u00e1gina de acompanhamento de cada retiro, onde ser\u00e3o informados os links de cada per\u00edodo do retiro, ser\u00e1 enviado por um email-resposta ap\u00f3s o envio do formul\u00e1rio de cada inscri\u00e7\u00e3o (as inscri\u00e7\u00f5es s\u00e3o independentes).<br \/>\nCaso n\u00e3o encontre o email-resposta em sua caixa de entrada, VERIFIQUE NA CAIXA DE SPAM ou em \u201cPROMO\u00c7\u00d5ES\u201d e marque como n\u00e3o-spam (caso esteja no SPAM). Pode ser \u00fatil incluir o endere\u00e7o (cebbcm@gmail.com) na sua lista de contatos.<\/p>\n<h3>Contato<\/h3>\n<p>cebbcm@gmail.com | (51) 99799 8184 (WhatsApp) (atendimento de segunda a sexta das 13h30 \u00e0s 18h).<\/p>","protected":false},"excerpt":{"rendered":"<p>Foto Z\u00e9 Paiva Na semana de carnaval, online, a partir do CEBB Bacopari Inscreva-se e tenha acesso a playlist com as grava\u00e7\u00f5es dos ensinamentos.<\/p>","protected":false},"author":4,"featured_media":82401,"comment_status":"closed","ping_status":"open","sticky":false,"template":"","format":"standard","meta":{"footnotes":""},"categories":[341,364],"tags":[],"class_list":["post-82075","post","type-post","status-publish","format-standard","has-post-thumbnail","hentry","category-eventos-passados","category-treinamento"],"yoast_head":"<!-- This site is optimized with the Yoast SEO plugin v27.5 - https:\/\/yoast.com\/product\/yoast-seo-wordpress\/ -->\n<title>Retiro de Ver\u00e3o 2021 - Online - Centro de Estudos Budistas Bodisatva<\/title>\n<meta name=\"robots\" content=\"index, follow, max-snippet:-1, max-image-preview:large, max-video-preview:-1\" \/>\n<link rel=\"canonical\" href=\"https:\/\/cebb.org.br\/fr\/retiro-de-verao-2021\/\" \/>\n<meta property=\"og:locale\" content=\"fr_FR\" \/>\n<meta property=\"og:type\" content=\"article\" \/>\n<meta property=\"og:title\" content=\"Retiro de Ver\u00e3o 2021 - Online - Centro de Estudos Budistas Bodisatva\" \/>\n<meta property=\"og:description\" content=\"Foto Z\u00e9 Paiva Na semana de carnaval, online, a partir do CEBB Bacopari Inscreva-se e tenha acesso a playlist com as grava\u00e7\u00f5es dos ensinamentos.\" \/>\n<meta property=\"og:url\" content=\"https:\/\/cebb.org.br\/fr\/retiro-de-verao-2021\/\" \/>\n<meta property=\"og:site_name\" content=\"Centro de Estudos Budistas Bodisatva\" \/>\n<meta property=\"article:publisher\" content=\"https:\/\/pt-br.facebook.com\/cebb108\" \/>\n<meta property=\"article:published_time\" content=\"2021-02-13T11:46:41+00:00\" \/>\n<meta property=\"article:modified_time\" content=\"2022-11-07T21:43:54+00:00\" \/>\n<meta property=\"og:image\" content=\"https:\/\/cebb.org.br\/wp-content\/uploads\/2021\/02\/vista21d03388-4.jpg\" \/>\n\t<meta property=\"og:image:width\" content=\"1070\" \/>\n\t<meta property=\"og:image:height\" content=\"499\" \/>\n\t<meta property=\"og:image:type\" content=\"image\/jpeg\" \/>\n<meta name=\"author\" content=\"adriana\" \/>\n<meta name=\"twitter:card\" content=\"summary_large_image\" \/>\n<meta name=\"twitter:label1\" content=\"\u00c9crit par\" \/>\n\t<meta name=\"twitter:data1\" content=\"adriana\" \/>\n\t<meta name=\"twitter:label2\" content=\"Dur\u00e9e de lecture estim\u00e9e\" \/>\n\t<meta name=\"twitter:data2\" content=\"3 minutes\" \/>\n<script type=\"application\/ld+json\" class=\"yoast-schema-graph\">{\"@context\":\"https:\\\/\\\/schema.org\",\"@graph\":[{\"@type\":\"Article\",\"@id\":\"https:\\\/\\\/cebb.org.br\\\/en\\\/retiro-de-verao-2021\\\/#article\",\"isPartOf\":{\"@id\":\"https:\\\/\\\/cebb.org.br\\\/en\\\/retiro-de-verao-2021\\\/\"},\"author\":{\"name\":\"adriana\",\"@id\":\"https:\\\/\\\/cebb.org.br\\\/#\\\/schema\\\/person\\\/2943f7434cfdce8a50054bcca9da418e\"},\"headline\":\"Retiro de Ver\u00e3o 2021 &#8211; Online\",\"datePublished\":\"2021-02-13T11:46:41+00:00\",\"dateModified\":\"2022-11-07T21:43:54+00:00\",\"mainEntityOfPage\":{\"@id\":\"https:\\\/\\\/cebb.org.br\\\/en\\\/retiro-de-verao-2021\\\/\"},\"wordCount\":589,\"publisher\":{\"@id\":\"https:\\\/\\\/cebb.org.br\\\/#organization\"},\"image\":{\"@id\":\"https:\\\/\\\/cebb.org.br\\\/en\\\/retiro-de-verao-2021\\\/#primaryimage\"},\"thumbnailUrl\":\"https:\\\/\\\/cebb.org.br\\\/wp-content\\\/uploads\\\/2021\\\/02\\\/vista21d03388-4.jpg\",\"articleSection\":[\"Eventos Passados\",\"Treinamento em vis\u00e3o e medita\u00e7\u00e3o\"],\"inLanguage\":\"fr-FR\"},{\"@type\":\"WebPage\",\"@id\":\"https:\\\/\\\/cebb.org.br\\\/en\\\/retiro-de-verao-2021\\\/\",\"url\":\"https:\\\/\\\/cebb.org.br\\\/en\\\/retiro-de-verao-2021\\\/\",\"name\":\"Retiro de Ver\u00e3o 2021 - Online - Centro de Estudos Budistas Bodisatva\",\"isPartOf\":{\"@id\":\"https:\\\/\\\/cebb.org.br\\\/#website\"},\"primaryImageOfPage\":{\"@id\":\"https:\\\/\\\/cebb.org.br\\\/en\\\/retiro-de-verao-2021\\\/#primaryimage\"},\"image\":{\"@id\":\"https:\\\/\\\/cebb.org.br\\\/en\\\/retiro-de-verao-2021\\\/#primaryimage\"},\"thumbnailUrl\":\"https:\\\/\\\/cebb.org.br\\\/wp-content\\\/uploads\\\/2021\\\/02\\\/vista21d03388-4.jpg\",\"datePublished\":\"2021-02-13T11:46:41+00:00\",\"dateModified\":\"2022-11-07T21:43:54+00:00\",\"breadcrumb\":{\"@id\":\"https:\\\/\\\/cebb.org.br\\\/en\\\/retiro-de-verao-2021\\\/#breadcrumb\"},\"inLanguage\":\"fr-FR\",\"potentialAction\":[{\"@type\":\"ReadAction\",\"target\":[\"https:\\\/\\\/cebb.org.br\\\/en\\\/retiro-de-verao-2021\\\/\"]}]},{\"@type\":\"ImageObject\",\"inLanguage\":\"fr-FR\",\"@id\":\"https:\\\/\\\/cebb.org.br\\\/en\\\/retiro-de-verao-2021\\\/#primaryimage\",\"url\":\"https:\\\/\\\/cebb.org.br\\\/wp-content\\\/uploads\\\/2021\\\/02\\\/vista21d03388-4.jpg\",\"contentUrl\":\"https:\\\/\\\/cebb.org.br\\\/wp-content\\\/uploads\\\/2021\\\/02\\\/vista21d03388-4.jpg\",\"width\":1070,\"height\":499},{\"@type\":\"BreadcrumbList\",\"@id\":\"https:\\\/\\\/cebb.org.br\\\/en\\\/retiro-de-verao-2021\\\/#breadcrumb\",\"itemListElement\":[{\"@type\":\"ListItem\",\"position\":1,\"name\":\"Home\",\"item\":\"https:\\\/\\\/cebb.org.br\\\/\"},{\"@type\":\"ListItem\",\"position\":2,\"name\":\"Retiro de Ver\u00e3o 2021 &#8211; Online\"}]},{\"@type\":\"WebSite\",\"@id\":\"https:\\\/\\\/cebb.org.br\\\/#website\",\"url\":\"https:\\\/\\\/cebb.org.br\\\/\",\"name\":\"Centro de Estudos Budistas Bodisatva\",\"description\":\"Budismo, medita\u00e7\u00e3o e cultura de paz | Lama Padma Samten\",\"publisher\":{\"@id\":\"https:\\\/\\\/cebb.org.br\\\/#organization\"},\"potentialAction\":[{\"@type\":\"SearchAction\",\"target\":{\"@type\":\"EntryPoint\",\"urlTemplate\":\"https:\\\/\\\/cebb.org.br\\\/?s={search_term_string}\"},\"query-input\":{\"@type\":\"PropertyValueSpecification\",\"valueRequired\":true,\"valueName\":\"search_term_string\"}}],\"inLanguage\":\"fr-FR\"},{\"@type\":\"Organization\",\"@id\":\"https:\\\/\\\/cebb.org.br\\\/#organization\",\"name\":\"Centro de Estudos Budistas Bodisatva\",\"url\":\"https:\\\/\\\/cebb.org.br\\\/\",\"logo\":{\"@type\":\"ImageObject\",\"inLanguage\":\"fr-FR\",\"@id\":\"https:\\\/\\\/cebb.org.br\\\/#\\\/schema\\\/logo\\\/image\\\/\",\"url\":\"http:\\\/\\\/18.230.164.79\\\/wp-content\\\/uploads\\\/2011\\\/03\\\/logosalvador-peq-e1660064979551.jpg\",\"contentUrl\":\"http:\\\/\\\/18.230.164.79\\\/wp-content\\\/uploads\\\/2011\\\/03\\\/logosalvador-peq-e1660064979551.jpg\",\"width\":280,\"height\":231,\"caption\":\"Centro de Estudos Budistas Bodisatva\"},\"image\":{\"@id\":\"https:\\\/\\\/cebb.org.br\\\/#\\\/schema\\\/logo\\\/image\\\/\"},\"sameAs\":[\"https:\\\/\\\/pt-br.facebook.com\\\/cebb108\",\"https:\\\/\\\/www.instagram.com\\\/cebbcaminhodomeio\\\/\"]},{\"@type\":\"Person\",\"@id\":\"https:\\\/\\\/cebb.org.br\\\/#\\\/schema\\\/person\\\/2943f7434cfdce8a50054bcca9da418e\",\"name\":\"adriana\",\"image\":{\"@type\":\"ImageObject\",\"inLanguage\":\"fr-FR\",\"@id\":\"https:\\\/\\\/secure.gravatar.com\\\/avatar\\\/f235a6769909b7357e271e7b95d7f24ff1268d2236b0a381c02f83a6368721f1?s=96&d=mm&r=g\",\"url\":\"https:\\\/\\\/secure.gravatar.com\\\/avatar\\\/f235a6769909b7357e271e7b95d7f24ff1268d2236b0a381c02f83a6368721f1?s=96&d=mm&r=g\",\"contentUrl\":\"https:\\\/\\\/secure.gravatar.com\\\/avatar\\\/f235a6769909b7357e271e7b95d7f24ff1268d2236b0a381c02f83a6368721f1?s=96&d=mm&r=g\",\"caption\":\"adriana\"},\"url\":\"https:\\\/\\\/cebb.org.br\\\/fr\\\/author\\\/adriana\\\/\"}]}<\/script>\n<!-- \/ Yoast SEO plugin. -->","yoast_head_json":{"title":"Retiro de Ver\u00e3o 2021 - Online - Centro de Estudos Budistas Bodisatva","robots":{"index":"index","follow":"follow","max-snippet":"max-snippet:-1","max-image-preview":"max-image-preview:large","max-video-preview":"max-video-preview:-1"},"canonical":"https:\/\/cebb.org.br\/fr\/retiro-de-verao-2021\/","og_locale":"fr_FR","og_type":"article","og_title":"Retiro de Ver\u00e3o 2021 - Online - Centro de Estudos Budistas Bodisatva","og_description":"Foto Z\u00e9 Paiva Na semana de carnaval, online, a partir do CEBB Bacopari Inscreva-se e tenha acesso a playlist com as grava\u00e7\u00f5es dos ensinamentos.","og_url":"https:\/\/cebb.org.br\/fr\/retiro-de-verao-2021\/","og_site_name":"Centro de Estudos Budistas Bodisatva","article_publisher":"https:\/\/pt-br.facebook.com\/cebb108","article_published_time":"2021-02-13T11:46:41+00:00","article_modified_time":"2022-11-07T21:43:54+00:00","og_image":[{"width":1070,"height":499,"url":"https:\/\/cebb.org.br\/wp-content\/uploads\/2021\/02\/vista21d03388-4.jpg","type":"image\/jpeg"}],"author":"adriana","twitter_card":"summary_large_image","twitter_misc":{"\u00c9crit par":"adriana","Dur\u00e9e de lecture estim\u00e9e":"3 minutes"},"schema":{"@context":"https:\/\/schema.org","@graph":[{"@type":"Article","@id":"https:\/\/cebb.org.br\/en\/retiro-de-verao-2021\/#article","isPartOf":{"@id":"https:\/\/cebb.org.br\/en\/retiro-de-verao-2021\/"},"author":{"name":"adriana","@id":"https:\/\/cebb.org.br\/#\/schema\/person\/2943f7434cfdce8a50054bcca9da418e"},"headline":"Retiro de Ver\u00e3o 2021 &#8211; Online","datePublished":"2021-02-13T11:46:41+00:00","dateModified":"2022-11-07T21:43:54+00:00","mainEntityOfPage":{"@id":"https:\/\/cebb.org.br\/en\/retiro-de-verao-2021\/"},"wordCount":589,"publisher":{"@id":"https:\/\/cebb.org.br\/#organization"},"image":{"@id":"https:\/\/cebb.org.br\/en\/retiro-de-verao-2021\/#primaryimage"},"thumbnailUrl":"https:\/\/cebb.org.br\/wp-content\/uploads\/2021\/02\/vista21d03388-4.jpg","articleSection":["Eventos Passados","Treinamento em vis\u00e3o e medita\u00e7\u00e3o"],"inLanguage":"fr-FR"},{"@type":"WebPage","@id":"https:\/\/cebb.org.br\/en\/retiro-de-verao-2021\/","url":"https:\/\/cebb.org.br\/en\/retiro-de-verao-2021\/","name":"Retiro de Ver\u00e3o 2021 - Online - Centro de Estudos Budistas Bodisatva","isPartOf":{"@id":"https:\/\/cebb.org.br\/#website"},"primaryImageOfPage":{"@id":"https:\/\/cebb.org.br\/en\/retiro-de-verao-2021\/#primaryimage"},"image":{"@id":"https:\/\/cebb.org.br\/en\/retiro-de-verao-2021\/#primaryimage"},"thumbnailUrl":"https:\/\/cebb.org.br\/wp-content\/uploads\/2021\/02\/vista21d03388-4.jpg","datePublished":"2021-02-13T11:46:41+00:00","dateModified":"2022-11-07T21:43:54+00:00","breadcrumb":{"@id":"https:\/\/cebb.org.br\/en\/retiro-de-verao-2021\/#breadcrumb"},"inLanguage":"fr-FR","potentialAction":[{"@type":"ReadAction","target":["https:\/\/cebb.org.br\/en\/retiro-de-verao-2021\/"]}]},{"@type":"ImageObject","inLanguage":"fr-FR","@id":"https:\/\/cebb.org.br\/en\/retiro-de-verao-2021\/#primaryimage","url":"https:\/\/cebb.org.br\/wp-content\/uploads\/2021\/02\/vista21d03388-4.jpg","contentUrl":"https:\/\/cebb.org.br\/wp-content\/uploads\/2021\/02\/vista21d03388-4.jpg","width":1070,"height":499},{"@type":"BreadcrumbList","@id":"https:\/\/cebb.org.br\/en\/retiro-de-verao-2021\/#breadcrumb","itemListElement":[{"@type":"ListItem","position":1,"name":"Home","item":"https:\/\/cebb.org.br\/"},{"@type":"ListItem","position":2,"name":"Retiro de Ver\u00e3o 2021 &#8211; Online"}]},{"@type":"WebSite","@id":"https:\/\/cebb.org.br\/#website","url":"https:\/\/cebb.org.br\/","name":"Centre d\u2019\u00c9tudes Bouddhistes Bodisatva (CEBB)","description":"Budismo, medita\u00e7\u00e3o e cultura de paz | Lama Padma Samten","publisher":{"@id":"https:\/\/cebb.org.br\/#organization"},"potentialAction":[{"@type":"SearchAction","target":{"@type":"EntryPoint","urlTemplate":"https:\/\/cebb.org.br\/?s={search_term_string}"},"query-input":{"@type":"PropertyValueSpecification","valueRequired":true,"valueName":"search_term_string"}}],"inLanguage":"fr-FR"},{"@type":"Organization","@id":"https:\/\/cebb.org.br\/#organization","name":"Centre d\u2019\u00c9tudes Bouddhistes Bodisatva (CEBB)","url":"https:\/\/cebb.org.br\/","logo":{"@type":"ImageObject","inLanguage":"fr-FR","@id":"https:\/\/cebb.org.br\/#\/schema\/logo\/image\/","url":"http:\/\/18.230.164.79\/wp-content\/uploads\/2011\/03\/logosalvador-peq-e1660064979551.jpg","contentUrl":"http:\/\/18.230.164.79\/wp-content\/uploads\/2011\/03\/logosalvador-peq-e1660064979551.jpg","width":280,"height":231,"caption":"Centro de Estudos Budistas Bodisatva"},"image":{"@id":"https:\/\/cebb.org.br\/#\/schema\/logo\/image\/"},"sameAs":["https:\/\/pt-br.facebook.com\/cebb108","https:\/\/www.instagram.com\/cebbcaminhodomeio\/"]},{"@type":"Person","@id":"https:\/\/cebb.org.br\/#\/schema\/person\/2943f7434cfdce8a50054bcca9da418e","name":"adriana","image":{"@type":"ImageObject","inLanguage":"fr-FR","@id":"https:\/\/secure.gravatar.com\/avatar\/f235a6769909b7357e271e7b95d7f24ff1268d2236b0a381c02f83a6368721f1?s=96&d=mm&r=g","url":"https:\/\/secure.gravatar.com\/avatar\/f235a6769909b7357e271e7b95d7f24ff1268d2236b0a381c02f83a6368721f1?s=96&d=mm&r=g","contentUrl":"https:\/\/secure.gravatar.com\/avatar\/f235a6769909b7357e271e7b95d7f24ff1268d2236b0a381c02f83a6368721f1?s=96&d=mm&r=g","caption":"adriana"},"url":"https:\/\/cebb.org.br\/fr\/author\/adriana\/"}]}},"_links":{"self":[{"href":"https:\/\/cebb.org.br\/fr\/wp-json\/wp\/v2\/posts\/82075","targetHints":{"allow":["GET"]}}],"collection":[{"href":"https:\/\/cebb.org.br\/fr\/wp-json\/wp\/v2\/posts"}],"about":[{"href":"https:\/\/cebb.org.br\/fr\/wp-json\/wp\/v2\/types\/post"}],"author":[{"embeddable":true,"href":"https:\/\/cebb.org.br\/fr\/wp-json\/wp\/v2\/users\/4"}],"replies":[{"embeddable":true,"href":"https:\/\/cebb.org.br\/fr\/wp-json\/wp\/v2\/comments?post=82075"}],"version-history":[{"count":2,"href":"https:\/\/cebb.org.br\/fr\/wp-json\/wp\/v2\/posts\/82075\/revisions"}],"predecessor-version":[{"id":93503,"href":"https:\/\/cebb.org.br\/fr\/wp-json\/wp\/v2\/posts\/82075\/revisions\/93503"}],"wp:featuredmedia":[{"embeddable":true,"href":"https:\/\/cebb.org.br\/fr\/wp-json\/wp\/v2\/media\/82401"}],"wp:attachment":[{"href":"https:\/\/cebb.org.br\/fr\/wp-json\/wp\/v2\/media?parent=82075"}],"wp:term":[{"taxonomy":"category","embeddable":true,"href":"https:\/\/cebb.org.br\/fr\/wp-json\/wp\/v2\/categories?post=82075"},{"taxonomy":"post_tag","embeddable":true,"href":"https:\/\/cebb.org.br\/fr\/wp-json\/wp\/v2\/tags?post=82075"}],"curies":[{"name":"wp","href":"https:\/\/api.w.org\/{rel}","templated":true}]}}