{"id":88855,"date":"2022-05-01T10:50:53","date_gmt":"2022-05-01T13:50:53","guid":{"rendered":"http:\/\/www.cebb.org.br\/?p=88855"},"modified":"2022-11-07T17:01:02","modified_gmt":"2022-11-07T20:01:02","slug":"retiro-com-lama-padma-samten","status":"publish","type":"post","link":"https:\/\/cebb.org.br\/fr\/retiro-com-lama-padma-samten\/","title":{"rendered":"Retiro | Vis\u00e3o, Medita\u00e7\u00e3o e A\u00e7\u00e3o com Lama Padma Samten"},"content":{"rendered":"<p>27 de abril a 11 de maio de 2022<br \/>\n<!--more--><br \/>\nInscreva-se, participe ao vivo e tenha acesso a playlist com as grava\u00e7\u00f5es dos ensinamentos.<br \/>\nDando continuidade a sequ\u00eancia de atividades de aprofundamento da pr\u00e1tica que o Lama Padma Samten est\u00e1 oferecendo este ano, do dia 27 de abril at\u00e9 11 de maio o Lama Samten oferecer\u00e1 um retiro cuja base ser\u00e3o os ensinamentos do budismo tibetano sobre vis\u00e3o, medita\u00e7\u00e3o e a\u00e7\u00e3o.<br \/>\nEste retiro acontecer\u00e1 de forma online, com <a href=\"https:\/\/cebb.org.br\/fr\/retreat-with-lama-padma-samten\/\" target=\"_blank\" rel=\"noopener\">tradu\u00e7\u00e3o simult\u00e2nea para o Ingl\u00eas<\/a> e est\u00e1 sendo organizado pela <a href=\"https:\/\/www.acaoparamita.com.br\/\" target=\"_blank\" rel=\"noopener\">A\u00e7\u00e3o Paramita<\/a> e pelos CEBBs Caminho do Meio e Bacopari. \u00c9 um tempo certo para adentrar e aprofundar nos ensinamentos budistas que nos ajudam a viver a vida em todas as suas circunst\u00e2ncias.<br \/>\n<strong>Per\u00edodo:<\/strong> 27 de abril a 11 de maio<br \/>\n<strong>Tema: Vis\u00e3o, Medita\u00e7\u00e3o e A\u00e7\u00e3o<\/strong><\/p>\n<h3>Programa\u00e7\u00e3o<\/h3>\n<p><strong>Os hor\u00e1rios e a programa\u00e7\u00e3o dos retiros est\u00e3o sujeitos a altera\u00e7\u00f5es<\/strong><\/p>\n<ul>\n<li><strong> 05h30 &#8211; 06h00 | <\/strong>Medita\u00e7\u00e3o em sil\u00eancio (n\u00e3o ser\u00e1 transmitido)<\/li>\n<li><strong> 06h00 &#8211; 06h30 | <\/strong>Puja da manh\u00e3 (n\u00e3o ser\u00e1 transmitido)<\/li>\n<li><strong> 08h00 &#8211; 09h00 |<\/strong> Medita\u00e7\u00e3o<\/li>\n<li><strong> 09h00 &#8211; 11h00 |<\/strong> Ensinamentos<\/li>\n<li><strong> 14h00 &#8211; 17h00 |<\/strong> Pr\u00e1tica de Medita\u00e7\u00e3o<\/li>\n<li><strong> 19h00 &#8211; 20h00 |<\/strong> Puja da noite<\/li>\n<li><strong> 20h00 &#8211; 20h30 |<\/strong> Perguntas e Respostas<\/li>\n<\/ul>\n<h3>Inscri\u00e7\u00e3o<\/h3>\n<p>Sua inscri\u00e7\u00e3o e participa\u00e7\u00e3o independem de contribui\u00e7\u00e3o financeira.<br \/>\n<a href=\"https:\/\/docs.google.com\/forms\/d\/e\/1FAIpQLSdLe0whF4yvI_97GRdcANVfxvpAczJD8DlhPK71-Jmxi4lAZA\/viewform\" class=\"su-button su-button-style-default\" style=\"color:#FFFFFF;background-color:#b8190d;border-color:#94140b;border-radius:5px\" target=\"_blank\" rel=\"noopener noreferrer\"><span style=\"color:#FFFFFF;padding:0px 16px;font-size:13px;line-height:26px;border-color:#ce5e56;border-radius:5px;text-shadow:none\"> Inscri\u00e7\u00e3o RETIRO 27 ABR a 11 MAI<\/span><\/a><\/a><\/p>\n<h3>Contribui\u00e7\u00f5es<\/h3>\n<p>Sua inscri\u00e7\u00e3o e acesso a palestra independe de contribui\u00e7\u00e3o financeira. Caso aspire e lhe seja poss\u00edvel contribuir, sinta-se livre para definir o valor.<br \/>\nSua contribui\u00e7\u00e3o apoiar\u00e1 o CEBB Caminho do Meio, o CEBB Bacopari, o CEBB Jetavana e as atividades do Lama Padma Samten.<br \/>\nA pr\u00e1tica da Dana Paramita \u2013 perfei\u00e7\u00e3o da generosidade \u2013 torna poss\u00edvel a continuidade dos ensinamentos desde os tempos do Buda. As seis paramitas \u2013 generosidade, moralidade, paz, energia constante, concentra\u00e7\u00e3o e sabedoria \u2013 inspiram a pr\u00e1tica e s\u00e3o a base geradora e sustentadora dos centros de estudos, medita\u00e7\u00e3o, acolhimento e das iniciativas de educa\u00e7\u00e3o, prote\u00e7\u00e3o ambiental, Terras Puras e Cultura de Paz da Sanga CEBB.<br \/>\nPara contribui\u00e7\u00f5es de dentro do Brasil, os dados banc\u00e1rios para doa\u00e7\u00e3o s\u00e3o:<\/p>\n<blockquote><p>Banco do Brasil (001)<br \/>\nA\u00e7\u00e3o Paramita de Educa\u00e7\u00e3o Budista<br \/>\nAg\u00eancia: 0628-9<br \/>\nConta Corrente: 108999-4<br \/>\nCNPJ 34.079.867\/0001-04<br \/>\nC\u00d3DIGO PIX CNPJ &#8211; 34079867000104<\/p><\/blockquote>\n<h3>Transmiss\u00e3o<\/h3>\n<p>Os retiros ocorrer\u00e3o por transmiss\u00e3o online direto do CEBB Caminho do Meio e do CEBB Bacopari.<br \/>\nO link para a <strong>p\u00e1gina de acompanhamento<\/strong>, onde ser\u00e3o informados os links de cada sess\u00e3o do retiro, <strong>ser\u00e1 enviado por um email-resposta<\/strong> ap\u00f3s o envio do formul\u00e1rio de inscri\u00e7\u00e3o.<br \/>\nCaso n\u00e3o encontre o email-resposta em sua caixa de entrada, VERIFIQUE NA CAIXA DE SPAM ou em \u201cPROMO\u00c7\u00d5ES\u201d e marque como n\u00e3o-spam (caso esteja no SPAM). Pode ser \u00fatil incluir o endere\u00e7o (cebbcm@gmail.com) na sua lista de contatos.<\/p>\n<h3>Contato<\/h3>\n<p>cebbcm@gmail.com | (51) 99799 8184 (WhatsApp)<br \/>\n(atendimento de segunda a sexta das 13h30 \u00e0s 18h).<\/p>","protected":false},"excerpt":{"rendered":"<p>27 de abril a 11 de maio de 2022<\/p>","protected":false},"author":4,"featured_media":89040,"comment_status":"closed","ping_status":"open","sticky":false,"template":"","format":"standard","meta":{"footnotes":""},"categories":[341,364],"tags":[],"class_list":["post-88855","post","type-post","status-publish","format-standard","has-post-thumbnail","hentry","category-eventos-passados","category-treinamento"],"yoast_head":"<!-- This site is optimized with the Yoast SEO plugin v27.5 - https:\/\/yoast.com\/product\/yoast-seo-wordpress\/ -->\n<title>Retiro | Vis\u00e3o, Medita\u00e7\u00e3o e A\u00e7\u00e3o com Lama Padma Samten - Centro de Estudos Budistas Bodisatva<\/title>\n<meta name=\"robots\" content=\"index, follow, max-snippet:-1, max-image-preview:large, max-video-preview:-1\" \/>\n<link rel=\"canonical\" href=\"https:\/\/cebb.org.br\/fr\/retiro-com-lama-padma-samten\/\" \/>\n<meta property=\"og:locale\" content=\"fr_FR\" \/>\n<meta property=\"og:type\" content=\"article\" \/>\n<meta property=\"og:title\" content=\"Retiro | Vis\u00e3o, Medita\u00e7\u00e3o e A\u00e7\u00e3o com Lama Padma Samten - Centro de Estudos Budistas Bodisatva\" \/>\n<meta property=\"og:description\" content=\"27 de abril a 11 de maio de 2022\" \/>\n<meta property=\"og:url\" content=\"https:\/\/cebb.org.br\/fr\/retiro-com-lama-padma-samten\/\" \/>\n<meta property=\"og:site_name\" content=\"Centro de Estudos Budistas Bodisatva\" \/>\n<meta property=\"article:publisher\" content=\"https:\/\/pt-br.facebook.com\/cebb108\" \/>\n<meta property=\"article:published_time\" content=\"2022-05-01T13:50:53+00:00\" \/>\n<meta property=\"article:modified_time\" content=\"2022-11-07T20:01:02+00:00\" \/>\n<meta property=\"og:image\" content=\"https:\/\/cebb.org.br\/wp-content\/uploads\/2000\/04\/51870952337_37bde8d8e2_o.jpg\" \/>\n\t<meta property=\"og:image:width\" content=\"2000\" \/>\n\t<meta property=\"og:image:height\" content=\"1334\" \/>\n\t<meta property=\"og:image:type\" content=\"image\/jpeg\" \/>\n<meta name=\"author\" content=\"adriana\" \/>\n<meta name=\"twitter:card\" content=\"summary_large_image\" \/>\n<meta name=\"twitter:label1\" content=\"\u00c9crit par\" \/>\n\t<meta name=\"twitter:data1\" content=\"adriana\" \/>\n\t<meta name=\"twitter:label2\" content=\"Dur\u00e9e de lecture estim\u00e9e\" \/>\n\t<meta name=\"twitter:data2\" content=\"3 minutes\" \/>\n<script type=\"application\/ld+json\" class=\"yoast-schema-graph\">{\"@context\":\"https:\\\/\\\/schema.org\",\"@graph\":[{\"@type\":\"Article\",\"@id\":\"https:\\\/\\\/cebb.org.br\\\/en\\\/retiro-com-lama-padma-samten\\\/#article\",\"isPartOf\":{\"@id\":\"https:\\\/\\\/cebb.org.br\\\/en\\\/retiro-com-lama-padma-samten\\\/\"},\"author\":{\"name\":\"adriana\",\"@id\":\"https:\\\/\\\/cebb.org.br\\\/#\\\/schema\\\/person\\\/2943f7434cfdce8a50054bcca9da418e\"},\"headline\":\"Retiro | Vis\u00e3o, Medita\u00e7\u00e3o e A\u00e7\u00e3o com Lama Padma Samten\",\"datePublished\":\"2022-05-01T13:50:53+00:00\",\"dateModified\":\"2022-11-07T20:01:02+00:00\",\"mainEntityOfPage\":{\"@id\":\"https:\\\/\\\/cebb.org.br\\\/en\\\/retiro-com-lama-padma-samten\\\/\"},\"wordCount\":538,\"publisher\":{\"@id\":\"https:\\\/\\\/cebb.org.br\\\/#organization\"},\"image\":{\"@id\":\"https:\\\/\\\/cebb.org.br\\\/en\\\/retiro-com-lama-padma-samten\\\/#primaryimage\"},\"thumbnailUrl\":\"https:\\\/\\\/cebb.org.br\\\/wp-content\\\/uploads\\\/2000\\\/04\\\/51870952337_37bde8d8e2_o.jpg\",\"articleSection\":[\"Eventos Passados\",\"Treinamento em vis\u00e3o e medita\u00e7\u00e3o\"],\"inLanguage\":\"fr-FR\"},{\"@type\":\"WebPage\",\"@id\":\"https:\\\/\\\/cebb.org.br\\\/en\\\/retiro-com-lama-padma-samten\\\/\",\"url\":\"https:\\\/\\\/cebb.org.br\\\/en\\\/retiro-com-lama-padma-samten\\\/\",\"name\":\"Retiro | Vis\u00e3o, Medita\u00e7\u00e3o e A\u00e7\u00e3o com Lama Padma Samten - Centro de Estudos Budistas Bodisatva\",\"isPartOf\":{\"@id\":\"https:\\\/\\\/cebb.org.br\\\/#website\"},\"primaryImageOfPage\":{\"@id\":\"https:\\\/\\\/cebb.org.br\\\/en\\\/retiro-com-lama-padma-samten\\\/#primaryimage\"},\"image\":{\"@id\":\"https:\\\/\\\/cebb.org.br\\\/en\\\/retiro-com-lama-padma-samten\\\/#primaryimage\"},\"thumbnailUrl\":\"https:\\\/\\\/cebb.org.br\\\/wp-content\\\/uploads\\\/2000\\\/04\\\/51870952337_37bde8d8e2_o.jpg\",\"datePublished\":\"2022-05-01T13:50:53+00:00\",\"dateModified\":\"2022-11-07T20:01:02+00:00\",\"breadcrumb\":{\"@id\":\"https:\\\/\\\/cebb.org.br\\\/en\\\/retiro-com-lama-padma-samten\\\/#breadcrumb\"},\"inLanguage\":\"fr-FR\",\"potentialAction\":[{\"@type\":\"ReadAction\",\"target\":[\"https:\\\/\\\/cebb.org.br\\\/en\\\/retiro-com-lama-padma-samten\\\/\"]}]},{\"@type\":\"ImageObject\",\"inLanguage\":\"fr-FR\",\"@id\":\"https:\\\/\\\/cebb.org.br\\\/en\\\/retiro-com-lama-padma-samten\\\/#primaryimage\",\"url\":\"https:\\\/\\\/cebb.org.br\\\/wp-content\\\/uploads\\\/2000\\\/04\\\/51870952337_37bde8d8e2_o.jpg\",\"contentUrl\":\"https:\\\/\\\/cebb.org.br\\\/wp-content\\\/uploads\\\/2000\\\/04\\\/51870952337_37bde8d8e2_o.jpg\",\"width\":2000,\"height\":1334},{\"@type\":\"BreadcrumbList\",\"@id\":\"https:\\\/\\\/cebb.org.br\\\/en\\\/retiro-com-lama-padma-samten\\\/#breadcrumb\",\"itemListElement\":[{\"@type\":\"ListItem\",\"position\":1,\"name\":\"Home\",\"item\":\"https:\\\/\\\/cebb.org.br\\\/\"},{\"@type\":\"ListItem\",\"position\":2,\"name\":\"Retiro | Vis\u00e3o, Medita\u00e7\u00e3o e A\u00e7\u00e3o com Lama Padma Samten\"}]},{\"@type\":\"WebSite\",\"@id\":\"https:\\\/\\\/cebb.org.br\\\/#website\",\"url\":\"https:\\\/\\\/cebb.org.br\\\/\",\"name\":\"Centro de Estudos Budistas Bodisatva\",\"description\":\"Budismo, medita\u00e7\u00e3o e cultura de paz | Lama Padma Samten\",\"publisher\":{\"@id\":\"https:\\\/\\\/cebb.org.br\\\/#organization\"},\"potentialAction\":[{\"@type\":\"SearchAction\",\"target\":{\"@type\":\"EntryPoint\",\"urlTemplate\":\"https:\\\/\\\/cebb.org.br\\\/?s={search_term_string}\"},\"query-input\":{\"@type\":\"PropertyValueSpecification\",\"valueRequired\":true,\"valueName\":\"search_term_string\"}}],\"inLanguage\":\"fr-FR\"},{\"@type\":\"Organization\",\"@id\":\"https:\\\/\\\/cebb.org.br\\\/#organization\",\"name\":\"Centro de Estudos Budistas Bodisatva\",\"url\":\"https:\\\/\\\/cebb.org.br\\\/\",\"logo\":{\"@type\":\"ImageObject\",\"inLanguage\":\"fr-FR\",\"@id\":\"https:\\\/\\\/cebb.org.br\\\/#\\\/schema\\\/logo\\\/image\\\/\",\"url\":\"http:\\\/\\\/18.230.164.79\\\/wp-content\\\/uploads\\\/2011\\\/03\\\/logosalvador-peq-e1660064979551.jpg\",\"contentUrl\":\"http:\\\/\\\/18.230.164.79\\\/wp-content\\\/uploads\\\/2011\\\/03\\\/logosalvador-peq-e1660064979551.jpg\",\"width\":280,\"height\":231,\"caption\":\"Centro de Estudos Budistas Bodisatva\"},\"image\":{\"@id\":\"https:\\\/\\\/cebb.org.br\\\/#\\\/schema\\\/logo\\\/image\\\/\"},\"sameAs\":[\"https:\\\/\\\/pt-br.facebook.com\\\/cebb108\",\"https:\\\/\\\/www.instagram.com\\\/cebbcaminhodomeio\\\/\"]},{\"@type\":\"Person\",\"@id\":\"https:\\\/\\\/cebb.org.br\\\/#\\\/schema\\\/person\\\/2943f7434cfdce8a50054bcca9da418e\",\"name\":\"adriana\",\"image\":{\"@type\":\"ImageObject\",\"inLanguage\":\"fr-FR\",\"@id\":\"https:\\\/\\\/secure.gravatar.com\\\/avatar\\\/f235a6769909b7357e271e7b95d7f24ff1268d2236b0a381c02f83a6368721f1?s=96&d=mm&r=g\",\"url\":\"https:\\\/\\\/secure.gravatar.com\\\/avatar\\\/f235a6769909b7357e271e7b95d7f24ff1268d2236b0a381c02f83a6368721f1?s=96&d=mm&r=g\",\"contentUrl\":\"https:\\\/\\\/secure.gravatar.com\\\/avatar\\\/f235a6769909b7357e271e7b95d7f24ff1268d2236b0a381c02f83a6368721f1?s=96&d=mm&r=g\",\"caption\":\"adriana\"},\"url\":\"https:\\\/\\\/cebb.org.br\\\/fr\\\/author\\\/adriana\\\/\"}]}<\/script>\n<!-- \/ Yoast SEO plugin. -->","yoast_head_json":{"title":"Retiro | Vis\u00e3o, Medita\u00e7\u00e3o e A\u00e7\u00e3o com Lama Padma Samten - Centro de Estudos Budistas Bodisatva","robots":{"index":"index","follow":"follow","max-snippet":"max-snippet:-1","max-image-preview":"max-image-preview:large","max-video-preview":"max-video-preview:-1"},"canonical":"https:\/\/cebb.org.br\/fr\/retiro-com-lama-padma-samten\/","og_locale":"fr_FR","og_type":"article","og_title":"Retiro | Vis\u00e3o, Medita\u00e7\u00e3o e A\u00e7\u00e3o com Lama Padma Samten - Centro de Estudos Budistas Bodisatva","og_description":"27 de abril a 11 de maio de 2022","og_url":"https:\/\/cebb.org.br\/fr\/retiro-com-lama-padma-samten\/","og_site_name":"Centro de Estudos Budistas Bodisatva","article_publisher":"https:\/\/pt-br.facebook.com\/cebb108","article_published_time":"2022-05-01T13:50:53+00:00","article_modified_time":"2022-11-07T20:01:02+00:00","og_image":[{"width":2000,"height":1334,"url":"https:\/\/cebb.org.br\/wp-content\/uploads\/2000\/04\/51870952337_37bde8d8e2_o.jpg","type":"image\/jpeg"}],"author":"adriana","twitter_card":"summary_large_image","twitter_misc":{"\u00c9crit par":"adriana","Dur\u00e9e de lecture estim\u00e9e":"3 minutes"},"schema":{"@context":"https:\/\/schema.org","@graph":[{"@type":"Article","@id":"https:\/\/cebb.org.br\/en\/retiro-com-lama-padma-samten\/#article","isPartOf":{"@id":"https:\/\/cebb.org.br\/en\/retiro-com-lama-padma-samten\/"},"author":{"name":"adriana","@id":"https:\/\/cebb.org.br\/#\/schema\/person\/2943f7434cfdce8a50054bcca9da418e"},"headline":"Retiro | Vis\u00e3o, Medita\u00e7\u00e3o e A\u00e7\u00e3o com Lama Padma Samten","datePublished":"2022-05-01T13:50:53+00:00","dateModified":"2022-11-07T20:01:02+00:00","mainEntityOfPage":{"@id":"https:\/\/cebb.org.br\/en\/retiro-com-lama-padma-samten\/"},"wordCount":538,"publisher":{"@id":"https:\/\/cebb.org.br\/#organization"},"image":{"@id":"https:\/\/cebb.org.br\/en\/retiro-com-lama-padma-samten\/#primaryimage"},"thumbnailUrl":"https:\/\/cebb.org.br\/wp-content\/uploads\/2000\/04\/51870952337_37bde8d8e2_o.jpg","articleSection":["Eventos Passados","Treinamento em vis\u00e3o e medita\u00e7\u00e3o"],"inLanguage":"fr-FR"},{"@type":"WebPage","@id":"https:\/\/cebb.org.br\/en\/retiro-com-lama-padma-samten\/","url":"https:\/\/cebb.org.br\/en\/retiro-com-lama-padma-samten\/","name":"Retiro | Vis\u00e3o, Medita\u00e7\u00e3o e A\u00e7\u00e3o com Lama Padma Samten - Centro de Estudos Budistas Bodisatva","isPartOf":{"@id":"https:\/\/cebb.org.br\/#website"},"primaryImageOfPage":{"@id":"https:\/\/cebb.org.br\/en\/retiro-com-lama-padma-samten\/#primaryimage"},"image":{"@id":"https:\/\/cebb.org.br\/en\/retiro-com-lama-padma-samten\/#primaryimage"},"thumbnailUrl":"https:\/\/cebb.org.br\/wp-content\/uploads\/2000\/04\/51870952337_37bde8d8e2_o.jpg","datePublished":"2022-05-01T13:50:53+00:00","dateModified":"2022-11-07T20:01:02+00:00","breadcrumb":{"@id":"https:\/\/cebb.org.br\/en\/retiro-com-lama-padma-samten\/#breadcrumb"},"inLanguage":"fr-FR","potentialAction":[{"@type":"ReadAction","target":["https:\/\/cebb.org.br\/en\/retiro-com-lama-padma-samten\/"]}]},{"@type":"ImageObject","inLanguage":"fr-FR","@id":"https:\/\/cebb.org.br\/en\/retiro-com-lama-padma-samten\/#primaryimage","url":"https:\/\/cebb.org.br\/wp-content\/uploads\/2000\/04\/51870952337_37bde8d8e2_o.jpg","contentUrl":"https:\/\/cebb.org.br\/wp-content\/uploads\/2000\/04\/51870952337_37bde8d8e2_o.jpg","width":2000,"height":1334},{"@type":"BreadcrumbList","@id":"https:\/\/cebb.org.br\/en\/retiro-com-lama-padma-samten\/#breadcrumb","itemListElement":[{"@type":"ListItem","position":1,"name":"Home","item":"https:\/\/cebb.org.br\/"},{"@type":"ListItem","position":2,"name":"Retiro | Vis\u00e3o, Medita\u00e7\u00e3o e A\u00e7\u00e3o com Lama Padma Samten"}]},{"@type":"WebSite","@id":"https:\/\/cebb.org.br\/#website","url":"https:\/\/cebb.org.br\/","name":"Centre d\u2019\u00c9tudes Bouddhistes Bodisatva (CEBB)","description":"Budismo, medita\u00e7\u00e3o e cultura de paz | Lama Padma Samten","publisher":{"@id":"https:\/\/cebb.org.br\/#organization"},"potentialAction":[{"@type":"SearchAction","target":{"@type":"EntryPoint","urlTemplate":"https:\/\/cebb.org.br\/?s={search_term_string}"},"query-input":{"@type":"PropertyValueSpecification","valueRequired":true,"valueName":"search_term_string"}}],"inLanguage":"fr-FR"},{"@type":"Organization","@id":"https:\/\/cebb.org.br\/#organization","name":"Centre d\u2019\u00c9tudes Bouddhistes Bodisatva (CEBB)","url":"https:\/\/cebb.org.br\/","logo":{"@type":"ImageObject","inLanguage":"fr-FR","@id":"https:\/\/cebb.org.br\/#\/schema\/logo\/image\/","url":"http:\/\/18.230.164.79\/wp-content\/uploads\/2011\/03\/logosalvador-peq-e1660064979551.jpg","contentUrl":"http:\/\/18.230.164.79\/wp-content\/uploads\/2011\/03\/logosalvador-peq-e1660064979551.jpg","width":280,"height":231,"caption":"Centro de Estudos Budistas Bodisatva"},"image":{"@id":"https:\/\/cebb.org.br\/#\/schema\/logo\/image\/"},"sameAs":["https:\/\/pt-br.facebook.com\/cebb108","https:\/\/www.instagram.com\/cebbcaminhodomeio\/"]},{"@type":"Person","@id":"https:\/\/cebb.org.br\/#\/schema\/person\/2943f7434cfdce8a50054bcca9da418e","name":"adriana","image":{"@type":"ImageObject","inLanguage":"fr-FR","@id":"https:\/\/secure.gravatar.com\/avatar\/f235a6769909b7357e271e7b95d7f24ff1268d2236b0a381c02f83a6368721f1?s=96&d=mm&r=g","url":"https:\/\/secure.gravatar.com\/avatar\/f235a6769909b7357e271e7b95d7f24ff1268d2236b0a381c02f83a6368721f1?s=96&d=mm&r=g","contentUrl":"https:\/\/secure.gravatar.com\/avatar\/f235a6769909b7357e271e7b95d7f24ff1268d2236b0a381c02f83a6368721f1?s=96&d=mm&r=g","caption":"adriana"},"url":"https:\/\/cebb.org.br\/fr\/author\/adriana\/"}]}},"_links":{"self":[{"href":"https:\/\/cebb.org.br\/fr\/wp-json\/wp\/v2\/posts\/88855","targetHints":{"allow":["GET"]}}],"collection":[{"href":"https:\/\/cebb.org.br\/fr\/wp-json\/wp\/v2\/posts"}],"about":[{"href":"https:\/\/cebb.org.br\/fr\/wp-json\/wp\/v2\/types\/post"}],"author":[{"embeddable":true,"href":"https:\/\/cebb.org.br\/fr\/wp-json\/wp\/v2\/users\/4"}],"replies":[{"embeddable":true,"href":"https:\/\/cebb.org.br\/fr\/wp-json\/wp\/v2\/comments?post=88855"}],"version-history":[{"count":2,"href":"https:\/\/cebb.org.br\/fr\/wp-json\/wp\/v2\/posts\/88855\/revisions"}],"predecessor-version":[{"id":93447,"href":"https:\/\/cebb.org.br\/fr\/wp-json\/wp\/v2\/posts\/88855\/revisions\/93447"}],"wp:featuredmedia":[{"embeddable":true,"href":"https:\/\/cebb.org.br\/fr\/wp-json\/wp\/v2\/media\/89040"}],"wp:attachment":[{"href":"https:\/\/cebb.org.br\/fr\/wp-json\/wp\/v2\/media?parent=88855"}],"wp:term":[{"taxonomy":"category","embeddable":true,"href":"https:\/\/cebb.org.br\/fr\/wp-json\/wp\/v2\/categories?post=88855"},{"taxonomy":"post_tag","embeddable":true,"href":"https:\/\/cebb.org.br\/fr\/wp-json\/wp\/v2\/tags?post=88855"}],"curies":[{"name":"wp","href":"https:\/\/api.w.org\/{rel}","templated":true}]}}