{"id":9118,"date":"2014-02-03T17:09:14","date_gmt":"2014-02-03T19:09:14","guid":{"rendered":"http:\/\/www.cebb.org.br\/?p=9118"},"modified":"2014-02-03T17:09:14","modified_gmt":"2014-02-03T19:09:14","slug":"apresentacao-da-proposta-pedagogica-da-escola-vila-verde-alto-paraiso","status":"publish","type":"post","link":"https:\/\/cebb.org.br\/fr\/apresentacao-da-proposta-pedagogica-da-escola-vila-verde-alto-paraiso\/","title":{"rendered":"Apresenta\u00e7\u00e3o da Proposta Pedag\u00f3gica para a Escola Vila Verde"},"content":{"rendered":"<p>Convidamos pais e comunidade para conhecerem a proposta pedag\u00f3gica de 2014 para a Escola Vila Verde<!--more--><br \/>\n&#8220;Estamos todos imersos em um processo pedag\u00f3gico muito claro. Quando estabelecemos rela\u00e7\u00f5es ben\u00e9ficas conosco, com os seres ao nosso redor, com a coletividade humana e com a coletividade da biosfera, n\u00f3s nos alegramos e somos naturalmente protegidos.<br \/>\nQuando fazemos o contr\u00e1rio, adoecemos, nossa vida encurta, enfrentamos dificuldades de todas as ordens. Se apenas observarmos isto, teremos uma li\u00e7\u00e3o importante, sempre igual, e que, se aprendida, nos levar\u00e1 a uma experi\u00eancia de vida muito mais satisfat\u00f3ria.<br \/>\nNeste sentido a vida nos propicia ensinamentos o tempo todo. Estamos em um ambiente elevado e protegidos por estes referenciais incessantes.<br \/>\nObservem isto, vivam a luz disso e estaremos todos construindo uma experi\u00eancia conjunta de terra pura de eleva\u00e7\u00e3o e felicidade em meio a nossa vida passageira neste planeta azul t\u00e3o raro.&#8221;Lama Padma Samten<br \/>\n<strong>Apresenta\u00e7\u00e3o da Proposta Pedag\u00f3gica da Escola Vila Verde &#8211; Alto Para\u00edso<br \/>\nData: 06\/02<br \/>\nHor\u00e1rio: 17 horas<br \/>\nLocal: Escola Vila Verde<\/strong><\/p>","protected":false},"excerpt":{"rendered":"<p>Convidamos pais e comunidade para conhecerem a proposta pedag\u00f3gica de 2014 para a Escola Vila Verde<\/p>","protected":false},"author":114,"featured_media":9119,"comment_status":"open","ping_status":"open","sticky":false,"template":"","format":"standard","meta":{"footnotes":""},"categories":[364],"tags":[],"class_list":["post-9118","post","type-post","status-publish","format-standard","has-post-thumbnail","hentry","category-treinamento"],"yoast_head":"<!-- This site is optimized with the Yoast SEO plugin v27.5 - https:\/\/yoast.com\/product\/yoast-seo-wordpress\/ -->\n<title>Apresenta\u00e7\u00e3o da Proposta Pedag\u00f3gica para a Escola Vila Verde - Centro de Estudos Budistas Bodisatva<\/title>\n<meta name=\"robots\" content=\"index, follow, max-snippet:-1, max-image-preview:large, max-video-preview:-1\" \/>\n<link rel=\"canonical\" href=\"https:\/\/cebb.org.br\/fr\/apresentacao-da-proposta-pedagogica-da-escola-vila-verde-alto-paraiso\/\" \/>\n<meta property=\"og:locale\" content=\"fr_FR\" \/>\n<meta property=\"og:type\" content=\"article\" \/>\n<meta property=\"og:title\" content=\"Apresenta\u00e7\u00e3o da Proposta Pedag\u00f3gica para a Escola Vila Verde - Centro de Estudos Budistas Bodisatva\" \/>\n<meta property=\"og:description\" content=\"Convidamos pais e comunidade para conhecerem a proposta pedag\u00f3gica de 2014 para a Escola Vila Verde\" \/>\n<meta property=\"og:url\" content=\"https:\/\/cebb.org.br\/fr\/apresentacao-da-proposta-pedagogica-da-escola-vila-verde-alto-paraiso\/\" \/>\n<meta property=\"og:site_name\" content=\"Centro de Estudos Budistas Bodisatva\" \/>\n<meta property=\"article:publisher\" content=\"https:\/\/pt-br.facebook.com\/cebb108\" \/>\n<meta property=\"article:published_time\" content=\"2014-02-03T19:09:14+00:00\" \/>\n<meta property=\"og:image\" content=\"https:\/\/cebb.org.br\/wp-content\/uploads\/2014\/02\/IMG_5718.jpg\" \/>\n\t<meta property=\"og:image:width\" content=\"1200\" \/>\n\t<meta property=\"og:image:height\" content=\"900\" \/>\n\t<meta property=\"og:image:type\" content=\"image\/jpeg\" \/>\n<meta name=\"twitter:card\" content=\"summary_large_image\" \/>\n<meta name=\"twitter:label1\" content=\"\u00c9crit par\" \/>\n\t<meta name=\"twitter:data1\" content=\"\" \/>\n\t<meta name=\"twitter:label2\" content=\"Dur\u00e9e de lecture estim\u00e9e\" \/>\n\t<meta name=\"twitter:data2\" content=\"1 minute\" \/>\n<script type=\"application\/ld+json\" class=\"yoast-schema-graph\">{\"@context\":\"https:\\\/\\\/schema.org\",\"@graph\":[{\"@type\":\"Article\",\"@id\":\"https:\\\/\\\/cebb.org.br\\\/apresentacao-da-proposta-pedagogica-da-escola-vila-verde-alto-paraiso\\\/#article\",\"isPartOf\":{\"@id\":\"https:\\\/\\\/cebb.org.br\\\/apresentacao-da-proposta-pedagogica-da-escola-vila-verde-alto-paraiso\\\/\"},\"author\":{\"name\":\"\",\"@id\":\"\"},\"headline\":\"Apresenta\u00e7\u00e3o da Proposta Pedag\u00f3gica para a Escola Vila Verde\",\"datePublished\":\"2014-02-03T19:09:14+00:00\",\"mainEntityOfPage\":{\"@id\":\"https:\\\/\\\/cebb.org.br\\\/apresentacao-da-proposta-pedagogica-da-escola-vila-verde-alto-paraiso\\\/\"},\"wordCount\":190,\"commentCount\":0,\"publisher\":{\"@id\":\"https:\\\/\\\/cebb.org.br\\\/#organization\"},\"image\":{\"@id\":\"https:\\\/\\\/cebb.org.br\\\/apresentacao-da-proposta-pedagogica-da-escola-vila-verde-alto-paraiso\\\/#primaryimage\"},\"thumbnailUrl\":\"https:\\\/\\\/cebb.org.br\\\/wp-content\\\/uploads\\\/2014\\\/02\\\/IMG_5718.jpg\",\"articleSection\":[\"Treinamento em vis\u00e3o e medita\u00e7\u00e3o\"],\"inLanguage\":\"fr-FR\",\"potentialAction\":[{\"@type\":\"CommentAction\",\"name\":\"Comment\",\"target\":[\"https:\\\/\\\/cebb.org.br\\\/apresentacao-da-proposta-pedagogica-da-escola-vila-verde-alto-paraiso\\\/#respond\"]}]},{\"@type\":\"WebPage\",\"@id\":\"https:\\\/\\\/cebb.org.br\\\/apresentacao-da-proposta-pedagogica-da-escola-vila-verde-alto-paraiso\\\/\",\"url\":\"https:\\\/\\\/cebb.org.br\\\/apresentacao-da-proposta-pedagogica-da-escola-vila-verde-alto-paraiso\\\/\",\"name\":\"Apresenta\u00e7\u00e3o da Proposta Pedag\u00f3gica para a Escola Vila Verde - Centro de Estudos Budistas Bodisatva\",\"isPartOf\":{\"@id\":\"https:\\\/\\\/cebb.org.br\\\/#website\"},\"primaryImageOfPage\":{\"@id\":\"https:\\\/\\\/cebb.org.br\\\/apresentacao-da-proposta-pedagogica-da-escola-vila-verde-alto-paraiso\\\/#primaryimage\"},\"image\":{\"@id\":\"https:\\\/\\\/cebb.org.br\\\/apresentacao-da-proposta-pedagogica-da-escola-vila-verde-alto-paraiso\\\/#primaryimage\"},\"thumbnailUrl\":\"https:\\\/\\\/cebb.org.br\\\/wp-content\\\/uploads\\\/2014\\\/02\\\/IMG_5718.jpg\",\"datePublished\":\"2014-02-03T19:09:14+00:00\",\"breadcrumb\":{\"@id\":\"https:\\\/\\\/cebb.org.br\\\/apresentacao-da-proposta-pedagogica-da-escola-vila-verde-alto-paraiso\\\/#breadcrumb\"},\"inLanguage\":\"fr-FR\",\"potentialAction\":[{\"@type\":\"ReadAction\",\"target\":[\"https:\\\/\\\/cebb.org.br\\\/apresentacao-da-proposta-pedagogica-da-escola-vila-verde-alto-paraiso\\\/\"]}]},{\"@type\":\"ImageObject\",\"inLanguage\":\"fr-FR\",\"@id\":\"https:\\\/\\\/cebb.org.br\\\/apresentacao-da-proposta-pedagogica-da-escola-vila-verde-alto-paraiso\\\/#primaryimage\",\"url\":\"https:\\\/\\\/cebb.org.br\\\/wp-content\\\/uploads\\\/2014\\\/02\\\/IMG_5718.jpg\",\"contentUrl\":\"https:\\\/\\\/cebb.org.br\\\/wp-content\\\/uploads\\\/2014\\\/02\\\/IMG_5718.jpg\",\"width\":1200,\"height\":900},{\"@type\":\"BreadcrumbList\",\"@id\":\"https:\\\/\\\/cebb.org.br\\\/apresentacao-da-proposta-pedagogica-da-escola-vila-verde-alto-paraiso\\\/#breadcrumb\",\"itemListElement\":[{\"@type\":\"ListItem\",\"position\":1,\"name\":\"Home\",\"item\":\"https:\\\/\\\/cebb.org.br\\\/\"},{\"@type\":\"ListItem\",\"position\":2,\"name\":\"Apresenta\u00e7\u00e3o da Proposta Pedag\u00f3gica para a Escola Vila Verde\"}]},{\"@type\":\"WebSite\",\"@id\":\"https:\\\/\\\/cebb.org.br\\\/#website\",\"url\":\"https:\\\/\\\/cebb.org.br\\\/\",\"name\":\"Centro de Estudos Budistas Bodisatva\",\"description\":\"Budismo, medita\u00e7\u00e3o e cultura de paz | Lama Padma Samten\",\"publisher\":{\"@id\":\"https:\\\/\\\/cebb.org.br\\\/#organization\"},\"potentialAction\":[{\"@type\":\"SearchAction\",\"target\":{\"@type\":\"EntryPoint\",\"urlTemplate\":\"https:\\\/\\\/cebb.org.br\\\/?s={search_term_string}\"},\"query-input\":{\"@type\":\"PropertyValueSpecification\",\"valueRequired\":true,\"valueName\":\"search_term_string\"}}],\"inLanguage\":\"fr-FR\"},{\"@type\":\"Organization\",\"@id\":\"https:\\\/\\\/cebb.org.br\\\/#organization\",\"name\":\"Centro de Estudos Budistas Bodisatva\",\"url\":\"https:\\\/\\\/cebb.org.br\\\/\",\"logo\":{\"@type\":\"ImageObject\",\"inLanguage\":\"fr-FR\",\"@id\":\"https:\\\/\\\/cebb.org.br\\\/#\\\/schema\\\/logo\\\/image\\\/\",\"url\":\"http:\\\/\\\/18.230.164.79\\\/wp-content\\\/uploads\\\/2011\\\/03\\\/logosalvador-peq-e1660064979551.jpg\",\"contentUrl\":\"http:\\\/\\\/18.230.164.79\\\/wp-content\\\/uploads\\\/2011\\\/03\\\/logosalvador-peq-e1660064979551.jpg\",\"width\":280,\"height\":231,\"caption\":\"Centro de Estudos Budistas Bodisatva\"},\"image\":{\"@id\":\"https:\\\/\\\/cebb.org.br\\\/#\\\/schema\\\/logo\\\/image\\\/\"},\"sameAs\":[\"https:\\\/\\\/pt-br.facebook.com\\\/cebb108\",\"https:\\\/\\\/www.instagram.com\\\/cebbcaminhodomeio\\\/\"]},{\"@type\":\"Person\",\"@id\":\"\",\"url\":\"https:\\\/\\\/cebb.org.br\\\/fr\\\/author\\\/\"}]}<\/script>\n<!-- \/ Yoast SEO plugin. -->","yoast_head_json":{"title":"Apresenta\u00e7\u00e3o da Proposta Pedag\u00f3gica para a Escola Vila Verde - Centro de Estudos Budistas Bodisatva","robots":{"index":"index","follow":"follow","max-snippet":"max-snippet:-1","max-image-preview":"max-image-preview:large","max-video-preview":"max-video-preview:-1"},"canonical":"https:\/\/cebb.org.br\/fr\/apresentacao-da-proposta-pedagogica-da-escola-vila-verde-alto-paraiso\/","og_locale":"fr_FR","og_type":"article","og_title":"Apresenta\u00e7\u00e3o da Proposta Pedag\u00f3gica para a Escola Vila Verde - Centro de Estudos Budistas Bodisatva","og_description":"Convidamos pais e comunidade para conhecerem a proposta pedag\u00f3gica de 2014 para a Escola Vila Verde","og_url":"https:\/\/cebb.org.br\/fr\/apresentacao-da-proposta-pedagogica-da-escola-vila-verde-alto-paraiso\/","og_site_name":"Centro de Estudos Budistas Bodisatva","article_publisher":"https:\/\/pt-br.facebook.com\/cebb108","article_published_time":"2014-02-03T19:09:14+00:00","og_image":[{"width":1200,"height":900,"url":"https:\/\/cebb.org.br\/wp-content\/uploads\/2014\/02\/IMG_5718.jpg","type":"image\/jpeg"}],"twitter_card":"summary_large_image","twitter_misc":{"\u00c9crit par":"","Dur\u00e9e de lecture estim\u00e9e":"1 minute"},"schema":{"@context":"https:\/\/schema.org","@graph":[{"@type":"Article","@id":"https:\/\/cebb.org.br\/apresentacao-da-proposta-pedagogica-da-escola-vila-verde-alto-paraiso\/#article","isPartOf":{"@id":"https:\/\/cebb.org.br\/apresentacao-da-proposta-pedagogica-da-escola-vila-verde-alto-paraiso\/"},"author":{"name":"","@id":""},"headline":"Apresenta\u00e7\u00e3o da Proposta Pedag\u00f3gica para a Escola Vila Verde","datePublished":"2014-02-03T19:09:14+00:00","mainEntityOfPage":{"@id":"https:\/\/cebb.org.br\/apresentacao-da-proposta-pedagogica-da-escola-vila-verde-alto-paraiso\/"},"wordCount":190,"commentCount":0,"publisher":{"@id":"https:\/\/cebb.org.br\/#organization"},"image":{"@id":"https:\/\/cebb.org.br\/apresentacao-da-proposta-pedagogica-da-escola-vila-verde-alto-paraiso\/#primaryimage"},"thumbnailUrl":"https:\/\/cebb.org.br\/wp-content\/uploads\/2014\/02\/IMG_5718.jpg","articleSection":["Treinamento em vis\u00e3o e medita\u00e7\u00e3o"],"inLanguage":"fr-FR","potentialAction":[{"@type":"CommentAction","name":"Comment","target":["https:\/\/cebb.org.br\/apresentacao-da-proposta-pedagogica-da-escola-vila-verde-alto-paraiso\/#respond"]}]},{"@type":"WebPage","@id":"https:\/\/cebb.org.br\/apresentacao-da-proposta-pedagogica-da-escola-vila-verde-alto-paraiso\/","url":"https:\/\/cebb.org.br\/apresentacao-da-proposta-pedagogica-da-escola-vila-verde-alto-paraiso\/","name":"Apresenta\u00e7\u00e3o da Proposta Pedag\u00f3gica para a Escola Vila Verde - Centro de Estudos Budistas Bodisatva","isPartOf":{"@id":"https:\/\/cebb.org.br\/#website"},"primaryImageOfPage":{"@id":"https:\/\/cebb.org.br\/apresentacao-da-proposta-pedagogica-da-escola-vila-verde-alto-paraiso\/#primaryimage"},"image":{"@id":"https:\/\/cebb.org.br\/apresentacao-da-proposta-pedagogica-da-escola-vila-verde-alto-paraiso\/#primaryimage"},"thumbnailUrl":"https:\/\/cebb.org.br\/wp-content\/uploads\/2014\/02\/IMG_5718.jpg","datePublished":"2014-02-03T19:09:14+00:00","breadcrumb":{"@id":"https:\/\/cebb.org.br\/apresentacao-da-proposta-pedagogica-da-escola-vila-verde-alto-paraiso\/#breadcrumb"},"inLanguage":"fr-FR","potentialAction":[{"@type":"ReadAction","target":["https:\/\/cebb.org.br\/apresentacao-da-proposta-pedagogica-da-escola-vila-verde-alto-paraiso\/"]}]},{"@type":"ImageObject","inLanguage":"fr-FR","@id":"https:\/\/cebb.org.br\/apresentacao-da-proposta-pedagogica-da-escola-vila-verde-alto-paraiso\/#primaryimage","url":"https:\/\/cebb.org.br\/wp-content\/uploads\/2014\/02\/IMG_5718.jpg","contentUrl":"https:\/\/cebb.org.br\/wp-content\/uploads\/2014\/02\/IMG_5718.jpg","width":1200,"height":900},{"@type":"BreadcrumbList","@id":"https:\/\/cebb.org.br\/apresentacao-da-proposta-pedagogica-da-escola-vila-verde-alto-paraiso\/#breadcrumb","itemListElement":[{"@type":"ListItem","position":1,"name":"Home","item":"https:\/\/cebb.org.br\/"},{"@type":"ListItem","position":2,"name":"Apresenta\u00e7\u00e3o da Proposta Pedag\u00f3gica para a Escola Vila Verde"}]},{"@type":"WebSite","@id":"https:\/\/cebb.org.br\/#website","url":"https:\/\/cebb.org.br\/","name":"Centre d\u2019\u00c9tudes Bouddhistes Bodisatva (CEBB)","description":"Budismo, medita\u00e7\u00e3o e cultura de paz | Lama Padma Samten","publisher":{"@id":"https:\/\/cebb.org.br\/#organization"},"potentialAction":[{"@type":"SearchAction","target":{"@type":"EntryPoint","urlTemplate":"https:\/\/cebb.org.br\/?s={search_term_string}"},"query-input":{"@type":"PropertyValueSpecification","valueRequired":true,"valueName":"search_term_string"}}],"inLanguage":"fr-FR"},{"@type":"Organization","@id":"https:\/\/cebb.org.br\/#organization","name":"Centre d\u2019\u00c9tudes Bouddhistes Bodisatva (CEBB)","url":"https:\/\/cebb.org.br\/","logo":{"@type":"ImageObject","inLanguage":"fr-FR","@id":"https:\/\/cebb.org.br\/#\/schema\/logo\/image\/","url":"http:\/\/18.230.164.79\/wp-content\/uploads\/2011\/03\/logosalvador-peq-e1660064979551.jpg","contentUrl":"http:\/\/18.230.164.79\/wp-content\/uploads\/2011\/03\/logosalvador-peq-e1660064979551.jpg","width":280,"height":231,"caption":"Centro de Estudos Budistas Bodisatva"},"image":{"@id":"https:\/\/cebb.org.br\/#\/schema\/logo\/image\/"},"sameAs":["https:\/\/pt-br.facebook.com\/cebb108","https:\/\/www.instagram.com\/cebbcaminhodomeio\/"]},{"@type":"Person","@id":"","url":"https:\/\/cebb.org.br\/fr\/author\/"}]}},"_links":{"self":[{"href":"https:\/\/cebb.org.br\/fr\/wp-json\/wp\/v2\/posts\/9118","targetHints":{"allow":["GET"]}}],"collection":[{"href":"https:\/\/cebb.org.br\/fr\/wp-json\/wp\/v2\/posts"}],"about":[{"href":"https:\/\/cebb.org.br\/fr\/wp-json\/wp\/v2\/types\/post"}],"author":[{"embeddable":true,"href":"https:\/\/cebb.org.br\/fr\/wp-json\/wp\/v2\/users\/114"}],"replies":[{"embeddable":true,"href":"https:\/\/cebb.org.br\/fr\/wp-json\/wp\/v2\/comments?post=9118"}],"version-history":[{"count":0,"href":"https:\/\/cebb.org.br\/fr\/wp-json\/wp\/v2\/posts\/9118\/revisions"}],"wp:featuredmedia":[{"embeddable":true,"href":"https:\/\/cebb.org.br\/fr\/wp-json\/wp\/v2\/media\/9119"}],"wp:attachment":[{"href":"https:\/\/cebb.org.br\/fr\/wp-json\/wp\/v2\/media?parent=9118"}],"wp:term":[{"taxonomy":"category","embeddable":true,"href":"https:\/\/cebb.org.br\/fr\/wp-json\/wp\/v2\/categories?post=9118"},{"taxonomy":"post_tag","embeddable":true,"href":"https:\/\/cebb.org.br\/fr\/wp-json\/wp\/v2\/tags?post=9118"}],"curies":[{"name":"wp","href":"https:\/\/api.w.org\/{rel}","templated":true}]}}